{"id":28828,"date":"2023-01-11T15:39:22","date_gmt":"2023-01-11T11:39:22","guid":{"rendered":"https:\/\/infonews.az\/?p=28828"},"modified":"2023-01-11T22:42:45","modified_gmt":"2023-01-11T18:42:45","slug":"abseron-milli-parkinda-dunya-qoruqlar-v%c9%99-milli-parklar-gunu-qeyd-olunub","status":"publish","type":"post","link":"https:\/\/infonews.az\/?p=28828","title":{"rendered":"Ab\u015feron Milli Park\u0131nda \u201cD\u00fcnya Qoruqlar v\u0259 Milli Parklar G\u00fcn\u00fc\u201d qeyd olunub"},"content":{"rendered":"<p><span style=\"color: #ffffff;\">Ab\u015feron Milli Park\u0131nda \u201cD\u00fcnya Qoruqlar v\u0259 Milli Parklar G\u00fcn\u00fc\u201d qeyd olunub<\/span><\/p>\n<blockquote>\n<div><span style=\"color: #000000;\">11 yanvar \u201cD\u00fcnya Qoruqlar v\u0259 Milli Parklar G\u00fcn\u00fc\u201d il\u0259 \u0259laq\u0259dar bu g\u00fcn Ab\u015feron Milli Park\u0131nda Az\u0259rbaycan Fotoqraflar Birliyinin \u00fczvl\u0259ri \u00fc\u00e7\u00fcn \u201c\u015eah Dili fotoyadda\u015fda\u201d adl\u0131 fototur t\u0259\u015fkil olunub.<\/span><\/div>\n<\/blockquote>\n<div><span style=\"color: #000000;\">Ekologiya v\u0259 T\u0259bii S\u0259rv\u0259tl\u0259r Nazirliyind\u0259n <a href=\"https:\/\/infonews.az\/\"><span style=\"color: #000080;\"><strong>&#8220;\u0130NFONEWS&#8221;<\/strong><\/span><\/a>-a veril\u0259n m\u0259lumata g\u00f6r\u0259, pe\u015f\u0259kar fotoqraflardan ibar\u0259t qrup Ab\u015feron yar\u0131madas\u0131n\u0131n c\u0259nub-\u015f\u0259rq qurtaraca\u011f\u0131nda, \u015eah Dili adlanan \u0259razid\u0259 yerl\u0259\u015f\u0259n v\u0259 \u00fc\u00e7 t\u0259r\u0259fd\u0259n d\u0259nizl\u0259 \u0259hat\u0259 olunan milli park\u0131n f\u00fcsunkar t\u0259bi\u0259tini, sahilboyu \u0259razid\u0259 m\u0259skunla\u015fm\u0131\u015f qu\u015flar\u0131 m\u00fc\u015fahid\u0259 edib, fotokameralar il\u0259 z\u0259rif flaminqolar\u0131n v\u0259 dig\u0259r qu\u015flar\u0131n ecazkar g\u00f6r\u00fcnt\u00fcl\u0259rini, el\u0259c\u0259 d\u0259 yar\u0131madan\u0131n c\u0259nub-\u015f\u0259rq n\u00f6qt\u0259sini X\u0259z\u0259rl\u0259 birl\u0259\u015fdir\u0259n \u015eah Dilini lent\u0259 al\u0131blar.<\/span><\/div>\n<div><\/div>\n<div><span style=\"color: #000000;\">Fotoqraflara milli park\u0131n \u0259razisi, flora v\u0259 faunas\u0131 haqq\u0131nda, qu\u015flar\u0131n miqrasiya m\u00f6vs\u00fcm\u00fc bar\u0259d\u0259 m\u0259lumatlar verilib. Fototur \u015eah Dili g\u0259zintisi il\u0259 ba\u015fa \u00e7at\u0131b.<\/span><\/div>\n","protected":false},"excerpt":{"rendered":"<p>Ab\u015feron Milli Park\u0131nda \u201cD\u00fcnya Qoruqlar v\u0259 Milli Parklar G\u00fcn\u00fc\u201d qeyd olunub 11 yanvar \u201cD\u00fcnya Qoruqlar v\u0259 Milli Parklar G\u00fcn\u00fc\u201d il\u0259 \u0259laq\u0259dar bu g\u00fcn Ab\u015feron Milli Park\u0131nda Az\u0259rbaycan Fotoqraflar Birliyinin \u00fczvl\u0259ri&hellip; <\/p>\n","protected":false},"author":3,"featured_media":28829,"comment_status":"open","ping_status":"open","sticky":false,"template":"","format":"standard","meta":{"_mi_skip_tracking":false,"_monsterinsights_sitenote_active":false,"_monsterinsights_sitenote_note":"","_monsterinsights_sitenote_category":0,"footnotes":""},"categories":[7990,11],"tags":[9601,9602,371],"aioseo_notices":[],"_links":{"self":[{"href":"https:\/\/infonews.az\/index.php?rest_route=\/wp\/v2\/posts\/28828"}],"collection":[{"href":"https:\/\/infonews.az\/index.php?rest_route=\/wp\/v2\/posts"}],"about":[{"href":"https:\/\/infonews.az\/index.php?rest_route=\/wp\/v2\/types\/post"}],"author":[{"embeddable":true,"href":"https:\/\/infonews.az\/index.php?rest_route=\/wp\/v2\/users\/3"}],"replies":[{"embeddable":true,"href":"https:\/\/infonews.az\/index.php?rest_route=%2Fwp%2Fv2%2Fcomments&post=28828"}],"version-history":[{"count":1,"href":"https:\/\/infonews.az\/index.php?rest_route=\/wp\/v2\/posts\/28828\/revisions"}],"predecessor-version":[{"id":28830,"href":"https:\/\/infonews.az\/index.php?rest_route=\/wp\/v2\/posts\/28828\/revisions\/28830"}],"wp:featuredmedia":[{"embeddable":true,"href":"https:\/\/infonews.az\/index.php?rest_route=\/wp\/v2\/media\/28829"}],"wp:attachment":[{"href":"https:\/\/infonews.az\/index.php?rest_route=%2Fwp%2Fv2%2Fmedia&parent=28828"}],"wp:term":[{"taxonomy":"category","embeddable":true,"href":"https:\/\/infonews.az\/index.php?rest_route=%2Fwp%2Fv2%2Fcategories&post=28828"},{"taxonomy":"post_tag","embeddable":true,"href":"https:\/\/infonews.az\/index.php?rest_route=%2Fwp%2Fv2%2Ftags&post=28828"}],"curies":[{"name":"wp","href":"https:\/\/api.w.org\/{rel}","templated":true}]}}