{"id":28842,"date":"2023-01-11T16:56:04","date_gmt":"2023-01-11T12:56:04","guid":{"rendered":"https:\/\/infonews.az\/?p=28842"},"modified":"2023-01-11T22:59:44","modified_gmt":"2023-01-11T18:59:44","slug":"bas-q%c9%99rargah-r%c9%99isi-h%c9%99rbi-institutda-olub","status":"publish","type":"post","link":"https:\/\/infonews.az\/?p=28842","title":{"rendered":"Ba\u015f Q\u0259rargah r\u0259isi H\u0259rbi \u0130nstitutda olub"},"content":{"rendered":"<p><span style=\"color: #ffffff;\">Ba\u015f Q\u0259rargah r\u0259isi H\u0259rbi \u0130nstitutda olub<\/span><\/p>\n<blockquote><p><span style=\"color: #000000;\">Yanvar\u0131n 11-d\u0259 m\u00fcdafi\u0259 nazirinin birinci m\u00fcavini \u2013 Az\u0259rbaycan Ordusunun Ba\u015f Q\u0259rargah r\u0259isi general-polkovnik K\u0259rim V\u0259liyev Heyd\u0259r \u018fliyev ad\u0131na H\u0259rbi \u0130nstitutda olub.<\/span><\/p><\/blockquote>\n<p><span style=\"color: #000000;\">Bu bar\u0259d\u0259\u00a0<\/span><strong><a href=\"https:\/\/infonews.az\/\">\u201c\u0130NFONEWS\u201d<\/a><\/strong><span style=\"color: #000000;\">-a M\u00fcdafi\u0259 Nazirliyind\u0259n m\u0259lumat verilib.<\/span><\/p>\n<p><span style=\"color: #000000;\">General-polkovnik K.V\u0259liyev semestr imtahanlar\u0131n\u0131n gedi\u015fini yoxlay\u0131b, h\u0259rbi institutun t\u0259dris-maddi bazas\u0131na bax\u0131\u015f ke\u00e7irib, elektron kitabxana, komp\u00fcter v\u0259 dig\u0259r sinif otaqlar\u0131nda yarad\u0131lan \u015f\u0259raitl\u0259 tan\u0131\u015f olub.<\/span><\/p>\n<p><span style=\"color: #000000;\">Ba\u015f Q\u0259rargah r\u0259isi \u015f\u0259xsi hey\u0259tl\u0259 g\u00f6r\u00fc\u015f\u0259r\u0259k onlar\u0131n qar\u015f\u0131s\u0131nda \u00e7\u0131x\u0131\u015f edib.<\/span><\/p>\n<p><span style=\"color: #000000;\">V\u0259t\u0259n m\u00fcharib\u0259sind\u0259 \u0259ld\u0259 edilmi\u015f q\u0259l\u0259b\u0259d\u0259n sonra b\u00f6lg\u0259d\u0259 yaranan v\u0259ziyy\u0259t, azad edilmi\u015f \u0259razil\u0259rd\u0259 h\u0259yata ke\u00e7iril\u0259n b\u0259rpa-quruculuq i\u015fl\u0259ri \u00e7\u0259r\u00e7iv\u0259sind\u0259 h\u0259rbi infrastrukturun geni\u015fl\u0259ndirilm\u0259si v\u0259 dig\u0259r m\u0259s\u0259l\u0259l\u0259r\u0259 toxunan general-polkovnik K.V\u0259liyev Az\u0259rbaycan Respublikas\u0131n\u0131n Prezidenti c\u0259nab \u0130lham \u018fliyevin son m\u00fcsahib\u0259sind\u0259 Az\u0259rbaycan Ordusu il\u0259 ba\u011fl\u0131 s\u0259sl\u0259ndirdiyi fikirl\u0259ri bir daha \u015f\u0259xsi hey\u0259t\u0259 \u00e7atd\u0131r\u0131b. O, Ali Ba\u015f Komandan\u0131n ist\u0259nil\u0259n \u0259mrini yerin\u0259 yetirm\u0259y\u0259 Ordumuzun h\u0259r an haz\u0131r oldu\u011funu bildir\u0259r\u0259k \u00f6lk\u0259mizin C\u0259nubi Qafqaz\u0131n \u0259n g\u00fccl\u00fc Ordusuna malik oldu\u011funu x\u00fcsusi vur\u011fulay\u0131b.<\/span><\/p>\n<p><span style=\"color: #000000;\">H\u0259rbi t\u0259hsil sah\u0259sind\u0259 qarda\u015f T\u00fcrkiy\u0259 v\u0259 d\u00fcnyan\u0131n dig\u0259r qabaqc\u0131l \u00f6lk\u0259l\u0259rinin t\u0259cr\u00fcb\u0259sind\u0259n yararlanma\u011f\u0131n vacibliyini qeyd ed\u0259n Ba\u015f Q\u0259rargah r\u0259isi g\u0259l\u0259c\u0259k zabitl\u0259rin pe\u015f\u0259kar komandir kimi yeti\u015fm\u0259si \u00fc\u00e7\u00fcn f\u0259rdi haz\u0131rl\u0131\u011fa x\u00fcsusi diqq\u0259t yetirilm\u0259sini, habel\u0259 bilik v\u0259 bacar\u0131qlar\u0131n\u0131n daim art\u0131r\u0131lmas\u0131n\u0131 t\u00f6vsiy\u0259 edib.<\/span><\/p>\n<p><span style=\"color: #000000;\">H\u0259rbi t\u0259hsil sah\u0259sind\u0259 islahatlar\u0131n davam etdiril\u0259c\u0259yini qeyd ed\u0259n general-polkovnik K.V\u0259liyev t\u0259lim v\u0259 t\u0259dris prosesinin daha keyfiyy\u0259tli t\u0259\u015fkili il\u0259 ba\u011fl\u0131 m\u00fcdafi\u0259 nazirinin tap\u015f\u0131r\u0131qlar\u0131n\u0131 aidiyy\u0259ti v\u0259zif\u0259li \u015f\u0259xsl\u0259r\u0259 \u00e7atd\u0131r\u0131b.<\/span><\/p>\n<div class=\"wonderplugin-video\" style=\"width:600px;height:400px;position:relative;display:block;background-color:#000;overflow:hidden;max-width:100%;margin:0 auto;\" data-aspectratio=\"1.5\"><iframe loading=\"lazy\" class=\"wpve-iframe\" width=\"100%\" height=\"100%\" src=\"https:\/\/www.youtube.com\/embed\/6SK4bcGK1W8\" frameborder=\"0\" allowfullscreen><\/iframe><\/div>\n","protected":false},"excerpt":{"rendered":"<p>Ba\u015f Q\u0259rargah r\u0259isi H\u0259rbi \u0130nstitutda olub Yanvar\u0131n 11-d\u0259 m\u00fcdafi\u0259 nazirinin birinci m\u00fcavini \u2013 Az\u0259rbaycan Ordusunun Ba\u015f Q\u0259rargah r\u0259isi general-polkovnik K\u0259rim V\u0259liyev Heyd\u0259r \u018fliyev ad\u0131na H\u0259rbi \u0130nstitutda olub. Bu bar\u0259d\u0259\u00a0\u201c\u0130NFONEWS\u201d-a M\u00fcdafi\u0259&hellip; <\/p>\n","protected":false},"author":3,"featured_media":28843,"comment_status":"open","ping_status":"open","sticky":false,"template":"","format":"standard","meta":{"_mi_skip_tracking":false,"_monsterinsights_sitenote_active":false,"_monsterinsights_sitenote_note":"","_monsterinsights_sitenote_category":0,"footnotes":""},"categories":[6664,11],"tags":[4687,9605,8222,9606],"aioseo_notices":[],"_links":{"self":[{"href":"https:\/\/infonews.az\/index.php?rest_route=\/wp\/v2\/posts\/28842"}],"collection":[{"href":"https:\/\/infonews.az\/index.php?rest_route=\/wp\/v2\/posts"}],"about":[{"href":"https:\/\/infonews.az\/index.php?rest_route=\/wp\/v2\/types\/post"}],"author":[{"embeddable":true,"href":"https:\/\/infonews.az\/index.php?rest_route=\/wp\/v2\/users\/3"}],"replies":[{"embeddable":true,"href":"https:\/\/infonews.az\/index.php?rest_route=%2Fwp%2Fv2%2Fcomments&post=28842"}],"version-history":[{"count":1,"href":"https:\/\/infonews.az\/index.php?rest_route=\/wp\/v2\/posts\/28842\/revisions"}],"predecessor-version":[{"id":28844,"href":"https:\/\/infonews.az\/index.php?rest_route=\/wp\/v2\/posts\/28842\/revisions\/28844"}],"wp:featuredmedia":[{"embeddable":true,"href":"https:\/\/infonews.az\/index.php?rest_route=\/wp\/v2\/media\/28843"}],"wp:attachment":[{"href":"https:\/\/infonews.az\/index.php?rest_route=%2Fwp%2Fv2%2Fmedia&parent=28842"}],"wp:term":[{"taxonomy":"category","embeddable":true,"href":"https:\/\/infonews.az\/index.php?rest_route=%2Fwp%2Fv2%2Fcategories&post=28842"},{"taxonomy":"post_tag","embeddable":true,"href":"https:\/\/infonews.az\/index.php?rest_route=%2Fwp%2Fv2%2Ftags&post=28842"}],"curies":[{"name":"wp","href":"https:\/\/api.w.org\/{rel}","templated":true}]}}