{"id":28953,"date":"2023-01-13T10:33:55","date_gmt":"2023-01-13T06:33:55","guid":{"rendered":"https:\/\/infonews.az\/?p=28953"},"modified":"2023-01-13T11:21:49","modified_gmt":"2023-01-13T07:21:49","slug":"muharib%c9%99-v%c9%99-ya-1990-ci-ilin-20-yanvar-hadis%c9%99l%c9%99ri-il%c9%99-%c9%99laq%c9%99dar-%c9%99lilliyi-olan-s%c9%99xsl%c9%99r%c9%99-veril%c9%99n-az%c9%99rbaycan-respublikasi-prezidentinin-t","status":"publish","type":"post","link":"https:\/\/infonews.az\/?p=28953","title":{"rendered":"M\u00fcharib\u0259 v\u0259 ya 1990-c\u0131 ilin 20 Yanvar hadis\u0259l\u0259ri il\u0259 \u0259laq\u0259dar \u0259lilliyi olan \u015f\u0259xsl\u0259r\u0259 veril\u0259n Az\u0259rbaycan Respublikas\u0131 Prezidentinin t\u0259qa\u00fcd\u00fcn\u00fcn m\u0259bl\u0259\u011fi art\u0131r\u0131l\u0131b"},"content":{"rendered":"<blockquote><p><span style=\"color: #000000;\">M\u00fcharib\u0259 v\u0259 ya 1990-c\u0131 ilin 20 Yanvar hadis\u0259l\u0259ri il\u0259 \u0259laq\u0259dar \u0259lilliyi olan \u015f\u0259xsl\u0259r\u0259 veril\u0259n Az\u0259rbaycan Respublikas\u0131 Prezidentinin t\u0259qa\u00fcd\u00fcn\u00fcn m\u0259bl\u0259\u011fi art\u0131r\u0131l\u0131b .<\/span><\/p><\/blockquote>\n<p><span style=\"color: #000000;\"><a href=\"https:\/\/infonews.az\/\"><span style=\"color: #000080;\"><strong>&#8220;\u0130NFONEWS&#8221; <\/strong><\/span><\/a>x\u0259b\u0259r verir ki, Prezident \u0130lham \u018fliyev bununla ba\u011fl\u0131 &#8220;M\u00fcharib\u0259 v\u0259 ya 1990-c\u0131 ilin 20 Yanvar hadis\u0259l\u0259ri il\u0259 \u0259laq\u0259dar \u0259lilliyi olan \u015f\u0259xsl\u0259r\u0259 veril\u0259n Az\u0259rbaycan Respublikas\u0131 Prezidentinin t\u0259qa\u00fcd\u00fcn\u00fcn m\u0259bl\u0259\u011finin art\u0131r\u0131lmas\u0131 v\u0259 \u201cM\u00fcharib\u0259 v\u0259 ya 1990-c\u0131 ilin 20 Yanvar hadis\u0259l\u0259ri il\u0259 \u0259laq\u0259dar \u0259lilliyi olan \u015f\u0259xsl\u0259r\u0259 Az\u0259rbaycan Respublikas\u0131 Prezidentinin t\u0259qa\u00fcd\u00fcn\u00fcn t\u0259sis edilm\u0259si haqq\u0131nda\u201d Az\u0259rbaycan Respublikas\u0131 Prezidentinin 2008-ci il 9 sentyabr tarixli 823 n\u00f6mr\u0259li F\u0259rman\u0131nda d\u0259yi\u015fiklik edilm\u0259si bar\u0259d\u0259&#8221; <span style=\"color: #000080;\"><a style=\"color: #000080;\" href=\"https:\/\/president.az\/az\/articles\/view\/58598\/print\"><strong>F\u0259rman<\/strong><\/a><\/span> imzalay\u0131b.<\/span><\/p>\n<p><span style=\"color: #000000;\">F\u0259rmana \u0259sas\u0259n,<\/span><\/p>\n<p><span style=\"color: #000000;\">1. M\u00fcharib\u0259 v\u0259 ya 1990-c\u0131 ilin 20 Yanvar hadis\u0259l\u0259ri il\u0259 \u0259laq\u0259dar \u0259lilliyi olan \u015f\u0259xsl\u0259r\u0259 veril\u0259n Az\u0259rbaycan Respublikas\u0131 Prezidentinin t\u0259qa\u00fcd\u00fcn\u00fcn ayl\u0131q m\u0259bl\u0259\u011fi 2023-c\u00fc il yanvar\u0131n 1-d\u0259n:<\/span><\/p>\n<p><span style=\"color: #000000;\">1.1. orqanizmin funksiyalar\u0131n\u0131n 81\u2013100 faiz pozulmas\u0131na g\u00f6r\u0259 \u0259lilliyi m\u00fc\u0259yy\u0259n edilmi\u015f \u015f\u0259xsl\u0259r\u0259 \u2013 500 (be\u015f y\u00fcz) manat;<\/span><\/p>\n<p><span style=\"color: #000000;\">1.2. orqanizmin funksiyalar\u0131n\u0131n 61\u201380 faiz pozulmas\u0131na g\u00f6r\u0259 \u0259lilliyi m\u00fc\u0259yy\u0259n edilmi\u015f \u015f\u0259xsl\u0259r\u0259 \u2013 400 (d\u00f6rd y\u00fcz) manat;<\/span><\/p>\n<p><span style=\"color: #000000;\">1.3. orqanizmin funksiyalar\u0131n\u0131n 31\u201360 faiz pozulmas\u0131na g\u00f6r\u0259 \u0259lilliyi m\u00fc\u0259yy\u0259n edilmi\u015f \u015f\u0259xsl\u0259r\u0259 \u2013 330 (\u00fc\u00e7 y\u00fcz otuz) manat m\u00fc\u0259yy\u0259n edilib.<\/span><\/p>\n<p><span style=\"color: #000000;\">Nazirl\u0259r Kabinetin\u0259 bu F\u0259rmandan ir\u0259li g\u0259l\u0259n m\u0259s\u0259l\u0259l\u0259ri h\u0259ll etm\u0259k tap\u015f\u0131r\u0131l\u0131b.<\/span><\/p>\n","protected":false},"excerpt":{"rendered":"<p>M\u00fcharib\u0259 v\u0259 ya 1990-c\u0131 ilin 20 Yanvar hadis\u0259l\u0259ri il\u0259 \u0259laq\u0259dar \u0259lilliyi olan \u015f\u0259xsl\u0259r\u0259 veril\u0259n Az\u0259rbaycan Respublikas\u0131 Prezidentinin t\u0259qa\u00fcd\u00fcn\u00fcn m\u0259bl\u0259\u011fi art\u0131r\u0131l\u0131b . &#8220;\u0130NFONEWS&#8221; x\u0259b\u0259r verir ki, Prezident \u0130lham \u018fliyev bununla ba\u011fl\u0131&hellip; <\/p>\n","protected":false},"author":3,"featured_media":28954,"comment_status":"open","ping_status":"open","sticky":false,"template":"","format":"standard","meta":{"_mi_skip_tracking":false,"_monsterinsights_sitenote_active":false,"_monsterinsights_sitenote_note":"","_monsterinsights_sitenote_category":0,"footnotes":""},"categories":[4,11],"tags":[5665,279,9619],"aioseo_notices":[],"_links":{"self":[{"href":"https:\/\/infonews.az\/index.php?rest_route=\/wp\/v2\/posts\/28953"}],"collection":[{"href":"https:\/\/infonews.az\/index.php?rest_route=\/wp\/v2\/posts"}],"about":[{"href":"https:\/\/infonews.az\/index.php?rest_route=\/wp\/v2\/types\/post"}],"author":[{"embeddable":true,"href":"https:\/\/infonews.az\/index.php?rest_route=\/wp\/v2\/users\/3"}],"replies":[{"embeddable":true,"href":"https:\/\/infonews.az\/index.php?rest_route=%2Fwp%2Fv2%2Fcomments&post=28953"}],"version-history":[{"count":1,"href":"https:\/\/infonews.az\/index.php?rest_route=\/wp\/v2\/posts\/28953\/revisions"}],"predecessor-version":[{"id":28955,"href":"https:\/\/infonews.az\/index.php?rest_route=\/wp\/v2\/posts\/28953\/revisions\/28955"}],"wp:featuredmedia":[{"embeddable":true,"href":"https:\/\/infonews.az\/index.php?rest_route=\/wp\/v2\/media\/28954"}],"wp:attachment":[{"href":"https:\/\/infonews.az\/index.php?rest_route=%2Fwp%2Fv2%2Fmedia&parent=28953"}],"wp:term":[{"taxonomy":"category","embeddable":true,"href":"https:\/\/infonews.az\/index.php?rest_route=%2Fwp%2Fv2%2Fcategories&post=28953"},{"taxonomy":"post_tag","embeddable":true,"href":"https:\/\/infonews.az\/index.php?rest_route=%2Fwp%2Fv2%2Ftags&post=28953"}],"curies":[{"name":"wp","href":"https:\/\/api.w.org\/{rel}","templated":true}]}}