{"id":2915,"date":"2021-01-23T10:58:41","date_gmt":"2021-01-23T06:58:41","guid":{"rendered":"https:\/\/infonews.az\/?p=2915"},"modified":"2021-01-23T10:58:41","modified_gmt":"2021-01-23T06:58:41","slug":"dask%c9%99s%c9%99nd%c9%99-silahli-s%c9%99xsl%c9%99r-saxlanildi","status":"publish","type":"post","link":"https:\/\/infonews.az\/?p=2915","title":{"rendered":"Da\u015fk\u0259s\u0259nd\u0259 silahl\u0131 \u015f\u0259xsl\u0259r saxlan\u0131ld\u0131"},"content":{"rendered":"<p><strong>&#8220;\u0130NFONEWS&#8221;<\/strong> x\u0259b\u0259r verir.<\/p>\n<p>Da\u015fk\u0259s\u0259nd\u0259 qanunsuz silah saxlayan \u015f\u0259xsl\u0259r m\u0259suliyy\u0259t\u0259 c\u0259lb olunub.<\/p>\n<p>Daxili \u0130\u015fl\u0259r Nazirliyinin M\u0259tbuat xidm\u0259tinin G\u0259nc\u0259 \u015f\u0259h\u0259rind\u0259ki regional qrupundan veril\u0259n m\u0259lumata g\u00f6r\u0259, Da\u015fk\u0259s\u0259n Rayon Polis \u015e\u00f6b\u0259sinin \u0259m\u0259kda\u015flar\u0131 rayonun \u00c7ovdar k\u0259nd sakini N\u0259sib Musayevd\u0259n \u201cEscort\u201d markal\u0131, h\u0259mk\u0259ndlisi v\u0259 qohumu \u018ffqan Musayevd\u0259n \u0130J markal\u0131 v\u0259 dig\u0259r h\u0259mk\u0259ndlisi v\u0259 qohumundan \u0130J markal\u0131 m\u00fcvafiq s\u0259n\u0259dl\u0259ri olmayan t\u00fcf\u0259ng a\u015fkar ed\u0259r\u0259k g\u00f6t\u00fcr\u00fcb.<\/p>\n<p>H\u0259min \u015f\u0259xsl\u0259r bar\u0259sind\u0259 Az\u0259rbaycan Respublikas\u0131n\u0131n \u0130nzibati X\u0259talar M\u0259c\u0259ll\u0259sinin 590-c\u0131 madd\u0259si (M\u00fclki silah\u0131n v\u0259 ya d\u00f6y\u00fc\u015f sursat\u0131n\u0131n saxlan\u0131lmas\u0131, da\u015f\u0131nmas\u0131 v\u0259 ya sat\u0131lmas\u0131 qaydalar\u0131n\u0131n pozulmas\u0131) il\u0259 protokol t\u0259rtib edil\u0259r\u0259k Da\u015fk\u0259s\u0259n rayon M\u0259hk\u0259m\u0259sin\u0259 g\u00f6nd\u0259rilib.<\/p>\n","protected":false},"excerpt":{"rendered":"<p>&#8220;\u0130NFONEWS&#8221; x\u0259b\u0259r verir. Da\u015fk\u0259s\u0259nd\u0259 qanunsuz silah saxlayan \u015f\u0259xsl\u0259r m\u0259suliyy\u0259t\u0259 c\u0259lb olunub. Daxili \u0130\u015fl\u0259r Nazirliyinin M\u0259tbuat xidm\u0259tinin G\u0259nc\u0259 \u015f\u0259h\u0259rind\u0259ki regional qrupundan veril\u0259n m\u0259lumata g\u00f6r\u0259, Da\u015fk\u0259s\u0259n Rayon Polis \u015e\u00f6b\u0259sinin \u0259m\u0259kda\u015flar\u0131 rayonun \u00c7ovdar&hellip; <\/p>\n","protected":false},"author":3,"featured_media":2916,"comment_status":"open","ping_status":"open","sticky":false,"template":"","format":"standard","meta":{"_mi_skip_tracking":false,"_monsterinsights_sitenote_active":false,"_monsterinsights_sitenote_note":"","_monsterinsights_sitenote_category":0,"footnotes":""},"categories":[5,11],"tags":[712,36],"aioseo_notices":[],"_links":{"self":[{"href":"https:\/\/infonews.az\/index.php?rest_route=\/wp\/v2\/posts\/2915"}],"collection":[{"href":"https:\/\/infonews.az\/index.php?rest_route=\/wp\/v2\/posts"}],"about":[{"href":"https:\/\/infonews.az\/index.php?rest_route=\/wp\/v2\/types\/post"}],"author":[{"embeddable":true,"href":"https:\/\/infonews.az\/index.php?rest_route=\/wp\/v2\/users\/3"}],"replies":[{"embeddable":true,"href":"https:\/\/infonews.az\/index.php?rest_route=%2Fwp%2Fv2%2Fcomments&post=2915"}],"version-history":[{"count":1,"href":"https:\/\/infonews.az\/index.php?rest_route=\/wp\/v2\/posts\/2915\/revisions"}],"predecessor-version":[{"id":2917,"href":"https:\/\/infonews.az\/index.php?rest_route=\/wp\/v2\/posts\/2915\/revisions\/2917"}],"wp:featuredmedia":[{"embeddable":true,"href":"https:\/\/infonews.az\/index.php?rest_route=\/wp\/v2\/media\/2916"}],"wp:attachment":[{"href":"https:\/\/infonews.az\/index.php?rest_route=%2Fwp%2Fv2%2Fmedia&parent=2915"}],"wp:term":[{"taxonomy":"category","embeddable":true,"href":"https:\/\/infonews.az\/index.php?rest_route=%2Fwp%2Fv2%2Fcategories&post=2915"},{"taxonomy":"post_tag","embeddable":true,"href":"https:\/\/infonews.az\/index.php?rest_route=%2Fwp%2Fv2%2Ftags&post=2915"}],"curies":[{"name":"wp","href":"https:\/\/api.w.org\/{rel}","templated":true}]}}