{"id":29370,"date":"2023-01-19T18:43:42","date_gmt":"2023-01-19T14:43:42","guid":{"rendered":"https:\/\/infonews.az\/?p=29370"},"modified":"2023-01-19T18:43:42","modified_gmt":"2023-01-19T14:43:42","slug":"20-yanvar-yaddaslarimizdan-hec-bir-zaman-itm%c9%99y%c9%99c%c9%99k-pedoqoq","status":"publish","type":"post","link":"https:\/\/infonews.az\/?p=29370","title":{"rendered":"&#8220;20 Yanvar yadda\u015flar\u0131m\u0131zdan he\u00e7 bir zaman itm\u0259y\u0259c\u0259k&#8221; &#8211; pedoqoq"},"content":{"rendered":"<p><span style=\"color: #ffffff;\">&#8220;20 Yanvar yadda\u015flar\u0131m\u0131zdan he\u00e7 bir zaman itm\u0259y\u0259c\u0259k&#8221; &#8211; pedoqoq<\/span><\/p>\n<p class=\"_d9xbeh\"><span style=\"color: #000000;\"><span class=\"\"><span class=\"_oqoid\">Az\u0259rbaycan xalq\u0131n\u0131n q\u0259hr\u0259manl\u0131q s\u0259hif\u0259si olan 20 Yanvar faci\u0259sind\u0259n 33 il \u00f6t\u00fcr. E\u015fitm\u0259 qabiliyy\u0259ti pozulmu\u015f u\u015faqlar\u0131n Respublika ixtisasla\u015fd\u0131r\u0131lm\u0131\u015f k\u00f6rp\u0259l\u0259r evi-u\u015faq ba\u011f\u00e7as\u0131n\u0131n<\/span><\/span> t\u0259lim t\u0259rbiy\u0259 i\u015fl\u0259ri \u00fczr\u0259 pedoqoqu \u018frkinaz V\u0259lizad\u0259 A\u011faquliyeva 20 Yanvar hadis\u0259l\u0259ri il\u0259 ba\u011fl\u0131 fikirl\u0259rini <a href=\"https:\/\/infonews.az\/\"><span style=\"color: #000080;\"><strong>&#8220;\u0130NFONEWS&#8221;<\/strong><\/span><\/a>-la b\u00f6l\u00fc\u015f\u00fcb.<\/span><\/p>\n<blockquote>\n<p class=\"_d9xbeh\"><span style=\"color: #000000;\">1990-c\u0131 il yanvar\u0131n 19-dan 20-n\u0259 ke\u00e7\u0259n gec\u0259 ke\u00e7mi\u015f Sovet Ordusunun h\u0259rbi hiss\u0259l\u0259ri Bak\u0131 \u015f\u0259h\u0259rind\u0259 m\u00fcst\u0259qil d\u00f6vl\u0259t yaratmaq v\u0259 \u00f6z suverenliyini \u0259ld\u0259 etm\u0259k \u00fc\u00e7\u00fcn aya\u011fa qalxan dinc \u0259haliy\u0259 qar\u015f\u0131 misli g\u00f6r\u00fcnm\u0259mi\u015f q\u0259tliam t\u00f6r\u0259dib. Otuz \u00fc\u00e7 il \u0259vv\u0259l Az\u0259rbaycan xalq\u0131na qar\u015f\u0131 t\u00f6r\u0259dilmi\u015f cinay\u0259t \u0259slind\u0259 b\u0259\u015f\u0259riyy\u0259t\u0259, humanizm\u0259, insanl\u0131\u011fa qar\u015f\u0131 h\u0259yata ke\u00e7irilmi\u015f d\u0259h\u015f\u0259tli terror akt\u0131d\u0131r. Bu faci\u0259d\u0259 147 Az\u0259rbaycan v\u0259t\u0259nda\u015f\u0131 \u015f\u0259hid olub, 638 n\u0259f\u0259r yaralan\u0131b v\u0259 x\u0259sar\u0259t al\u0131b, 841 n\u0259f\u0259r qanunsuz olaraq h\u0259bs edilib, n\u0259tic\u0259d\u0259 insan h\u00fcquqlar\u0131na dair bir \u00e7ox beyn\u0259lxalq s\u0259n\u0259dl\u0259rin, o c\u00fcml\u0259d\u0259n \u00dcmumd\u00fcnya \u0130nsan H\u00fcquqlar\u0131 B\u0259yannam\u0259sinin t\u0259l\u0259bl\u0259ri kobudcas\u0131na pozulub. V\u0259t\u0259n yolunda \u015f\u0259hidlik \u0259sl qeyr\u0259t, h\u00fcn\u0259r, \u015f\u0259r\u0259f v\u0259 l\u0259yaq\u0259t zirv\u0259sidir. <\/span><span style=\"color: #000000;\">Ulu \u00f6nd\u0259r Heyd\u0259r \u018fliyev 1990-c\u0131 ilin 20 Yanvar gec\u0259si m\u0259hz bel\u0259 bir zirv\u0259ni f\u0259th edib \u0259b\u0259diya\u015farl\u0131q h\u00fcququ qazanan V\u0259t\u0259n o\u011fullar\u0131n\u0131n f\u0259dakarl\u0131\u011f\u0131n\u0131 y\u00fcks\u0259k qiym\u0259tl\u0259ndir\u0259r\u0259k demi\u015fdi:<br \/>\n\u201c20 Yanvar \u015f\u0259hidl\u0259rinin q\u0259hr\u0259manl\u0131\u011f\u0131 Az\u0259rbaycan xalq\u0131 \u00fc\u00e7\u00fcn, Az\u0259rbaycan g\u0259ncl\u0259ri \u00fc\u00e7\u00fcn \u00f6rn\u0259kdir. Az\u0259rbaycan\u0131n bug\u00fcnk\u00fc n\u0259sli d\u0259, g\u0259l\u0259c\u0259k n\u0259sill\u0259ri d\u0259 bu \u015f\u0259hidl\u0259rin q\u0259hr\u0259manl\u0131\u011f\u0131ndan n\u00fcmun\u0259 g\u00f6t\u00fcr\u0259c\u0259kl\u0259r. Az\u0259rbaycan xalq\u0131n\u0131n milli azadl\u0131\u011f\u0131n\u0131 qorumaq \u00fc\u00e7\u00fcn, m\u00fcst\u0259qilliyini qorumaq \u00fc\u00e7\u00fcn daim m\u00fcbariz\u0259d\u0259 olacaqlar. Daim q\u0259hr\u0259manl\u0131q n\u00fcmun\u0259l\u0259ri, v\u0259t\u0259np\u0259rv\u0259rlik n\u00fcmun\u0259l\u0259ri g\u00f6st\u0259r\u0259c\u0259kl\u0259r. Ona g\u00f6r\u0259 d\u0259 bu \u015f\u0259hidl\u0259rin h\u0259lak olmas\u0131 bizim \u00fc\u00e7\u00fcn n\u0259 q\u0259d\u0259r q\u0259m-q\u00fcss\u0259 do\u011furursa, n\u0259 q\u0259d\u0259r a\u011f\u0131r itki olsa da, o q\u0259d\u0259r d\u0259 xalq\u0131m\u0131z \u00fc\u00e7\u00fcn q\u0259hr\u0259manl\u0131q n\u00fcmun\u0259si kimi, \u00f6rn\u0259k kimi bizim milli s\u0259rv\u0259timizdir, milli iftixar\u0131m\u0131zd\u0131r.\u201d<\/span><\/p>\n<p class=\"_d9xbeh\"><span style=\"color: #000000;\">Ulu \u00d6nd\u0259rimizin dedikl\u0259ri m\u0259hz bu g\u00fcn art\u0131q \u00f6z \u0259ksini tapm\u0131\u015fd\u0131r! \u00dcmummilli lider Heyd\u0259r \u018fliyev \u00f6lk\u0259mizd\u0259 siyasi hakimiyy\u0259t\u0259 qay\u0131td\u0131qdan sonra Milli M\u0259clisin 1994-c\u00fc ilin fevral\u0131nda ke\u00e7iril\u0259n x\u00fcsusi sessiyas\u0131nda 1990-c\u0131 il yanvar\u0131n 20-d\u0259 g\u00fcnahs\u0131z insanlar\u0131n q\u0259ddarcas\u0131na q\u0259tl\u0259 yetirilm\u0259sini h\u0259rbi t\u0259cav\u00fcz v\u0259 cinay\u0259t kimi qiym\u0259tl\u0259ndirilib, m\u00fczakir\u0259l\u0259rin yekunu olaraq h\u0259min ilin mart\u0131nda \u201c1990-c\u0131 il yanvar\u0131n 20-d\u0259 Bak\u0131da t\u00f6r\u0259dilmi\u015f faci\u0259li hadis\u0259l\u0259r haqq\u0131nda\u201d q\u0259rar q\u0259bul edilib. Milli birlik v\u0259 v\u0259t\u0259np\u0259rv\u0259rliyin simvoluna \u00e7evrilmi\u015f 20 Yanvar faci\u0259si xalq\u0131m\u0131z\u0131n \u00f6z suverenliyi u\u011frunda apard\u0131\u011f\u0131 m\u00fcbariz\u0259nin \u015f\u0259r\u0259fli tarixidir. <\/span><\/p>\n<p class=\"_d9xbeh\"><span style=\"color: #000000;\">Qara Yanvar, Qanl\u0131 Yanvar, 20 Yanvar yadda\u015flar\u0131m\u0131zdan he\u00e7 bir zaman itm\u0259y\u0259c\u0259k. Bu g\u00fcn art\u0131q bizl\u0259r qalib \u00f6lk\u0259yik. H\u0259r zaman da u\u011frumuzda can\u0131n\u0131 qoyan \u015f\u0259hidl\u0259rimiz an\u0131lacaqd\u0131r.<\/span><\/p>\n<\/blockquote>\n","protected":false},"excerpt":{"rendered":"<p>&#8220;20 Yanvar yadda\u015flar\u0131m\u0131zdan he\u00e7 bir zaman itm\u0259y\u0259c\u0259k&#8221; &#8211; pedoqoq Az\u0259rbaycan xalq\u0131n\u0131n q\u0259hr\u0259manl\u0131q s\u0259hif\u0259si olan 20 Yanvar faci\u0259sind\u0259n 33 il \u00f6t\u00fcr. E\u015fitm\u0259 qabiliyy\u0259ti pozulmu\u015f u\u015faqlar\u0131n Respublika ixtisasla\u015fd\u0131r\u0131lm\u0131\u015f k\u00f6rp\u0259l\u0259r evi-u\u015faq ba\u011f\u00e7as\u0131n\u0131n t\u0259lim&hellip; <\/p>\n","protected":false},"author":3,"featured_media":29372,"comment_status":"open","ping_status":"open","sticky":false,"template":"","format":"standard","meta":{"_mi_skip_tracking":false,"_monsterinsights_sitenote_active":false,"_monsterinsights_sitenote_note":"","_monsterinsights_sitenote_category":0,"footnotes":""},"categories":[82,11],"tags":[590,9649],"aioseo_notices":[],"_links":{"self":[{"href":"https:\/\/infonews.az\/index.php?rest_route=\/wp\/v2\/posts\/29370"}],"collection":[{"href":"https:\/\/infonews.az\/index.php?rest_route=\/wp\/v2\/posts"}],"about":[{"href":"https:\/\/infonews.az\/index.php?rest_route=\/wp\/v2\/types\/post"}],"author":[{"embeddable":true,"href":"https:\/\/infonews.az\/index.php?rest_route=\/wp\/v2\/users\/3"}],"replies":[{"embeddable":true,"href":"https:\/\/infonews.az\/index.php?rest_route=%2Fwp%2Fv2%2Fcomments&post=29370"}],"version-history":[{"count":1,"href":"https:\/\/infonews.az\/index.php?rest_route=\/wp\/v2\/posts\/29370\/revisions"}],"predecessor-version":[{"id":29373,"href":"https:\/\/infonews.az\/index.php?rest_route=\/wp\/v2\/posts\/29370\/revisions\/29373"}],"wp:featuredmedia":[{"embeddable":true,"href":"https:\/\/infonews.az\/index.php?rest_route=\/wp\/v2\/media\/29372"}],"wp:attachment":[{"href":"https:\/\/infonews.az\/index.php?rest_route=%2Fwp%2Fv2%2Fmedia&parent=29370"}],"wp:term":[{"taxonomy":"category","embeddable":true,"href":"https:\/\/infonews.az\/index.php?rest_route=%2Fwp%2Fv2%2Fcategories&post=29370"},{"taxonomy":"post_tag","embeddable":true,"href":"https:\/\/infonews.az\/index.php?rest_route=%2Fwp%2Fv2%2Ftags&post=29370"}],"curies":[{"name":"wp","href":"https:\/\/api.w.org\/{rel}","templated":true}]}}