{"id":29568,"date":"2023-01-22T02:51:19","date_gmt":"2023-01-21T22:51:19","guid":{"rendered":"https:\/\/infonews.az\/?p=29568"},"modified":"2023-01-22T02:51:19","modified_gmt":"2023-01-21T22:51:19","slug":"cexiya-prezidentliyin%c9%99-namiz%c9%99d-ic%c9%99risind%c9%99-patron-olan-h%c9%99d%c9%99l%c9%99yici-m%c9%99ktub-alib","status":"publish","type":"post","link":"https:\/\/infonews.az\/?p=29568","title":{"rendered":"\u00c7exiya prezidentliyin\u0259 namiz\u0259d i\u00e7\u0259risind\u0259 patron olan h\u0259d\u0259l\u0259yici m\u0259ktub al\u0131b"},"content":{"rendered":"<h6 class=\"news-title\"><span style=\"color: #ffffff\">\u00c7exiya prezidentliyin\u0259 namiz\u0259d i\u00e7\u0259risind\u0259 patron olan h\u0259d\u0259l\u0259yici m\u0259ktub al\u0131b<\/span><\/h6>\n<p>\u00c7exiyan\u0131n ke\u00e7mi\u015f ba\u015f naziri, prezidentliy\u0259 namiz\u0259d Andrey Babi\u015fin ail\u0259sin\u0259 i\u00e7ind\u0259 patron olan h\u0259d\u0259l\u0259yici m\u0259ktub g\u0259lib.&#8221;<a href=\"https:\/\/infonews.az\">\u0130NFONEWS<\/a>&#8221; x\u0259b\u0259r verir ki, bu bar\u0259d\u0259 &#8220;Ceske Noviny&#8221; m\u0259lumat yay\u0131b.<\/p>\n<p>\u201cS\u00f6hb\u0259t prezidentliy\u0259 namiz\u0259di v\u0259 onun ail\u0259 \u00fczvl\u0259rini qorxutmaqdan gedir, bu, azad c\u0259miyy\u0259td\u0259 ba\u015f verm\u0259m\u0259lidir\u201d, &#8211; Babi\u015fin a\u00e7\u0131qlamas\u0131nda deyilir.<\/p>\n<p>Polis faktla ba\u011fl\u0131 ara\u015fd\u0131rma apar\u0131r.<\/p>\n<p>Yanvar\u0131n 13-14-d\u0259 \u00c7exiyada se\u00e7kil\u0259rin birinci turu ke\u00e7irilib. NATO H\u0259rbi Komit\u0259sinin ke\u00e7mi\u015f r\u0259hb\u0259ri, ehtiyatda olan ordu general\u0131 Petr Pavel 35,4% s\u0259s toplay\u0131b. Babi\u015f 34,99% s\u0259sl\u0259 ikinci yeri tutub. Qalibi m\u00fc\u0259yy\u0259n ed\u0259c\u0259k se\u00e7kil\u0259rin ikinci turu yanvar\u0131n 27-28-d\u0259 ke\u00e7iril\u0259c\u0259k.<\/p>\n<p>Qeyd ed\u0259k ki, Babi\u015f 2017-2021-ci ill\u0259rd\u0259 \u00c7exiyan\u0131n Ba\u015f naziri olub.<\/p>\n<p>R\u0259van\u0259 Dada\u015fova<\/p>\n","protected":false},"excerpt":{"rendered":"<p>\u00c7exiya prezidentliyin\u0259 namiz\u0259d i\u00e7\u0259risind\u0259 patron olan h\u0259d\u0259l\u0259yici m\u0259ktub al\u0131b \u00c7exiyan\u0131n ke\u00e7mi\u015f ba\u015f naziri, prezidentliy\u0259 namiz\u0259d Andrey Babi\u015fin ail\u0259sin\u0259 i\u00e7ind\u0259 patron olan h\u0259d\u0259l\u0259yici m\u0259ktub g\u0259lib.&#8221;\u0130NFONEWS&#8221; x\u0259b\u0259r verir ki, bu bar\u0259d\u0259 &#8220;Ceske&hellip; <\/p>\n","protected":false},"author":16,"featured_media":29569,"comment_status":"open","ping_status":"open","sticky":false,"template":"","format":"standard","meta":{"_mi_skip_tracking":false,"_monsterinsights_sitenote_active":false,"_monsterinsights_sitenote_note":"","_monsterinsights_sitenote_category":0,"footnotes":""},"categories":[6],"tags":[],"aioseo_notices":[],"_links":{"self":[{"href":"https:\/\/infonews.az\/index.php?rest_route=\/wp\/v2\/posts\/29568"}],"collection":[{"href":"https:\/\/infonews.az\/index.php?rest_route=\/wp\/v2\/posts"}],"about":[{"href":"https:\/\/infonews.az\/index.php?rest_route=\/wp\/v2\/types\/post"}],"author":[{"embeddable":true,"href":"https:\/\/infonews.az\/index.php?rest_route=\/wp\/v2\/users\/16"}],"replies":[{"embeddable":true,"href":"https:\/\/infonews.az\/index.php?rest_route=%2Fwp%2Fv2%2Fcomments&post=29568"}],"version-history":[{"count":2,"href":"https:\/\/infonews.az\/index.php?rest_route=\/wp\/v2\/posts\/29568\/revisions"}],"predecessor-version":[{"id":29583,"href":"https:\/\/infonews.az\/index.php?rest_route=\/wp\/v2\/posts\/29568\/revisions\/29583"}],"wp:featuredmedia":[{"embeddable":true,"href":"https:\/\/infonews.az\/index.php?rest_route=\/wp\/v2\/media\/29569"}],"wp:attachment":[{"href":"https:\/\/infonews.az\/index.php?rest_route=%2Fwp%2Fv2%2Fmedia&parent=29568"}],"wp:term":[{"taxonomy":"category","embeddable":true,"href":"https:\/\/infonews.az\/index.php?rest_route=%2Fwp%2Fv2%2Fcategories&post=29568"},{"taxonomy":"post_tag","embeddable":true,"href":"https:\/\/infonews.az\/index.php?rest_route=%2Fwp%2Fv2%2Ftags&post=29568"}],"curies":[{"name":"wp","href":"https:\/\/api.w.org\/{rel}","templated":true}]}}