{"id":2957,"date":"2021-01-24T10:45:06","date_gmt":"2021-01-24T06:45:06","guid":{"rendered":"https:\/\/infonews.az\/?p=2957"},"modified":"2021-01-24T10:45:06","modified_gmt":"2021-01-24T06:45:06","slug":"d%c9%99niz-quldurlarinin-oldurduyu-az%c9%99rbaycanlinin-n%c9%99si-v%c9%99t%c9%99n%c9%99-g%c9%99tiril%c9%99c%c9%99k","status":"publish","type":"post","link":"https:\/\/infonews.az\/?p=2957","title":{"rendered":"D\u0259niz quldurlar\u0131n\u0131n \u00f6ld\u00fcrd\u00fcy\u00fc az\u0259rbaycanl\u0131n\u0131n n\u0259\u015fi V\u0259t\u0259n\u0259 g\u0259tiril\u0259c\u0259k"},"content":{"rendered":"<p><strong>T\u00fcrkiy\u0259 xarici i\u015fl\u0259r naziri Mevl\u00fct \u00c7avu\u015fo\u011flu d\u0259niz quldurlar\u0131n\u0131n T\u00fcrkiy\u0259y\u0259 m\u0259xsus g\u0259miy\u0259 h\u00fccumu n\u0259tic\u0259sind\u0259 g\u0259mi hey\u0259tinin az\u0259rbaycanl\u0131 \u00fczv\u00fcn\u00fcn \u00f6l\u00fcm\u00fc il\u0259 \u0259laq\u0259dar Az\u0259rbaycan Respublikas\u0131 xarici i\u015fl\u0259r naziri Ceyhun Bayramova ba\u015fsa\u011fl\u0131\u011f\u0131 verib.<\/strong><\/p>\n<p>Bu bar\u0259d\u0259 <strong>\u201c\u0130NFONEWS\u201d- <\/strong>ya Az\u0259rbaycan Xarici \u0130\u015fl\u0259r Nazirliyinin M\u0259tbuat xidm\u0259tind\u0259n bildirilib.<\/p>\n<p>Nazir Ceyhun Bayramov h\u0259mkar\u0131na t\u0259\u015f\u0259kk\u00fcr edib v\u0259 xilasetm\u0259 i\u015fl\u0259rinin tezlikl\u0259 u\u011furla n\u0259tic\u0259l\u0259nm\u0259sini arzulay\u0131b.<\/p>\n<p>G\u0259mi hey\u0259tinin \u00f6ld\u00fcr\u00fcl\u0259n az\u0259rbaycanl\u0131 \u00fczv\u00fcn\u00fcn n\u0259\u015finin V\u0259t\u0259n\u0259 g\u0259tirilm\u0259si \u00fc\u00e7\u00fcn \u0259laq\u0259l\u0259ndirilmi\u015f \u015f\u0259kild\u0259 m\u00fcvafiq t\u0259dbirl\u0259rin h\u0259yata ke\u00e7iril\u0259c\u0259yi qeyd olunub.<\/p>\n","protected":false},"excerpt":{"rendered":"<p>T\u00fcrkiy\u0259 xarici i\u015fl\u0259r naziri Mevl\u00fct \u00c7avu\u015fo\u011flu d\u0259niz quldurlar\u0131n\u0131n T\u00fcrkiy\u0259y\u0259 m\u0259xsus g\u0259miy\u0259 h\u00fccumu n\u0259tic\u0259sind\u0259 g\u0259mi hey\u0259tinin az\u0259rbaycanl\u0131 \u00fczv\u00fcn\u00fcn \u00f6l\u00fcm\u00fc il\u0259 \u0259laq\u0259dar Az\u0259rbaycan Respublikas\u0131 xarici i\u015fl\u0259r naziri Ceyhun Bayramova ba\u015fsa\u011fl\u0131\u011f\u0131 verib. Bu&hellip; <\/p>\n","protected":false},"author":3,"featured_media":2958,"comment_status":"open","ping_status":"open","sticky":false,"template":"","format":"standard","meta":{"_mi_skip_tracking":false,"_monsterinsights_sitenote_active":false,"_monsterinsights_sitenote_note":"","_monsterinsights_sitenote_category":0,"footnotes":""},"categories":[5,11],"tags":[15,103],"aioseo_notices":[],"_links":{"self":[{"href":"https:\/\/infonews.az\/index.php?rest_route=\/wp\/v2\/posts\/2957"}],"collection":[{"href":"https:\/\/infonews.az\/index.php?rest_route=\/wp\/v2\/posts"}],"about":[{"href":"https:\/\/infonews.az\/index.php?rest_route=\/wp\/v2\/types\/post"}],"author":[{"embeddable":true,"href":"https:\/\/infonews.az\/index.php?rest_route=\/wp\/v2\/users\/3"}],"replies":[{"embeddable":true,"href":"https:\/\/infonews.az\/index.php?rest_route=%2Fwp%2Fv2%2Fcomments&post=2957"}],"version-history":[{"count":1,"href":"https:\/\/infonews.az\/index.php?rest_route=\/wp\/v2\/posts\/2957\/revisions"}],"predecessor-version":[{"id":2959,"href":"https:\/\/infonews.az\/index.php?rest_route=\/wp\/v2\/posts\/2957\/revisions\/2959"}],"wp:featuredmedia":[{"embeddable":true,"href":"https:\/\/infonews.az\/index.php?rest_route=\/wp\/v2\/media\/2958"}],"wp:attachment":[{"href":"https:\/\/infonews.az\/index.php?rest_route=%2Fwp%2Fv2%2Fmedia&parent=2957"}],"wp:term":[{"taxonomy":"category","embeddable":true,"href":"https:\/\/infonews.az\/index.php?rest_route=%2Fwp%2Fv2%2Fcategories&post=2957"},{"taxonomy":"post_tag","embeddable":true,"href":"https:\/\/infonews.az\/index.php?rest_route=%2Fwp%2Fv2%2Ftags&post=2957"}],"curies":[{"name":"wp","href":"https:\/\/api.w.org\/{rel}","templated":true}]}}