{"id":29667,"date":"2023-01-23T02:51:16","date_gmt":"2023-01-22T22:51:16","guid":{"rendered":"https:\/\/infonews.az\/?p=29667"},"modified":"2023-01-23T02:51:16","modified_gmt":"2023-01-22T22:51:16","slug":"almaniya-v%c9%99-fransa-s%c9%99rh%c9%99dl%c9%99rini-birg%c9%99-qoruyacaq","status":"publish","type":"post","link":"https:\/\/infonews.az\/?p=29667","title":{"rendered":"Almaniya v\u0259 Fransa s\u0259rh\u0259dl\u0259rini birg\u0259 qoruyacaq"},"content":{"rendered":"<p>Almaniya v\u0259 Fransa qeyri-qanuni miqrasiyaya qar\u015f\u0131 m\u00fcbariz\u0259d\u0259 iki \u00f6lk\u0259nin s\u0259rh\u0259dini birg\u0259 patrul etm\u0259k bar\u0259d\u0259 raz\u0131l\u0131\u011fa g\u0259libl\u0259r.<\/p>\n<p>\u201c<a href=\"https:\/\/infonews.az\/?p=29667\">\u0130NFONEWS<\/a>\u201dun m\u0259lumat\u0131na g\u00f6r\u0259, Parisd\u0259 m\u00fcvafiq sazi\u015fi Almaniyan\u0131n daxili i\u015fl\u0259r naziri Nensi Fezer v\u0259 onun fransal\u0131 h\u0259mkar\u0131 Jerald Darmanin imzalay\u0131b.<\/p>\n<p>Qeyd olunub ki, Almaniya-Fransa opertaiv qrupundan 2024-c\u00fc ild\u0259 Parisd\u0259 ke\u00e7iril\u0259c\u0259k Olimpiya v\u0259 Paralimpiya Oyunlar\u0131nda \u0259sas t\u0259dbirl\u0259rin t\u0259hl\u00fck\u0259sizilyini t\u0259min etm\u0259k \u00fc\u00e7\u00fcn v\u0259 birg\u0259 s\u0259rh\u0259d n\u0259zar\u0259ti \u0259m\u0259liyyatlar\u0131nda istifad\u0259 edil\u0259 bil\u0259r.<\/p>\n<p>Xat\u0131rladaq ki, Parisd\u0259 1963-c\u00fc il yanvar\u0131n 22-d\u0259 Yelisey saray\u0131nda imzalanm\u0131\u015f Fransa-Almaniya dostluq m\u00fcqavil\u0259sinin 60-c\u0131 ild\u00f6n\u00fcm\u00fcn\u0259 h\u0259sr olunmu\u015f Fransa-Almaniya Nazirl\u0259r \u015euras\u0131n\u0131n v\u0259 ikit\u0259r\u0259fli m\u00fcdafi\u0259 \u015furas\u0131n\u0131n iclaslar\u0131 ke\u00e7irilib.<\/p>\n","protected":false},"excerpt":{"rendered":"<p>Almaniya v\u0259 Fransa qeyri-qanuni miqrasiyaya qar\u015f\u0131 m\u00fcbariz\u0259d\u0259 iki \u00f6lk\u0259nin s\u0259rh\u0259dini birg\u0259 patrul etm\u0259k bar\u0259d\u0259 raz\u0131l\u0131\u011fa g\u0259libl\u0259r. \u201c\u0130NFONEWS\u201dun m\u0259lumat\u0131na g\u00f6r\u0259, Parisd\u0259 m\u00fcvafiq sazi\u015fi Almaniyan\u0131n daxili i\u015fl\u0259r naziri Nensi Fezer v\u0259 onun&hellip; <\/p>\n","protected":false},"author":14,"featured_media":29668,"comment_status":"open","ping_status":"open","sticky":false,"template":"","format":"standard","meta":{"_mi_skip_tracking":false,"_monsterinsights_sitenote_active":false,"_monsterinsights_sitenote_note":"","_monsterinsights_sitenote_category":0,"footnotes":""},"categories":[9,11],"tags":[123,819,9666,9667,15],"aioseo_notices":[],"_links":{"self":[{"href":"https:\/\/infonews.az\/index.php?rest_route=\/wp\/v2\/posts\/29667"}],"collection":[{"href":"https:\/\/infonews.az\/index.php?rest_route=\/wp\/v2\/posts"}],"about":[{"href":"https:\/\/infonews.az\/index.php?rest_route=\/wp\/v2\/types\/post"}],"author":[{"embeddable":true,"href":"https:\/\/infonews.az\/index.php?rest_route=\/wp\/v2\/users\/14"}],"replies":[{"embeddable":true,"href":"https:\/\/infonews.az\/index.php?rest_route=%2Fwp%2Fv2%2Fcomments&post=29667"}],"version-history":[{"count":1,"href":"https:\/\/infonews.az\/index.php?rest_route=\/wp\/v2\/posts\/29667\/revisions"}],"predecessor-version":[{"id":29669,"href":"https:\/\/infonews.az\/index.php?rest_route=\/wp\/v2\/posts\/29667\/revisions\/29669"}],"wp:featuredmedia":[{"embeddable":true,"href":"https:\/\/infonews.az\/index.php?rest_route=\/wp\/v2\/media\/29668"}],"wp:attachment":[{"href":"https:\/\/infonews.az\/index.php?rest_route=%2Fwp%2Fv2%2Fmedia&parent=29667"}],"wp:term":[{"taxonomy":"category","embeddable":true,"href":"https:\/\/infonews.az\/index.php?rest_route=%2Fwp%2Fv2%2Fcategories&post=29667"},{"taxonomy":"post_tag","embeddable":true,"href":"https:\/\/infonews.az\/index.php?rest_route=%2Fwp%2Fv2%2Ftags&post=29667"}],"curies":[{"name":"wp","href":"https:\/\/api.w.org\/{rel}","templated":true}]}}