{"id":2967,"date":"2021-01-24T11:00:50","date_gmt":"2021-01-24T07:00:50","guid":{"rendered":"https:\/\/infonews.az\/?p=2967"},"modified":"2021-01-24T11:00:50","modified_gmt":"2021-01-24T07:00:50","slug":"sabah-karyera-qis-m%c9%99kt%c9%99bi-t%c9%99skil-edil%c9%99c%c9%99k","status":"publish","type":"post","link":"https:\/\/infonews.az\/?p=2967","title":{"rendered":"SABAH Karyera Q\u0131\u015f m\u0259kt\u0259bi t\u0259\u015fkil edil\u0259c\u0259k"},"content":{"rendered":"<blockquote>\n<h2><img loading=\"lazy\" decoding=\"async\" class=\" wp-image-2968 aligncenter\" src=\"https:\/\/infonews.az\/wp-content\/uploads\/2021\/01\/01-23.01.21-01_1611422808-300x300.jpg\" alt=\"\" width=\"411\" height=\"411\" srcset=\"https:\/\/infonews.az\/wp-content\/uploads\/2021\/01\/01-23.01.21-01_1611422808-300x300.jpg 300w, https:\/\/infonews.az\/wp-content\/uploads\/2021\/01\/01-23.01.21-01_1611422808-150x150.jpg 150w, https:\/\/infonews.az\/wp-content\/uploads\/2021\/01\/01-23.01.21-01_1611422808.jpg 479w\" sizes=\"(max-width: 411px) 100vw, 411px\" \/><\/h2>\n<h2>2021-ci ild\u0259 SABAH-\u0131n m\u0259zun olacaq t\u0259l\u0259b\u0259l\u0259rinin pe\u015f\u0259kar inki\u015faf\u0131na d\u0259st\u0259k m\u0259qs\u0259dil\u0259 yarad\u0131lm\u0131\u015f SABAH Karyera Akademiyas\u0131 \u00e7\u0259r\u00e7iv\u0259sind\u0259 SABAH Karyera Q\u0131\u015f m\u0259kt\u0259bi ke\u00e7iril\u0259c\u0259k.<\/h2>\n<\/blockquote>\n<h3><\/h3>\n<h3><a href=\"https:\/\/infonews.az\/\">InfoNews<\/a> x\u0259b\u0259r verir ki, art\u0131q be\u015finci d\u0259f\u0259dir t\u0259\u015fkil edil\u0259n SABAH Karyera Q\u0131\u015f m\u0259kt\u0259bind\u0259 t\u0259l\u0259b\u0259l\u0259r u\u011furlu karyera ba\u015flan\u011f\u0131c\u0131 \u00fc\u00e7\u00fcn laz\u0131mi fundamental bacar\u0131qlar\u0131 SABAH Karyera Akademiyas\u0131n\u0131n t\u0259r\u0259fda\u015f \u015firk\u0259tl\u0259rind\u0259n olan pe\u015f\u0259kar t\u0259lim\u00e7il\u0259rd\u0259n \u00f6yr\u0259n\u0259c\u0259kl\u0259r.<\/h3>\n<h3><\/h3>\n<h3>Q\u0131\u015f m\u0259kt\u0259bi 10-12 fevral tarixl\u0259rind\u0259 onlayn \u015f\u0259kild\u0259 &#8220;Microsoft Teams&#8221; platformas\u0131 \u00fcz\u0259rind\u0259n t\u0259\u015fkil edil\u0259c\u0259k.<\/h3>\n<h3><\/h3>\n<h3>SABAH Karyera Akademiyas\u0131na se\u00e7il\u0259c\u0259k t\u0259l\u0259b\u0259l\u0259r \u00f6zl\u0259rinin prioritet f\u0259aliyy\u0259t istiqam\u0259tl\u0259rin\u0259 (i\u015f\u0259 d\u00fcz\u0259lm\u0259, start-up\/sahibkarl\u0131q, akademik f\u0259aliyy\u0259t) uy\u011fun olaraq t\u0259liml\u0259rd\u0259 i\u015ftirak ed\u0259c\u0259kl\u0259r.<\/h3>\n<h3><\/h3>\n<h3>Q\u0131\u015f m\u0259kt\u0259bind\u0259 i\u015ftirak etm\u0259k ist\u0259y\u0259n t\u0259l\u0259b\u0259l\u0259r 27 yanvar saat 00:00-d\u0259k m\u00fcvafiq link vasit\u0259sil\u0259 (<a href=\"http:\/\/bit.ly\/3sRPGwP\" target=\"_blank\" rel=\"noopener\">http:\/\/bit.ly\/3sRPGwP<\/a>) qeydiyyatdan ke\u00e7m\u0259lidirl\u0259r.<\/h3>\n","protected":false},"excerpt":{"rendered":"<p>2021-ci ild\u0259 SABAH-\u0131n m\u0259zun olacaq t\u0259l\u0259b\u0259l\u0259rinin pe\u015f\u0259kar inki\u015faf\u0131na d\u0259st\u0259k m\u0259qs\u0259dil\u0259 yarad\u0131lm\u0131\u015f SABAH Karyera Akademiyas\u0131 \u00e7\u0259r\u00e7iv\u0259sind\u0259 SABAH Karyera Q\u0131\u015f m\u0259kt\u0259bi ke\u00e7iril\u0259c\u0259k.<\/p>\n<p>InfoNews x\u0259b\u0259r verir ki, art\u0131q be\u015finci d\u0259f\u0259dir t\u0259\u015fkil edil\u0259n SABAH Karyera Q\u0131\u015f m\u0259kt\u0259bind\u0259 t\u0259l\u0259b\u0259l\u0259r u\u011furlu karyera ba\u015flan\u011f\u0131c\u0131 \u00fc\u00e7\u00fcn laz\u0131mi fundamental bacar\u0131qlar\u0131 SABAH Karyera Akademiyas\u0131n\u0131n t\u0259r\u0259fda\u015f \u015firk\u0259tl\u0259rind\u0259n olan pe\u015f\u0259kar t\u0259lim\u00e7il\u0259rd\u0259n \u00f6yr\u0259n\u0259c\u0259kl\u0259r.<\/p>\n<p>Q\u0131\u015f m\u0259kt\u0259bi 10-12 fevral tarixl\u0259rind\u0259 onlayn \u015f\u0259kild\u0259 &#8220;Microsoft Teams&#8221; platformas\u0131 \u00fcz\u0259rind\u0259n t\u0259\u015fkil edil\u0259c\u0259k.<\/p>\n<p>SABAH Karyera Akademiyas\u0131na se\u00e7il\u0259c\u0259k t\u0259l\u0259b\u0259l\u0259r \u00f6zl\u0259rinin prioritet f\u0259aliyy\u0259t istiqam\u0259tl\u0259rin\u0259 (i\u015f\u0259 d\u00fcz\u0259lm\u0259, start-up\/sahibkarl\u0131q, akademik f\u0259aliyy\u0259t) uy\u011fun olaraq t\u0259liml\u0259rd\u0259 i\u015ftirak ed\u0259c\u0259kl\u0259r.<\/p>\n<p>Q\u0131\u015f m\u0259kt\u0259bind\u0259 i\u015ftirak etm\u0259k ist\u0259y\u0259n t\u0259l\u0259b\u0259l\u0259r 27 yanvar saat 00:00-d\u0259k m\u00fcvafiq link vasit\u0259sil\u0259 (http:\/\/bit.ly\/3sRPGwP) qeydiyyatdan ke\u00e7m\u0259lidirl\u0259r.<\/p>\n","protected":false},"author":3,"featured_media":2968,"comment_status":"open","ping_status":"open","sticky":false,"template":"","format":"standard","meta":{"_mi_skip_tracking":false,"_monsterinsights_sitenote_active":false,"_monsterinsights_sitenote_note":"","_monsterinsights_sitenote_category":0,"footnotes":""},"categories":[258,11,3],"tags":[736,737,734,735],"aioseo_notices":[],"_links":{"self":[{"href":"https:\/\/infonews.az\/index.php?rest_route=\/wp\/v2\/posts\/2967"}],"collection":[{"href":"https:\/\/infonews.az\/index.php?rest_route=\/wp\/v2\/posts"}],"about":[{"href":"https:\/\/infonews.az\/index.php?rest_route=\/wp\/v2\/types\/post"}],"author":[{"embeddable":true,"href":"https:\/\/infonews.az\/index.php?rest_route=\/wp\/v2\/users\/3"}],"replies":[{"embeddable":true,"href":"https:\/\/infonews.az\/index.php?rest_route=%2Fwp%2Fv2%2Fcomments&post=2967"}],"version-history":[{"count":2,"href":"https:\/\/infonews.az\/index.php?rest_route=\/wp\/v2\/posts\/2967\/revisions"}],"predecessor-version":[{"id":2970,"href":"https:\/\/infonews.az\/index.php?rest_route=\/wp\/v2\/posts\/2967\/revisions\/2970"}],"wp:featuredmedia":[{"embeddable":true,"href":"https:\/\/infonews.az\/index.php?rest_route=\/wp\/v2\/media\/2968"}],"wp:attachment":[{"href":"https:\/\/infonews.az\/index.php?rest_route=%2Fwp%2Fv2%2Fmedia&parent=2967"}],"wp:term":[{"taxonomy":"category","embeddable":true,"href":"https:\/\/infonews.az\/index.php?rest_route=%2Fwp%2Fv2%2Fcategories&post=2967"},{"taxonomy":"post_tag","embeddable":true,"href":"https:\/\/infonews.az\/index.php?rest_route=%2Fwp%2Fv2%2Ftags&post=2967"}],"curies":[{"name":"wp","href":"https:\/\/api.w.org\/{rel}","templated":true}]}}