{"id":29670,"date":"2023-01-23T03:36:22","date_gmt":"2023-01-22T23:36:22","guid":{"rendered":"https:\/\/infonews.az\/?p=29670"},"modified":"2023-01-23T03:36:22","modified_gmt":"2023-01-22T23:36:22","slug":"n-pelosi-kesisl%c9%99ri-evin%c9%99-cin-cixarma-m%c9%99rasimin%c9%99-d%c9%99v%c9%99t-edib","status":"publish","type":"post","link":"https:\/\/infonews.az\/?p=29670","title":{"rendered":"N.Pelosi ke\u015fi\u015fl\u0259ri evin\u0259 \u201ccin \u00e7\u0131xarma\u201d m\u0259rasimin\u0259 d\u0259v\u0259t edib"},"content":{"rendered":"<p>AB\u015e Konqresinin N\u00fcmay\u0259nd\u0259l\u0259r Palatas\u0131n\u0131n ke\u00e7mi\u015f s\u0259dri Nensi Pelosi \u0259rin\u0259 sui-q\u0259sdd\u0259n sonra ke\u015fi\u015fl\u0259ri San-Fransiskodak\u0131 evin\u0259 \u201ccin \u00e7\u0131xarma\u201d m\u0259rasimin\u0259 d\u0259v\u0259t edib.<\/p>\n<p>\u201c<a href=\"https:\/\/infonews.az\/?p=29670&amp;preview=true\">\u0130NFONEWS<\/a>\u201d x\u0259b\u0259r verir ki, bu bar\u0259d\u0259 onun q\u0131z\u0131 Aleksandra Pelosi \u201cThe New York Times\u201d q\u0259zetin\u0259 m\u0259lumat verib.<\/p>\n<p>Onun s\u00f6zl\u0259rin\u0259 g\u00f6r\u0259, \u015e\u00fckran G\u00fcn\u00fcnd\u0259 evd\u0259n \u015feytan \u00e7\u0131xaran v\u0259 dualar oxuyan kahinl\u0259r onun yan\u0131na g\u0259lib: \u201cSui-q\u0259sdd\u0259n sonra anam \u00f6z\u00fcn\u00fc g\u00fcnahkar hiss edirdi\u201d.<\/p>\n<p>Nensi Pelosi \u00f6z\u00fc \u0259rinin h\u00fccuma m\u0259ruz qalaca\u011f\u0131n\u0131 g\u00f6zl\u0259m\u0259diyini deyib. Onun s\u00f6zl\u0259rin\u0259 g\u00f6r\u0259, normal h\u0259yata qay\u0131tmas\u0131 \u00fc\u00e7\u00fcn daha \u00fc\u00e7-d\u00f6rd ay laz\u0131m olacaq.<\/p>\n<p>Qeyd ed\u0259k ki, hadis\u0259 2022-ci il oktyabr\u0131n 28-d\u0259 s\u0259h\u0259r saatlar\u0131nda ba\u015f verib. H\u00fccumda ittiham olunan David Depeyp Pelosinin San-Fransiskodak\u0131 evin\u0259 gir\u0259r\u0259k siyas\u0259t\u00e7inin \u0259rin\u0259 \u00e7\u0259kicl\u0259 h\u00fccum edib. Pelosi \u00f6z\u00fc h\u0259min vaxt evd\u0259 olmay\u0131b.<\/p>\n","protected":false},"excerpt":{"rendered":"<p>AB\u015e Konqresinin N\u00fcmay\u0259nd\u0259l\u0259r Palatas\u0131n\u0131n ke\u00e7mi\u015f s\u0259dri Nensi Pelosi \u0259rin\u0259 sui-q\u0259sdd\u0259n sonra ke\u015fi\u015fl\u0259ri San-Fransiskodak\u0131 evin\u0259 \u201ccin \u00e7\u0131xarma\u201d m\u0259rasimin\u0259 d\u0259v\u0259t edib. \u201c\u0130NFONEWS\u201d x\u0259b\u0259r verir ki, bu bar\u0259d\u0259 onun q\u0131z\u0131 Aleksandra Pelosi \u201cThe&hellip; <\/p>\n","protected":false},"author":14,"featured_media":29671,"comment_status":"open","ping_status":"open","sticky":false,"template":"","format":"standard","meta":{"_mi_skip_tracking":false,"_monsterinsights_sitenote_active":false,"_monsterinsights_sitenote_note":"","_monsterinsights_sitenote_category":0,"footnotes":""},"categories":[9,8],"tags":[9668,9669],"aioseo_notices":[],"_links":{"self":[{"href":"https:\/\/infonews.az\/index.php?rest_route=\/wp\/v2\/posts\/29670"}],"collection":[{"href":"https:\/\/infonews.az\/index.php?rest_route=\/wp\/v2\/posts"}],"about":[{"href":"https:\/\/infonews.az\/index.php?rest_route=\/wp\/v2\/types\/post"}],"author":[{"embeddable":true,"href":"https:\/\/infonews.az\/index.php?rest_route=\/wp\/v2\/users\/14"}],"replies":[{"embeddable":true,"href":"https:\/\/infonews.az\/index.php?rest_route=%2Fwp%2Fv2%2Fcomments&post=29670"}],"version-history":[{"count":1,"href":"https:\/\/infonews.az\/index.php?rest_route=\/wp\/v2\/posts\/29670\/revisions"}],"predecessor-version":[{"id":29672,"href":"https:\/\/infonews.az\/index.php?rest_route=\/wp\/v2\/posts\/29670\/revisions\/29672"}],"wp:featuredmedia":[{"embeddable":true,"href":"https:\/\/infonews.az\/index.php?rest_route=\/wp\/v2\/media\/29671"}],"wp:attachment":[{"href":"https:\/\/infonews.az\/index.php?rest_route=%2Fwp%2Fv2%2Fmedia&parent=29670"}],"wp:term":[{"taxonomy":"category","embeddable":true,"href":"https:\/\/infonews.az\/index.php?rest_route=%2Fwp%2Fv2%2Fcategories&post=29670"},{"taxonomy":"post_tag","embeddable":true,"href":"https:\/\/infonews.az\/index.php?rest_route=%2Fwp%2Fv2%2Ftags&post=29670"}],"curies":[{"name":"wp","href":"https:\/\/api.w.org\/{rel}","templated":true}]}}