{"id":29781,"date":"2023-01-24T00:33:58","date_gmt":"2023-01-23T20:33:58","guid":{"rendered":"https:\/\/infonews.az\/?p=29781"},"modified":"2023-01-24T00:33:58","modified_gmt":"2023-01-23T20:33:58","slug":"ai-istanbulda-ukrayna-il%c9%99-bagli-forum-kecirm%c9%99yi-planlasdirir","status":"publish","type":"post","link":"https:\/\/infonews.az\/?p=29781","title":{"rendered":"A\u0130 \u0130stanbulda Ukrayna il\u0259 ba\u011fl\u0131 forum ke\u00e7irm\u0259yi planla\u015fd\u0131r\u0131r"},"content":{"rendered":"<p>Avropa \u0130ttifaq\u0131 fevral\u0131n 22-d\u0259 \u0130stanbulda Ukraynada il\u0259 ba\u011fl\u0131 forum ke\u00e7irm\u0259yi planla\u015fd\u0131r\u0131r.<\/p>\n<p><a href=\"https:\/\/infonews.az\/?p=29781\" target=\"_blank\" rel=\"noopener\">&#8220;<span style=\"color: #ff0000\"><strong>\u0130NFONEWS<\/strong><\/span>&#8220;<\/a> <a href=\"https:\/\/www.ntv.com.tr\/\">NTV<\/a> telekanal\u0131na istinad\u0259n x\u0259b\u0259r verir ki, bu bar\u0259d\u0259 A\u0130-nin T\u00fcrkiy\u0259d\u0259ki n\u00fcmay\u0259nd\u0259 hey\u0259tinin r\u0259hb\u0259ri Nikolaus Meyer-Landrut deyib.<\/p>\n<p>Meyer-Landrut bildirib ki, onlar bu t\u0259dbir\u0259 Ukrayna h\u00f6kum\u0259tinin n\u00fcmay\u0259nd\u0259sini d\u0259v\u0259t etm\u0259k niyy\u0259tind\u0259dirl\u0259r.<\/p>\n<p>&#8220;G\u00f6r\u00fc\u015f Avropa \u0130ttifaq\u0131 t\u0259r\u0259find\u0259n Ukraynaya d\u0259st\u0259k elan etm\u0259k \u00fc\u00e7\u00fcn bir f\u00fcrs\u0259t ola bil\u0259r&#8221;, &#8211; A\u0130 n\u00fcmay\u0259nd\u0259si qeyd edib.<\/p>\n<div class=\"subs-in-social subs-facebook\">\n<div class=\"icon\"><\/div>\n<div class=\"subs-message\"><\/div>\n<\/div>\n","protected":false},"excerpt":{"rendered":"<p>Avropa \u0130ttifaq\u0131 fevral\u0131n 22-d\u0259 \u0130stanbulda Ukraynada il\u0259 ba\u011fl\u0131 forum ke\u00e7irm\u0259yi planla\u015fd\u0131r\u0131r. &#8220;\u0130NFONEWS&#8220; NTV telekanal\u0131na istinad\u0259n x\u0259b\u0259r verir ki, bu bar\u0259d\u0259 A\u0130-nin T\u00fcrkiy\u0259d\u0259ki n\u00fcmay\u0259nd\u0259 hey\u0259tinin r\u0259hb\u0259ri Nikolaus Meyer-Landrut deyib. Meyer-Landrut bildirib&hellip; <\/p>\n","protected":false},"author":14,"featured_media":29782,"comment_status":"open","ping_status":"open","sticky":false,"template":"","format":"standard","meta":{"_mi_skip_tracking":false,"_monsterinsights_sitenote_active":false,"_monsterinsights_sitenote_note":"","_monsterinsights_sitenote_category":0,"footnotes":""},"categories":[9,2],"tags":[9679,407,15,4413,172],"aioseo_notices":[],"_links":{"self":[{"href":"https:\/\/infonews.az\/index.php?rest_route=\/wp\/v2\/posts\/29781"}],"collection":[{"href":"https:\/\/infonews.az\/index.php?rest_route=\/wp\/v2\/posts"}],"about":[{"href":"https:\/\/infonews.az\/index.php?rest_route=\/wp\/v2\/types\/post"}],"author":[{"embeddable":true,"href":"https:\/\/infonews.az\/index.php?rest_route=\/wp\/v2\/users\/14"}],"replies":[{"embeddable":true,"href":"https:\/\/infonews.az\/index.php?rest_route=%2Fwp%2Fv2%2Fcomments&post=29781"}],"version-history":[{"count":1,"href":"https:\/\/infonews.az\/index.php?rest_route=\/wp\/v2\/posts\/29781\/revisions"}],"predecessor-version":[{"id":29783,"href":"https:\/\/infonews.az\/index.php?rest_route=\/wp\/v2\/posts\/29781\/revisions\/29783"}],"wp:featuredmedia":[{"embeddable":true,"href":"https:\/\/infonews.az\/index.php?rest_route=\/wp\/v2\/media\/29782"}],"wp:attachment":[{"href":"https:\/\/infonews.az\/index.php?rest_route=%2Fwp%2Fv2%2Fmedia&parent=29781"}],"wp:term":[{"taxonomy":"category","embeddable":true,"href":"https:\/\/infonews.az\/index.php?rest_route=%2Fwp%2Fv2%2Fcategories&post=29781"},{"taxonomy":"post_tag","embeddable":true,"href":"https:\/\/infonews.az\/index.php?rest_route=%2Fwp%2Fv2%2Ftags&post=29781"}],"curies":[{"name":"wp","href":"https:\/\/api.w.org\/{rel}","templated":true}]}}