{"id":29865,"date":"2023-01-25T13:50:13","date_gmt":"2023-01-25T09:50:13","guid":{"rendered":"https:\/\/infonews.az\/?p=29865"},"modified":"2023-01-25T13:50:13","modified_gmt":"2023-01-25T09:50:13","slug":"fuzuli-m%c9%99rk%c9%99zi-parkinda-inkluziv-idman-infrastrukturunun-yaradilmasi-muzakir%c9%99-edilib","status":"publish","type":"post","link":"https:\/\/infonews.az\/?p=29865","title":{"rendered":"F\u00fczuli M\u0259rk\u0259zi Park\u0131nda inkl\u00fcziv idman infrastrukturunun yarad\u0131lmas\u0131 m\u00fczakir\u0259 edilib"},"content":{"rendered":"<p class=\"content-title\"><span style=\"color: #ffffff;\">F\u00fczuli M\u0259rk\u0259zi Park\u0131nda inkl\u00fcziv idman infrastrukturunun yarad\u0131lmas\u0131 m\u00fczakir\u0259 edilib<\/span><\/p>\n<blockquote><p>Qaraba\u011f Dir\u00e7\u0259li\u015f Fondunun (QDF) t\u0259\u015f\u0259bb\u00fcs\u00fc il\u0259 F\u00fczuli M\u0259rk\u0259zi Park\u0131n\u0131n \u0259razisind\u0259 m\u00fcasir, rahat v\u0259 inkl\u00fcziv idman infrastrukturunun yarad\u0131lmas\u0131 il\u0259 ba\u011fl\u0131 idman sah\u0259sinin v\u0259 c\u0259miyy\u0259tin dig\u0259r m\u00fcvafiq n\u00fcmay\u0259nd\u0259l\u0259rinin i\u015ftirak\u0131 il\u0259 m\u00fczakir\u0259 ke\u00e7irilib.<\/p><\/blockquote>\n<p><a href=\"https:\/\/infonews.az\/?p=29865\"><span style=\"color: #ff0000;\"><strong>&#8220;\u0130NFONEWS&#8221;<\/strong><\/span><\/a> x\u0259b\u0259r verir ki, g\u00f6r\u00fc\u015fd\u0259 Qaraba\u011f Dir\u00e7\u0259li\u015f Fondunun \u0130dar\u0259 Hey\u0259tinin s\u0259dri R\u0259hman Hac\u0131yev, park\u0131n layih\u0259\u00e7isi \u201cBy Medgalchi\u201d \u015firk\u0259tinin direktoru H\u00fcseyn Medqal\u00e7\u0131, Qaraba\u011f iqtisadi rayonuna daxil olan i\u015f\u011faldan azad edilmi\u015f \u0259razil\u0259rd\u0259 (\u015eu\u015fa rayonu istisna olmaqla) Az\u0259rbaycan Respublikas\u0131 Prezidentinin x\u00fcsusi n\u00fcmay\u0259nd\u0259liyinin \u0259m\u0259kda\u015flar\u0131 Eldar Seyidov v\u0259 Fidan Axundova, AR G\u0259ncl\u0259r v\u0259 \u0130dman Nazirliyinin \u0130dman \u015f\u00f6b\u0259sinin m\u00fcdiri Elnur M\u0259mm\u0259dov v\u0259 Maliyy\u0259 v\u0259 maddi-texniki t\u0259chizat \u015f\u00f6b\u0259sinin m\u00fcdiri Elmir Mehdiyev, Az\u0259rbaycan Velosiped Federasiyas\u0131n\u0131n Ba\u015f katibi Elnar\u0259 Musayeva, Bak\u0131 Marafon Klubunun t\u0259sis\u00e7isi Firdovsi K\u0259rimov, Sidney Olimpiya oyunlar\u0131n\u0131n (2000-ci il) y\u00fcng\u00fcl atletika \u00fczr\u0259 i\u015ftirak\u00e7\u0131s\u0131, sahibkar Faiq Ba\u011f\u0131rov, \u201cAzFit\u201d MMC-nin direktoru \u0130brahim Mirz\u0259yev, \u201cFirst Fitness\u201d MMC-nin direktoru F\u0259yyaz \u0130ld\u0131r\u0131mzad\u0259, el\u0259c\u0259 d\u0259 aidiyy\u0259ti qurumlar\u0131n n\u00fcmay\u0259nd\u0259l\u0259ri, idman m\u00fct\u0259x\u0259ssisl\u0259ri i\u015ftirak edibl\u0259r.<\/p>\n<p>T\u0259dbiri giri\u015f s\u00f6z\u00fc il\u0259 a\u00e7an Qaraba\u011f Dir\u00e7\u0259li\u015f Fondunun \u0130dar\u0259 Hey\u0259tinin s\u0259dri R\u0259hman Hac\u0131yev qeyd edib ki, i\u015f\u011faldan azad olunmu\u015f \u0259razil\u0259rd\u0259 apar\u0131lan geni\u015fmiqyasl\u0131 quruculuq i\u015fl\u0259ri il\u0259 yana\u015f\u0131, h\u0259min \u0259razil\u0259rd\u0259 ekoloji tarazl\u0131\u011f\u0131n b\u0259rpas\u0131 istiqam\u0259tind\u0259 d\u0259 ciddi add\u0131mlar at\u0131l\u0131r. B\u00fct\u00fcn bu i\u015fl\u0259r F\u00fczuli rayonunu da \u0259hat\u0259 edir. Bel\u0259 ki, F\u00fczuli \u015f\u0259h\u0259rinin yeni Ba\u015f plan layih\u0259sin\u0259 \u0259sas\u0259n orada m\u0259skunla\u015facaq \u0259halinin k\u00fctl\u0259vi istirah\u0259tin\u0259 olan t\u0259l\u0259bat\u0131n\u0131 n\u0259z\u0259r\u0259 alaraq burada multifunksional m\u0259rk\u0259zi park\u0131n sal\u0131nmas\u0131 n\u0259z\u0259rd\u0259 tutulur. Park\u0131n sal\u0131nmas\u0131 h\u0259m d\u0259 \u0259razid\u0259 ekoloji tarazl\u0131\u011f\u0131n b\u0259rpas\u0131na ciddi t\u00f6hf\u0259 ver\u0259c\u0259k.<\/p>\n<p>Layih\u0259l\u0259ndiril\u0259n park kompleksi \u015f\u0259h\u0259r sakinl\u0259rinin asud\u0259 vaxtlar\u0131n\u0131n s\u0259m\u0259r\u0259li ke\u00e7irilm\u0259sin\u0259 imkan yaradan m\u0259kana \u00e7evrilm\u0259kl\u0259 yana\u015f\u0131, sa\u011flam v\u0259 t\u0259bii ekoloji m\u00fchitin yaranmas\u0131na v\u0259 qorunub saxlanmas\u0131na da \u015f\u0259rait yaradacaq.<\/p>\n<p>Eyni zamanda park sah\u0259sind\u0259 istirah\u0259t v\u0259 piknik zonalar\u0131, a\u00e7\u0131q ya\u015f\u0131ll\u0131q sah\u0259l\u0259ri, amfiteatr, kafe-restoranlar v\u0259 s. kimi obyektl\u0259rl\u0259 yana\u015f\u0131, m\u00fcxt\u0259lif ya\u015f qruplar\u0131 n\u0259z\u0259r\u0259 al\u0131nmaqla idman m\u0259qs\u0259dil\u0259 istifad\u0259 edil\u0259c\u0259k sah\u0259l\u0259rin, t\u0259bii h\u0259r\u0259k\u0259tlilik v\u0259 piyada g\u0259zinti imkanlar\u0131n\u0131n yarad\u0131lmas\u0131 m\u0259qs\u0259di il\u0259 rahat g\u0259zinti v\u0259 velosipedl\u0259r \u00fc\u00e7\u00fcn yollar\u0131n yarad\u0131lmas\u0131 da n\u0259z\u0259rd\u0259 tutulub.<\/p>\n<p>Fondun \u0130dar\u0259 Hey\u0259tinin s\u0259drinin s\u00f6zl\u0259rin\u0259 g\u00f6r\u0259, Prezident \u0130lham \u018fliyev \u00f6t\u0259n ilin idman yekunlar\u0131na h\u0259sr olunan m\u0259rasimd\u0259 \u00e7\u0131x\u0131\u015f\u0131 zaman\u0131 b\u00f6lg\u0259l\u0259rd\u0259 yeni yarad\u0131lan parklarda insanlar\u0131n idmanla m\u0259\u015f\u011ful olmalar\u0131 \u00fc\u00e7\u00fcn \u015f\u0259raitin yarad\u0131lmas\u0131n\u0131n vacibliyini x\u00fcsusi vur\u011fulay\u0131b.<\/p>\n<p>R.Hac\u0131yev qeyd edib ki, g\u00f6r\u00fc\u015f\u00fcn ke\u00e7irilm\u0259sind\u0259 d\u0259 m\u0259qs\u0259d F\u00fczuli M\u0259rk\u0259zi Park\u0131nda idman infrastrukturunun yarad\u0131lmas\u0131 zaman\u0131 c\u0259miyy\u0259tin m\u00fcxt\u0259lif n\u00fcmay\u0259nd\u0259l\u0259rinin maraq v\u0259 g\u00f6zl\u0259ntil\u0259rini n\u0259z\u0259r\u0259 almaqla, m\u00fcxt\u0259lif, o c\u00fcml\u0259d\u0259n, ya\u015fl\u0131 v\u0259 fiziki imkanlar\u0131 m\u0259hdud olan insanlar\u0131n idmanla m\u0259\u015f\u011ful olmalar\u0131 \u00fc\u00e7\u00fcn rahat v\u0259 keyfiyy\u0259tli \u015f\u0259raitin yarad\u0131lmas\u0131d\u0131r.<\/p>\n<p>\u201cBy Medgalchi\u201d MMC-nin direktoru, layih\u0259 r\u0259hb\u0259ri H\u00fcseyn Medqal\u00e7\u0131 F\u00fczuli M\u0259rk\u0259zi Park\u0131nda yarad\u0131lacaq idman infrastrukturu il\u0259 ba\u011fl\u0131 g\u00f6r\u00fc\u015f i\u015ftirak\u00e7\u0131lar\u0131na geni\u015f m\u0259lumat verib. Qeyd edilib ki, 22.4 hektar \u0259razini \u0259hat\u0259 ed\u0259c\u0259k parkda insanlar\u0131n idmanla m\u0259\u015f\u011ful olmalar\u0131 \u00fc\u00e7\u00fcn m\u00fcxt\u0259lif idman qur\u011fular\u0131n\u0131n, o c\u00fcml\u0259d\u0259n piyada, qa\u00e7\u0131\u015f v\u0259 velosiped yollar\u0131n\u0131n, minifutbol v\u0259 multifunksional idman sah\u0259l\u0259rinin, ya\u015fl\u0131, sabit fiziki v\u0259 ya hissiyyat pozuntular\u0131 olan insanlar\u0131n da t\u0259l\u0259batlar\u0131n\u0131 n\u0259z\u0259r\u0259 alan idman meydan\u00e7alar\u0131n\u0131n, m\u00fcxt\u0259lif t\u0259yinatl\u0131 idman qur\u011fular\u0131n\u0131n layih\u0259l\u0259ndirilm\u0259si n\u0259z\u0259rd\u0259 tutulur.<\/p>\n<p>F\u00fczuli M\u0259rk\u0259zi Park\u0131n\u0131n pre-konsept layih\u0259si il\u0259 tan\u0131\u015f olan g\u00f6r\u00fc\u015f i\u015ftirak\u00e7\u0131lar\u0131 &#8211; G\u0259ncl\u0259r v\u0259 \u0130dman Nazirliyinin \u015f\u00f6b\u0259 m\u00fcdirl\u0259ri Elnur M\u0259mm\u0259dov v\u0259 Elmir Mehdiyev, Az\u0259rbaycan Velosiped Federasiyas\u0131n\u0131n Ba\u015f katibi Elnar\u0259 Musayeva, Bak\u0131 Marafon Klubunun t\u0259sis\u00e7isi Firdovsi K\u0259rimov v\u0259 dig\u0259r i\u015ftirak\u00e7\u0131lar m\u00f6vzu il\u0259 ba\u011fl\u0131 r\u0259y v\u0259 t\u0259klifl\u0259rini s\u0259sl\u0259ndiribl\u0259r.<\/p>\n<p>Park\u0131n layih\u0259l\u0259ndirilm\u0259si zaman\u0131 beyn\u0259lxalq qabaqc\u0131l t\u0259cr\u00fcb\u0259nin n\u0259z\u0259r\u0259 al\u0131nmas\u0131n\u0131, d\u00fcnyada \u0259n tan\u0131nm\u0131\u015f parklarda istifad\u0259 olunan yana\u015fmalar v\u0259 h\u0259ll\u0259r\u0259 istinad olunmas\u0131n\u0131 m\u00fcsb\u0259t qiym\u0259tl\u0259ndiribl\u0259r.<\/p>\n<p>M\u00fczakir\u0259nin sonunda Qaraba\u011f Dir\u00e7\u0259li\u015f Fondunun \u0130dar\u0259 Hey\u0259tinin s\u0259dri R\u0259hman Hac\u0131yev s\u0259sl\u0259ndirdikl\u0259ri fikir v\u0259 t\u0259klifl\u0259r\u0259 g\u00f6r\u0259 g\u00f6r\u00fc\u015f i\u015ftirak\u00e7\u0131lar\u0131na t\u0259\u015f\u0259kk\u00fcr\u00fcn\u00fc bildirib.<\/p>\n<p>Qeyd ed\u0259k ki, F\u00fczuli M\u0259rk\u0259zi Park\u0131n\u0131n layih\u0259l\u0259ndirilm\u0259si il\u0259 \u0259laq\u0259dar aidiyy\u0259ti maraql\u0131 t\u0259r\u0259fl\u0259rl\u0259 (steykholderl\u0259rl\u0259) analoji g\u00f6r\u00fc\u015fl\u0259r davam etdiril\u0259c\u0259k.<\/p>\n<p><img loading=\"lazy\" decoding=\"async\" class=\"alignleft wp-image-29867 size-thumbnail\" src=\"https:\/\/infonews.az\/wp-content\/uploads\/2023\/01\/16746376854253541911_1000x669-150x150.jpg\" alt=\"\" width=\"150\" height=\"150\" \/><\/p>\n<p><img loading=\"lazy\" decoding=\"async\" class=\"alignleft wp-image-29868 size-thumbnail\" src=\"https:\/\/infonews.az\/wp-content\/uploads\/2023\/01\/167463768588858036_1000x669-150x150.jpg\" alt=\"\" width=\"150\" height=\"150\" \/><\/p>\n","protected":false},"excerpt":{"rendered":"<p>F\u00fczuli M\u0259rk\u0259zi Park\u0131nda inkl\u00fcziv idman infrastrukturunun yarad\u0131lmas\u0131 m\u00fczakir\u0259 edilib Qaraba\u011f Dir\u00e7\u0259li\u015f Fondunun (QDF) t\u0259\u015f\u0259bb\u00fcs\u00fc il\u0259 F\u00fczuli M\u0259rk\u0259zi Park\u0131n\u0131n \u0259razisind\u0259 m\u00fcasir, rahat v\u0259 inkl\u00fcziv idman infrastrukturunun yarad\u0131lmas\u0131 il\u0259 ba\u011fl\u0131 idman sah\u0259sinin&hellip; <\/p>\n","protected":false},"author":14,"featured_media":29866,"comment_status":"open","ping_status":"open","sticky":false,"template":"","format":"standard","meta":{"_mi_skip_tracking":false,"_monsterinsights_sitenote_active":false,"_monsterinsights_sitenote_note":"","_monsterinsights_sitenote_category":0,"footnotes":""},"categories":[6,11],"tags":[9693,15,343],"aioseo_notices":[],"_links":{"self":[{"href":"https:\/\/infonews.az\/index.php?rest_route=\/wp\/v2\/posts\/29865"}],"collection":[{"href":"https:\/\/infonews.az\/index.php?rest_route=\/wp\/v2\/posts"}],"about":[{"href":"https:\/\/infonews.az\/index.php?rest_route=\/wp\/v2\/types\/post"}],"author":[{"embeddable":true,"href":"https:\/\/infonews.az\/index.php?rest_route=\/wp\/v2\/users\/14"}],"replies":[{"embeddable":true,"href":"https:\/\/infonews.az\/index.php?rest_route=%2Fwp%2Fv2%2Fcomments&post=29865"}],"version-history":[{"count":1,"href":"https:\/\/infonews.az\/index.php?rest_route=\/wp\/v2\/posts\/29865\/revisions"}],"predecessor-version":[{"id":29869,"href":"https:\/\/infonews.az\/index.php?rest_route=\/wp\/v2\/posts\/29865\/revisions\/29869"}],"wp:featuredmedia":[{"embeddable":true,"href":"https:\/\/infonews.az\/index.php?rest_route=\/wp\/v2\/media\/29866"}],"wp:attachment":[{"href":"https:\/\/infonews.az\/index.php?rest_route=%2Fwp%2Fv2%2Fmedia&parent=29865"}],"wp:term":[{"taxonomy":"category","embeddable":true,"href":"https:\/\/infonews.az\/index.php?rest_route=%2Fwp%2Fv2%2Fcategories&post=29865"},{"taxonomy":"post_tag","embeddable":true,"href":"https:\/\/infonews.az\/index.php?rest_route=%2Fwp%2Fv2%2Ftags&post=29865"}],"curies":[{"name":"wp","href":"https:\/\/api.w.org\/{rel}","templated":true}]}}