{"id":29914,"date":"2023-01-26T12:57:21","date_gmt":"2023-01-26T08:57:21","guid":{"rendered":"https:\/\/infonews.az\/?p=29914"},"modified":"2023-01-26T15:53:45","modified_gmt":"2023-01-26T11:53:45","slug":"az%c9%99rbaycanda-kiml%c9%99r%c9%99-abid%c9%99-ucaldilmalidir-sorgu","status":"publish","type":"post","link":"https:\/\/infonews.az\/?p=29914","title":{"rendered":"Az\u0259rbaycanda kiml\u0259r\u0259 abid\u0259 ucald\u0131lmal\u0131d\u0131r? &#8211; SOR\u011eU"},"content":{"rendered":"<p><span style=\"color: #ffffff;\">Az\u0259rbaycanda kiml\u0259r\u0259 abid\u0259 ucald\u0131lmal\u0131d\u0131r? &#8211; SOR\u011eU<\/span><\/p>\n<blockquote><p>Az\u0259rbaycan\u0131n ictimai, siyasi, \u0259d\u0259bi h\u0259yat\u0131nda \u00f6z\u00fcn\u0259m\u0259xsus rolu olan \u015f\u0259xsiyy\u0259tl\u0259rin ad\u0131na abid\u0259l\u0259r qoyulur, heky\u0259ll\u0259r ucald\u0131l\u0131r. Paytaxtda, b\u00f6lg\u0259l\u0259rd\u0259 q\u00fcrur m\u0259nb\u0259yimiz olan xalq\u0131m\u0131z\u0131n, el\u0259c\u0259 d\u0259 d\u00fcnya m\u0259\u015fhurlar\u0131na ucald\u0131lm\u0131\u015f g\u00f6z ox\u015fayan heyk\u0259ll\u0259ri il\u0259 yana\u015f\u0131, adib\u0259si qoyulmayan bir \u00e7ox dahil\u0259r, \u015f\u0259xsiyy\u0259tl\u0259r d\u0259 yet\u0259rinc\u0259dir.<\/p><\/blockquote>\n<p><a href=\"https:\/\/infonews.az\/?p=29914\"><span style=\"color: #ff0000;\"><strong>&#8220;\u0130NFONEWS&#8221;<\/strong><\/span><\/a> c\u0259miyy\u0259timizin m\u00fcxt\u0259lif sah\u0259l\u0259rind\u0259n olan ictimai \u015f\u0259xsl\u0259rind\u0259n kiml\u0259r\u0259 abid\u0259 qoyulmas\u0131 il\u0259 ba\u011fl\u0131 sor\u011fu ke\u00e7irib.<\/p>\n<p>Sor\u011funun cavablar\u0131n\u0131 t\u0259qdim edirik:<\/p>\n<p><strong>Xalq yaz\u0131\u00e7\u0131s\u0131 Anar:<\/strong><\/p>\n<p>\u201cT\u0259klif edir\u0259m ki, C\u0259lil M\u0259mm\u0259dquluzad\u0259nin Bak\u0131da heyk\u0259li ucald\u0131s\u0131n. \u00c7\u00fcnki onun Bak\u0131da Nizami muzeyinin qar\u015f\u0131s\u0131ndak\u0131 abid\u0259si dig\u0259r \u0259d\u0259bi m\u00fc\u0259llifl\u0259rl\u0259 birg\u0259dir. Y\u0259ni ayr\u0131ca deyil. Sabirin, F\u00fczulinin, Nat\u0259van\u0131n, Axundovun, C\u0259f\u0259r Cabbarl\u0131n\u0131n da abid\u0259si var, amma C\u0259lilin yoxdur. M\u0259n bunu ne\u00e7\u0259 ildi t\u0259krar edir\u0259m\u201d.<\/p>\n<p>&nbsp;<\/p>\n<p><strong>Mill\u0259t v\u0259kili Hikm\u0259t Babao\u011flu:<\/strong><\/p>\n<p>\u201cAlp\u0259r Tunqaya, D\u0259d\u0259 Qorquda, Hasan Xan Bayandura ( Uzun H\u0259s\u0259n ), Mete Tanr\u0131kuta ( O\u011fuz Xan ), Qaraqoyunlu Qara Yusif\u0259 ( Baharlu ) \u015eirvan\u015fah 1-ci \u0130brahim\u0259, Tanyukuka ( Tanyukuk abid\u0259sind\u0259 onun ad\u0131ndan yaz\u0131l\u0131r ki, m\u0259n As-\u018fr iy\u0259m ), M\u00f6min Va\u00e7aqana (xristianl\u0131\u011f\u0131 Albaniyada r\u0259smi d\u00f6vl\u0259t dini edir) Bulan Xana (y\u0259hudiliyi Az\u0259rbaycanda r\u0259smi d\u00f6vl\u0259t dini edir), \u015e\u0259ms\u0259ddin Eld\u0259niz\u0259 (Atab\u0259yl\u0259r d\u00f6vl\u0259tini qurdu\u011fu \u00fc\u00e7\u00fcn, \u0259sl ad\u0131 \u0130l Dengiz y\u0259ni imperiyaya sahib olan ) Tomris\u0259 (Temir &#8211; us Y\u0259ni saklar\u0131n d\u0259mir ledisi) Nadir \u015eah \u018ff\u015fara, A\u011fa M\u0259h\u0259mm\u0259d \u015eah Qacara (Az\u0259rbaycan\u0131 birl\u0259\u015fdirm\u0259k ist\u0259diyin\u0259 g\u00f6r\u0131\u0259 ), onun qarda\u015f\u0131 F\u0259t\u0259li \u015eah\u0131n O\u011flu Abbas Mirz\u0259y\u0259 ( Rus i\u015f\u011fal\u00e7\u0131lar\u0131na qar\u015f\u0131 inan\u0131lmaz m\u00fcbariz\u0259 apara bildiyin\u0259 g\u00f6r\u0259) Cavad Xana, C\u0259lal\u0259ddin M\u0259ngiberdiy\u0259 (G\u00fcrc\u00fcl\u0259ri Az\u0259rbaycandan qovdu\u011funa g\u00f6r\u0259) B\u0259hm\u0259myara, N\u0259sr\u0259ddin Tusiy\u0259, Z\u0259rd\u00fc\u015ft\u0259 v\u0259 s.\u201d.<\/p>\n<p>&nbsp;<\/p>\n<p><strong>M\u0259tbuat \u015euras\u0131n\u0131n s\u0259dri R\u0259\u015fad M\u0259cid:<\/strong><\/p>\n<p>\u201cB\u0259xtiyar Vahabzad\u0259, S\u0259ttar B\u0259hlulzad\u0259, M\u0259h\u0259mm\u0259dh\u00fcseyn \u015e\u0259hriyar\u201d.<\/p>\n<p>&nbsp;<\/p>\n<p><strong>\u201c\u00c7apar\u201d d\u0259rgisinin ba\u015f redaktoru Dilq\u0259m \u018fhm\u0259d:<\/strong><\/p>\n<p>&#8220;\u015eu\u015fada \u018fhm\u0259d b\u0259y A\u011fao\u011fluna, La\u00e7\u0131nda Xosrov b\u0259y Sultanova, Bak\u0131da is\u0259 M\u0259h\u0259mm\u0259d \u018fmin R\u0259sulzad\u0259y\u0259 heyk\u0259l ucald\u0131mas\u0131n\u0131 t\u00f6vsiy\u0259 ed\u0259rdim&#8221;<\/p>\n<p>&nbsp;<\/p>\n<p><strong>Yaz\u0131\u00e7\u0131 S\u0259f\u0259r Al\u0131\u015farl\u0131:<\/strong><\/p>\n<p>\u201cMirz\u0259 F\u0259t\u0259li Axundova v\u0259 \u041cirz\u0259 C\u0259lil\u0259\u201d.<\/p>\n<p>&nbsp;<\/p>\n<p><strong>Professor, \u018fm\u0259kdar jurnalist Qulu M\u0259h\u0259rr\u0259mli:<\/strong><\/p>\n<p>\u201c\u018fd\u0259bi: A\u015f\u0131q \u018fl\u0259sg\u0259r, Mirz\u0259 F\u0259t\u0259li Axundov, H\u0259s\u0259n B\u0259y Z\u0259rdabi, \u018fhm\u0259d b\u0259y A\u011fao\u011flu, Mirz\u0259 C\u0259lil, Sabir, H\u00fcseyn Cavid. Tarixi: Cavad xan, M.\u018f.R\u0259sulzad\u0259, \u018f.B.Top\u00e7uba\u015fov, N\u0259sib b\u0259y Yusifb\u0259yli, F\u0259t\u0259li xan Xoyski, H\u0259s\u0259n b\u0259y A\u011fayev, Nuru Pa\u015fa v\u0259 ba\u015fqalar\u0131. Bunu da qeyd edim ki, 27 Apreld\u0259 (1920) Yalama stansiyas\u0131nda i\u015f\u011fal\u00e7\u0131 XI Q\u0131rm\u0131z\u0131 Orduya qar\u015f\u0131 2 saat vuru\u015fmu\u015f 350 \u0259sg\u0259rd\u0259n ibar\u0259t alaya toplu abid\u0259 qoyulmas\u0131 g\u00f6z\u0259l olard\u0131\u201d.<\/p>\n<p>&nbsp;<\/p>\n<p><strong>Qazi, jurnalist Rey K\u0259rimo\u011flu:<\/strong><\/p>\n<p>\u201cM.\u018f. R\u0259sulzad\u0259 v\u0259 Nuri Pa\u015fa\u201d.<\/p>\n<p>&nbsp;<\/p>\n<p><strong>Sosioloq El\u00e7in Bayraml\u0131:<\/strong><\/p>\n<p>\u201cHeyk\u0259li olmayanlardan Bab\u0259k, Z\u0259rd\u00fc\u015ft Pey\u011f\u0259mb\u0259r, Mirc\u0259f\u0259r Ba\u011f\u0131rov, D\u0259d\u0259 Qorqud, K\u0259rim K\u0259rimov, Tusi, Xaqani, N\u00fc\u015fab\u0259, Nadir \u015fah, tarix\u0259n Az\u0259rbaycanda ya\u015fam\u0131\u015f b\u00f6y\u00fck aliml\u0259r\u201d.<\/p>\n<p>&nbsp;<\/p>\n<p><strong>\u015eair R\u0259biq\u0259 Nazimq\u0131z\u0131:<\/strong><\/p>\n<p>\u201cM\u0259nc\u0259, he\u00e7 k\u0259s\u0259. Abid\u0259 \u00fcr\u0259kd\u0259 varsa var, yoxdusa yoxdu. M\u0259n \u015fair\u0259 yox, \u015feir\u0259, q\u0259hr\u0259mana yox, onun q\u0259hr\u0259manl\u0131\u011f\u0131na abid\u0259 qoyulmas\u0131n\u0131n t\u0259r\u0259fdar\u0131yam\u201d.<\/p>\n<p>&nbsp;<\/p>\n<p><strong>Psixoloq G\u00fcnel Aslanova:<\/strong><br \/>\n\u201cSeyid H\u00fcseyn Sadiq, \u00dcmm\u00fcg\u00fcls\u00fcm Sad\u0131qzad\u0259, H\u00fcseyn \u018fr\u0259blinski\u201d.<\/p>\n<p>&nbsp;<\/p>\n<p><strong>Az\u0259rbaycan D\u00f6vl\u0259t \u0130qtisad Universiteti (UNEC) 24\/7 Kitabxanas\u0131n\u0131n m\u00fcdiri Arzu M\u0259mm\u0259dova:<\/strong><\/p>\n<p>&#8220;D\u00fc\u015f\u00fcn\u00fcr\u0259m ki, d\u00fcnya \u015f\u00f6hr\u0259tli alim L\u00fctfi Zad\u0259, azadl\u0131q car\u00e7\u0131s\u0131 kimi tan\u0131nan Tofiq Fikr\u0259t, b\u0259dii fikir tariximizin fenomeni \u0130lyas \u018ff\u0259ndiyev, B\u0259xtiyar Vahabzad\u0259, Musa Yaqub, g\u00f6rk\u0259mli s\u0259n\u0259tkarlar\u0131m\u0131z M\u0259lik Dada\u015fov, Ya\u015far Nuri, Ceyhum Mirz\u0259yevin adib\u0259si ucald\u0131ls\u0131n&#8221;.<\/p>\n<p>&nbsp;<\/p>\n<p><strong>Tarix\u00e7i-alim C\u0259mil\u0259 H\u0259s\u0259nova:<\/strong><\/p>\n<p>&#8220;T\u0259klif ed\u0259rdim ki, \u0130deal N\u0259rimanov &#8211; arxeoloq, S\u00fcleyman \u018fliyarl\u0131 &#8211; tarix\u00e7i (h\u0259m Az\u0259rbaycanda, h\u0259m d\u0259 T\u00fcrkiy\u0259d\u0259 i\u015fl\u0259yib, t\u0259dqiqatlar apar\u0131b) v\u0259 g\u00f6rk\u0259mli tarix\u00e7imiz Ziya B\u00fcnyadova abid\u0259 ucald\u0131ls\u0131n&#8221;.<\/p>\n<p>&nbsp;<\/p>\n<p><strong>O\u011fuz Ayvaz<\/strong><\/p>\n","protected":false},"excerpt":{"rendered":"<p>Az\u0259rbaycanda kiml\u0259r\u0259 abid\u0259 ucald\u0131lmal\u0131d\u0131r? &#8211; SOR\u011eU Az\u0259rbaycan\u0131n ictimai, siyasi, \u0259d\u0259bi h\u0259yat\u0131nda \u00f6z\u00fcn\u0259m\u0259xsus rolu olan \u015f\u0259xsiyy\u0259tl\u0259rin ad\u0131na abid\u0259l\u0259r qoyulur, heky\u0259ll\u0259r ucald\u0131l\u0131r. Paytaxtda, b\u00f6lg\u0259l\u0259rd\u0259 q\u00fcrur m\u0259nb\u0259yimiz olan xalq\u0131m\u0131z\u0131n, el\u0259c\u0259 d\u0259 d\u00fcnya m\u0259\u015fhurlar\u0131na&hellip; <\/p>\n","protected":false},"author":14,"featured_media":29931,"comment_status":"open","ping_status":"open","sticky":false,"template":"","format":"standard","meta":{"_mi_skip_tracking":false,"_monsterinsights_sitenote_active":false,"_monsterinsights_sitenote_note":"","_monsterinsights_sitenote_category":0,"footnotes":""},"categories":[5373,11,381],"tags":[9697,15,380],"aioseo_notices":[],"_links":{"self":[{"href":"https:\/\/infonews.az\/index.php?rest_route=\/wp\/v2\/posts\/29914"}],"collection":[{"href":"https:\/\/infonews.az\/index.php?rest_route=\/wp\/v2\/posts"}],"about":[{"href":"https:\/\/infonews.az\/index.php?rest_route=\/wp\/v2\/types\/post"}],"author":[{"embeddable":true,"href":"https:\/\/infonews.az\/index.php?rest_route=\/wp\/v2\/users\/14"}],"replies":[{"embeddable":true,"href":"https:\/\/infonews.az\/index.php?rest_route=%2Fwp%2Fv2%2Fcomments&post=29914"}],"version-history":[{"count":4,"href":"https:\/\/infonews.az\/index.php?rest_route=\/wp\/v2\/posts\/29914\/revisions"}],"predecessor-version":[{"id":29947,"href":"https:\/\/infonews.az\/index.php?rest_route=\/wp\/v2\/posts\/29914\/revisions\/29947"}],"wp:featuredmedia":[{"embeddable":true,"href":"https:\/\/infonews.az\/index.php?rest_route=\/wp\/v2\/media\/29931"}],"wp:attachment":[{"href":"https:\/\/infonews.az\/index.php?rest_route=%2Fwp%2Fv2%2Fmedia&parent=29914"}],"wp:term":[{"taxonomy":"category","embeddable":true,"href":"https:\/\/infonews.az\/index.php?rest_route=%2Fwp%2Fv2%2Fcategories&post=29914"},{"taxonomy":"post_tag","embeddable":true,"href":"https:\/\/infonews.az\/index.php?rest_route=%2Fwp%2Fv2%2Ftags&post=29914"}],"curies":[{"name":"wp","href":"https:\/\/api.w.org\/{rel}","templated":true}]}}