{"id":29938,"date":"2023-01-26T13:48:50","date_gmt":"2023-01-26T09:48:50","guid":{"rendered":"https:\/\/infonews.az\/?p=29938"},"modified":"2023-01-26T13:48:50","modified_gmt":"2023-01-26T09:48:50","slug":"prezident-lacin-xank%c9%99ndi-yolunda-indiy%c9%99d%c9%99k-mane%c9%99siz-h%c9%99r%c9%99k%c9%99t-ed%c9%99n-n%c9%99qliyyat-vasit%c9%99l%c9%99rinin-sayini-aciqlayib","status":"publish","type":"post","link":"https:\/\/infonews.az\/?p=29938","title":{"rendered":"Prezident La\u00e7\u0131n-Xank\u0259ndi yolunda indiy\u0259d\u0259k mane\u0259siz h\u0259r\u0259k\u0259t ed\u0259n n\u0259qliyyat vasit\u0259l\u0259rinin say\u0131n\u0131 a\u00e7\u0131qlay\u0131b"},"content":{"rendered":"<h5 class=\"news-title\"><span style=\"color: #ffffff\">Prezident La\u00e7\u0131n-Xank\u0259ndi yolunda indiy\u0259d\u0259k mane\u0259siz h\u0259r\u0259k\u0259t ed\u0259n n\u0259qliyyat vasit\u0259l\u0259rinin say\u0131n\u0131 a\u00e7\u0131qlay\u0131b<\/span><\/h5>\n<p>Dekabr\u0131n 12-d\u0259n etibar\u0259n 1 000-\u0259 yax\u0131n n\u0259qliyyat vasit\u0259sinin La\u00e7\u0131n-Xank\u0259ndi yolu il\u0259 h\u0259r iki istiqam\u0259td\u0259 ke\u00e7idi t\u0259min olunub.<\/p>\n<p>&#8220;<a href=\"https:\/\/infonews.az\">\u0130NFONEWS<\/a> &#8220;un x\u0259b\u0259rin\u0259 g\u00f6r\u0259, bu bar\u0259d\u0259 Prezident \u0130lham \u018fliyev yanvar\u0131n 26-da Fransan\u0131n \u00f6lk\u0259mizd\u0259 yeni t\u0259yin olunmu\u015f f\u00f6vq\u0259lad\u0259 v\u0259 s\u0259lahiyy\u0259tli s\u0259firi xan\u0131m Ann Buayonun etimadnam\u0259sini q\u0259bul ed\u0259rk\u0259n m\u0259lumat verib.<\/p>\n<p>D\u00f6vl\u0259t ba\u015f\u00e7\u0131s\u0131 son d\u00f6vrl\u0259rd\u0259 Az\u0259rbaycan \u0259razisind\u0259 La\u00e7\u0131n-Xank\u0259ndi yolunun guya ba\u011flanmas\u0131 bar\u0259d\u0259 Erm\u0259nistan\u0131n \u0259sass\u0131z iddialar ir\u0259li s\u00fcrd\u00fcy\u00fcn\u00fc qeyd ed\u0259r\u0259k, bu iddialar\u0131n tamamil\u0259 yalan v\u0259 c\u0259f\u0259ng oldu\u011funu deyib.<\/p>\n<p>Prezident \u0130lham \u018fliyev bildirib ki, Rusiya s\u00fclhm\u0259raml\u0131lar\u0131n\u0131n v\u0259 Beyn\u0259lxalq Q\u0131z\u0131l Xa\u00e7 Komit\u0259sinin x\u0259tti il\u0259 m\u00fclki t\u0259yinatl\u0131 y\u00fckl\u0259rin v\u0259 m\u00fclki \u015f\u0259xsl\u0259rin bu yolla da\u015f\u0131nmas\u0131 t\u0259min edilir.<\/p>\n<p>Qeyd ed\u0259k ki, Qaraba\u011fda faydal\u0131 qaz\u0131nt\u0131 yataqlar\u0131n\u0131n qanunsuz istismar\u0131 \u0259leyhin\u0259 \u015eu\u015fadan ke\u00e7\u0259n Xank\u0259ndi-La\u00e7\u0131n yolundak\u0131 etiraz aksiyas\u0131 \u00f6t\u0259n ilin dekabr\u0131n 12-d\u0259n etibar\u0259n ba\u015flay\u0131b.<\/p>\n<p>Bel\u0259 ki, \u015eu\u015fa \u0259razisind\u0259 Rusiya s\u00fclhm\u0259raml\u0131lar\u0131n\u0131n n\u0259zar\u0259tind\u0259 olan yolun bir hiss\u0259sind\u0259 etiraz aksiyas\u0131 az\u0259rbaycanl\u0131 f\u0259allar v\u0259 ekologiya \u00fczr\u0259 qeyri-h\u00f6kum\u0259t t\u0259\u015fkilatlar\u0131n\u0131n (QHT) \u00fczvl\u0259ri t\u0259r\u0259find\u0259n Qaraba\u011f iqtisadi rayonunda ekoloji terrora son qoyulmas\u0131 t\u0259l\u0259bi il\u0259 ke\u00e7irilir.<\/p>\n<p>2022-ci il dekabr\u0131n 3-d\u0259 v\u0259 7-d\u0259 Rusiya s\u00fclhm\u0259raml\u0131 kontingentinin komandanl\u0131\u011f\u0131 il\u0259 apar\u0131lm\u0131\u015f m\u00fczakir\u0259l\u0259rin n\u0259tic\u0259si olaraq \u0130qtisadiyyat Nazirliyi, Ekologiya v\u0259 T\u0259bii S\u0259rv\u0259tl\u0259r Nazirliyi, \u0130qtisadiyyat Nazirliyi yan\u0131nda \u018fmlak M\u0259s\u0259l\u0259l\u0259ri D\u00f6vl\u0259t Xidm\u0259ti v\u0259 \u201cAzerGold\u201d Qapal\u0131 S\u0259hmdar C\u0259miyy\u0259tinin m\u00fct\u0259x\u0259ssisl\u0259rind\u0259n ibar\u0259t hey\u0259t Rusiya s\u00fclhm\u0259raml\u0131 kontingentinin m\u00fcv\u0259qq\u0259ti yerl\u0259\u015fdiyi Az\u0259rbaycan \u0259razil\u0259rind\u0259 faydal\u0131 qaz\u0131nt\u0131 yataqlar\u0131n\u0131n qanunsuz istismar\u0131, bundan ir\u0259li g\u0259l\u0259n ekoloji v\u0259 dig\u0259r f\u0259sadlarla ba\u011fl\u0131 ilkin monitorinq aparmal\u0131 idi. Lakin s\u00fclhm\u0259raml\u0131lar\u0131n h\u0259r\u0259k\u0259tsizliyi ucbat\u0131ndan monitorinq ba\u015f tutmay\u0131b.<\/p>\n","protected":false},"excerpt":{"rendered":"<p>Prezident La\u00e7\u0131n-Xank\u0259ndi yolunda indiy\u0259d\u0259k mane\u0259siz h\u0259r\u0259k\u0259t ed\u0259n n\u0259qliyyat vasit\u0259l\u0259rinin say\u0131n\u0131 a\u00e7\u0131qlay\u0131b Dekabr\u0131n 12-d\u0259n etibar\u0259n 1 000-\u0259 yax\u0131n n\u0259qliyyat vasit\u0259sinin La\u00e7\u0131n-Xank\u0259ndi yolu il\u0259 h\u0259r iki istiqam\u0259td\u0259 ke\u00e7idi t\u0259min olunub. &#8220;\u0130NFONEWS &#8220;un&hellip; <\/p>\n","protected":false},"author":16,"featured_media":29939,"comment_status":"open","ping_status":"open","sticky":false,"template":"","format":"standard","meta":{"_mi_skip_tracking":false,"_monsterinsights_sitenote_active":false,"_monsterinsights_sitenote_note":"","_monsterinsights_sitenote_category":0,"footnotes":""},"categories":[11],"tags":[],"aioseo_notices":[],"_links":{"self":[{"href":"https:\/\/infonews.az\/index.php?rest_route=\/wp\/v2\/posts\/29938"}],"collection":[{"href":"https:\/\/infonews.az\/index.php?rest_route=\/wp\/v2\/posts"}],"about":[{"href":"https:\/\/infonews.az\/index.php?rest_route=\/wp\/v2\/types\/post"}],"author":[{"embeddable":true,"href":"https:\/\/infonews.az\/index.php?rest_route=\/wp\/v2\/users\/16"}],"replies":[{"embeddable":true,"href":"https:\/\/infonews.az\/index.php?rest_route=%2Fwp%2Fv2%2Fcomments&post=29938"}],"version-history":[{"count":1,"href":"https:\/\/infonews.az\/index.php?rest_route=\/wp\/v2\/posts\/29938\/revisions"}],"predecessor-version":[{"id":29940,"href":"https:\/\/infonews.az\/index.php?rest_route=\/wp\/v2\/posts\/29938\/revisions\/29940"}],"wp:featuredmedia":[{"embeddable":true,"href":"https:\/\/infonews.az\/index.php?rest_route=\/wp\/v2\/media\/29939"}],"wp:attachment":[{"href":"https:\/\/infonews.az\/index.php?rest_route=%2Fwp%2Fv2%2Fmedia&parent=29938"}],"wp:term":[{"taxonomy":"category","embeddable":true,"href":"https:\/\/infonews.az\/index.php?rest_route=%2Fwp%2Fv2%2Fcategories&post=29938"},{"taxonomy":"post_tag","embeddable":true,"href":"https:\/\/infonews.az\/index.php?rest_route=%2Fwp%2Fv2%2Ftags&post=29938"}],"curies":[{"name":"wp","href":"https:\/\/api.w.org\/{rel}","templated":true}]}}