{"id":2997,"date":"2021-01-25T14:30:56","date_gmt":"2021-01-25T10:30:56","guid":{"rendered":"https:\/\/infonews.az\/?p=2997"},"modified":"2021-01-28T02:20:31","modified_gmt":"2021-01-27T22:20:31","slug":"poliklinikalar-niy%c9%99-covid-19-pzr-testini-goturm%c9%99kd%c9%99n-boyuq-qacirir","status":"publish","type":"post","link":"https:\/\/infonews.az\/?p=2997","title":{"rendered":"COVID-19 x\u0259st\u0259l\u0259rin\u0259 qay\u011f\u0131 niy\u0259 azal\u0131b?"},"content":{"rendered":"<blockquote><p><span style=\"color: #ffffff;\">COVID-19 x\u0259st\u0259l\u0259rin\u0259 qay\u011f\u0131 niy\u0259 azal\u0131b?<\/span><\/p>\n<p>Son zamanlar v\u0259t\u0259nda\u015flar t\u0259r\u0259find\u0259n COVID-19 x\u0259st\u0259l\u0259rin\u0259 qay\u011f\u0131n\u0131n azald\u0131\u011f\u0131na dair m\u00fcraci\u0259tl\u0259r daxil olur.<\/p><\/blockquote>\n<p>Qeyd edilir ki, v\u0259t\u0259nda\u015flar poliklinikalar t\u0259r\u0259find\u0259n COV\u0130D-19 virusuna \u015f\u00fcbh\u0259li yoluxma hal\u0131 ba\u015f vermi\u015f x\u0259st\u0259l\u0259rd\u0259n PZR testl\u0259rinin(burun-udlaqdan yaxma) g\u00f6t\u00fcr\u00fclm\u0259sind\u0259n boyun qa\u00e7\u0131rma hallar\u0131 il\u0259 qar\u015f\u0131la\u015f\u0131rlar.<\/p>\n<p>Bizd\u0259 <a href=\"https:\/\/infonews.az\/?p=2997\"><span style=\"color: #ff0000;\"><strong>&#8220;\u0130NFONEWS&#8221;<\/strong><\/span><\/a> olaraq m\u0259s\u0259l\u0259 il\u0259 ba\u011fl\u0131 S\u0259hiyy\u0259 Nazirliyinin 9103 qaynar x\u0259tti il\u0259 \u0259laq\u0259 saxlad\u0131q:<\/p>\n<p><img loading=\"lazy\" decoding=\"async\" class=\"wp-image-3054 aligncenter\" src=\"https:\/\/infonews.az\/wp-content\/uploads\/2021\/01\/qaynar-1.jpg\" alt=\"\" width=\"422\" height=\"281\" srcset=\"https:\/\/infonews.az\/wp-content\/uploads\/2021\/01\/qaynar-1.jpg 550w, https:\/\/infonews.az\/wp-content\/uploads\/2021\/01\/qaynar-1-300x200.jpg 300w\" sizes=\"(max-width: 422px) 100vw, 422px\" \/><\/p>\n<p>&#8211;<strong> Hans\u0131 hallarda poliklinikalar t\u0259limata uy\u011fun \u015f\u0259kild\u0259 v\u0259t\u0259nda\u015flardan PZR testini g\u00f6t\u00fcrm\u0259lidir?<\/strong><br \/>\n&#8211; X\u0259st\u0259nin \u0259g\u0259r temperaturu varsa poliklinika g\u0259lib evd\u0259 yaxma g\u00f6t\u00fcr\u00fcr.<br \/>\n&#8211; <strong>B\u0259s x\u0259st\u0259 COVID-19 infeksiyas\u0131 t\u0259sdiql\u0259nmi\u015f x\u0259st\u0259 il\u0259 yax\u0131n t\u0259masda olubsa?<br \/>\n<\/strong>&#8211; T\u0259masda olanlardan test g\u00f6t\u00fcr\u00fclm\u00fcr.<br \/>\n<strong>&#8211; Niy\u0259?<br \/>\n<\/strong>&#8211; Qaydan\u0131 soru\u015fursuz, qayda bel\u0259dir!<br \/>\n<strong>&#8211; Ax\u0131 \u00dcST-\u00fcn t\u0259limatlar\u0131nda bel\u0259 deyilmir?!<br \/>\n<\/strong>&#8211; Nec\u0259 deyilir?<br \/>\n<strong>&#8211; \u018fm\u0259kda\u015f\u0131m\u0131z t\u0259r\u0259find\u0259n \u00dcST-\u00fcn t\u0259limatlar\u0131 bir daha xat\u0131rlad\u0131l\u0131r&#8230;<\/strong><br \/>\n&#8211; Y\u0259ni o dedikl\u0259rinizd\u0259 haql\u0131s\u0131n\u0131z, var el\u0259 bir qanun amma ki, hal-haz\u0131rda h\u0259rar\u0259ti olan x\u0259st\u0259l\u0259rd\u0259n test g\u00f6t\u00fcr\u00fcl\u00fcr.<br \/>\n<strong>&#8211; Yarana bil\u0259c\u0259k f\u0259sadlar bir daha diqq\u0259t\u0259 \u00e7atd\u0131r\u0131l\u0131r&#8230;<\/strong><br \/>\n&#8211; T\u0259masda olmu\u015f \u015f\u0259xsl\u0259r ya\u015fay\u0131\u015f yerini t\u0259rk etmir v\u0259 t\u0259crid olunur.<br \/>\n<strong>&#8211; H\u0259min \u015f\u0259xs ya\u015fay\u0131\u015f yerind\u0259ki dig\u0259r \u015f\u0259xsl\u0259ri yoluxdura bil\u0259r ax\u0131?!<\/strong><br \/>\n&#8211; Yox, \u0259g\u0259r \u015f\u0259xs bilirs\u0259 t\u0259masda olub, niy\u0259 yoluxdurma\u011fa \u00e7al\u0131\u015f\u0131r? Kontaktda olubsa t\u0259crid olunur. Bay\u0131ra \u00e7\u0131xm\u0131r. Yox, soru\u015fursuz ki, kimd\u0259n yaxma g\u00f6t\u00fcr\u00fclm\u0259lidir, yaxma ancaq temperaturu olan \u015f\u0259xsl\u0259rd\u0259n g\u00f6t\u00fcr\u00fcl\u00fcr. 14 g\u00fcn \u0259rzind\u0259 \u015f\u0259xs t\u0259crid olurur, \u0259g\u0259r simptom olarsa test g\u00f6t\u00fcr\u00fcl\u00fcr, \u0259g\u0259r simptomlar y\u00fcng\u00fcld\u00fcrs\u0259 yox. Kontaktda olubsa x\u0259st\u0259 il\u0259 onda simptomlar olacaq. Temperaturu qalxarsa m\u00fcraci\u0259t ed\u0259c\u0259k poliklinikaya onda g\u0259lib test g\u00f6t\u00fcr\u0259c\u0259kl\u0259r.<br \/>\n&#8211; <strong>B\u0259s yax\u015f\u0131 simptomsuz x\u0259st\u0259 nec\u0259 bil\u0259 bil\u0259rki o COV\u0130D x\u0259st\u0259sidir? Yax\u0131n m\u00fcdd\u0259td\u0259 x\u0259st\u0259liyi ke\u00e7irmi\u015f \u015f\u0259xsl\u0259r\u0259 t\u0259limata \u0259sas\u0259n vaksin vururlmamal\u0131d\u0131r, b\u0259s onu nec\u0259 t\u0259nziml\u0259y\u0259c\u0259ksiniz?<\/strong><br \/>\n&#8211; O \u015f\u0259xsl\u0259r\u00a0 qan analizi ver\u0259c\u0259k, \u0259g\u0259r ke\u00e7iribs\u0259 onun qan\u0131nda antitell\u0259r var.<br \/>\n&#8211; <strong>O zaman ham\u0131dan qan analizi g\u00f6t\u00fcr\u0259c\u0259ksiniz vaksin vurmam\u0131\u015fdan \u00f6nc\u0259?<\/strong><br \/>\n&#8211; Onu m\u0259n g\u00f6t\u00fcrm\u00fcr\u0259m, m\u0259n bilmir\u0259m, hal-haz\u0131rda s\u0259hiyy\u0259 i\u015f\u00e7il\u0259rin\u0259 vurulur.<br \/>\n&#8211; <strong>Fevral ay\u0131n\u0131n 1-d\u0259n v\u0259t\u0259nda\u015flara vaksin vurulanda nec\u0259 olacaq?<\/strong><br \/>\n&#8211; Ay\u0131n 1-d\u0259n n\u0259 qayda qoyulacaqsa onun haqq\u0131nda biz\u0259 m\u0259lumat h\u0259l\u0259 verilm\u0259yib nec\u0259 olacaq. Bu \u00fcmumd\u00fcnya qanunlar\u0131d\u0131r.<br \/>\n&#8211; <strong>\u00dcST-\u00fcn t\u0259limatlar\u0131 bel\u0259 deyil ax\u0131?!<\/strong><br \/>\n&#8211; Biz\u0259 bel\u0259 deyilib, bizd\u0259 siz\u0259 bel\u0259 cavab veririk.<\/p>\n<p><img loading=\"lazy\" decoding=\"async\" class=\"size-full wp-image-3055 aligncenter\" src=\"https:\/\/infonews.az\/wp-content\/uploads\/2021\/01\/sehiyye.png\" alt=\"\" width=\"700\" height=\"440\" srcset=\"https:\/\/infonews.az\/wp-content\/uploads\/2021\/01\/sehiyye.png 700w, https:\/\/infonews.az\/wp-content\/uploads\/2021\/01\/sehiyye-300x189.png 300w\" sizes=\"(max-width: 700px) 100vw, 700px\" \/><\/p>\n<p>Qeyd ed\u0259k ki, T\u018fB\u0130B t\u0259r\u0259find\u0259n t\u0259sdiq edilmi\u015f v\u0259 2020-ci ild\u0259 \u00e7ap edilmi\u015f <strong>COV\u0130D-19 T\u0130BB \u0130\u015e\u00c7\u0130L\u018fR\u0130 \u00dc\u00c7\u00dcN M\u00dcV\u018fQQ\u018fT\u0130 R\u018fHB\u018fRL\u0130K<\/strong> kitab\u00e7as\u0131nda <strong>X\u018fST\u018fL\u0130Y\u0130N M\u00dc\u018fYY\u018fNL\u018f\u015eD\u0130R\u0130LM\u018fS\u0130 V\u018f \u0130DAR\u018f OLUNMASI <\/strong>qaydalar\u0131na \u0259sas\u0259n:<br \/>\nA\u015fa\u011f\u0131daki iki haldan h\u0259r hans\u0131 birin\u0259 uy\u011fun olan hadis\u0259l\u0259r \u015f\u00fcbh\u0259li yoluxma hal\u0131 kimi qiym\u0259tl\u0259ndirilir:<br \/>\n1. Klinikan\u0131n ba\u015fqa bir etiologiya il\u0259 izah edil\u0259 bilm\u0259diyi \u015eidd\u0259tli K\u0259skin Respirator \u0130nfeksiya (SARI) (q\u0131zd\u0131rma, \u00f6sk\u00fcr\u0259k v\u0259 x\u0259st\u0259xanaya stasionar m\u00fcalic\u0259 t\u0259l\u0259bi)1 olmas\u0131 (immuniteti z\u0259if olan x\u0259st\u0259l\u0259rd\u0259 klinik m\u0259nz\u0259r\u0259 atipik gedi\u015fli ola bil\u0259r) v\u0259 a\u015fa\u011f\u0131dak\u0131lardan \u0259n az\u0131 birinin olmas\u0131;<br \/>\n\u2022 Ya\u015fay\u0131\u015f yerind\u0259n v\u0259 s\u0259yah\u0259t ke\u00e7mi\u015find\u0259n as\u0131l\u0131 olmayaraq COVID-19 infeksiyal\u0131 x\u0259st\u0259l\u0259rin m\u00fcalic\u0259 olundu\u011fu b\u00f6lm\u0259l\u0259rd\u0259 \u00e7al\u0131\u015fan tibb i\u015f\u00e7il\u0259ri;<br \/>\n2. \u0130st\u0259nil\u0259n a\u011f\u0131rl\u0131qda k\u0259skin respirator x\u0259st\u0259liyi v\u0259 simptomlar\u0131n ba\u015flanmas\u0131ndan \u0259vv\u0259lki son 14 g\u00fcn \u0259rzind\u0259 a\u015fa\u011f\u0131dak\u0131lardan h\u0259r hans\u0131 biri olan \u015f\u0259xs:<br \/>\n\u2022 COVID-19 infeksiyas\u0131 t\u0259sdiql\u0259nmi\u015f x\u0259st\u0259 il\u0259 yax\u0131n t\u0259mas;<br \/>\n\u2022 X\u0259st\u0259xana il\u0259 \u0259laq\u0259li COVID-19 infeksiyas\u0131 olan \u00f6lk\u0259d\u0259ki bir tibb m\u00fc\u0259ssis\u0259sind\u0259 olmaq;<\/p>\n<p><em>Qeyd ed\u0259k ki, simptomsuz koronavirus x\u0259st\u0259l\u0259rind\u0259n test g\u00f6t\u00fcr\u00fclm\u0259m\u0259si n\u0259tic\u0259sind\u0259 onlar\u0131n \u00f6zl\u0259rini izolasiya etm\u0259m\u0259si v\u0259 c\u0259miyy\u0259td\u0259n t\u0259crid olunmamalar\u0131 g\u00fcn\u00fc-g\u00fcnd\u0259n daha \u00e7ox \u015f\u0259xsin koronavirusa yoluxmas\u0131na s\u0259b\u0259b ola bil\u0259r. N\u0259z\u0259r\u0259 alsaq ki, asimptomatik x\u0259st\u0259nin yoluxdurdu\u011fu insan\u0131n yana\u015f\u0131 xroniki x\u0259st\u0259likl\u0259rinin olmas\u0131 qa\u00e7\u0131lmazd\u0131r v\u0259 o, bu x\u0259st\u0259liyi a\u011f\u0131r ke\u00e7ir\u0259, h\u0259tda bu s\u0259b\u0259bd\u0259n h\u0259yat\u0131n\u0131da itir\u0259 bil\u0259r, dem\u0259li q\u0259rar bir daha g\u00f6zd\u0259n ke\u00e7irilm\u0259lidir.<\/em><\/p>\n<p><em><strong>\u00dcmid edirik aidiyyat\u0131 qurumlar m\u0259s\u0259l\u0259 il\u0259 ba\u011fl\u0131 vaxt\u0131nda m\u00fcvafiq \u00f6l\u00e7\u00fc t\u0259dbirl\u0259ri g\u00f6r\u0259c\u0259kl\u0259r&#8230;<\/strong><\/em><\/p>\n","protected":false},"excerpt":{"rendered":"<p>COVID-19 x\u0259st\u0259l\u0259rin\u0259 qay\u011f\u0131 niy\u0259 azal\u0131b? Son zamanlar v\u0259t\u0259nda\u015flar t\u0259r\u0259find\u0259n COVID-19 x\u0259st\u0259l\u0259rin\u0259 qay\u011f\u0131n\u0131n azald\u0131\u011f\u0131na dair m\u00fcraci\u0259tl\u0259r daxil olur. Qeyd edilir ki, v\u0259t\u0259nda\u015flar poliklinikalar t\u0259r\u0259find\u0259n COV\u0130D-19 virusuna \u015f\u00fcbh\u0259li yoluxma hal\u0131 ba\u015f vermi\u015f&hellip; <\/p>\n","protected":false},"author":3,"featured_media":2998,"comment_status":"open","ping_status":"open","sticky":false,"template":"","format":"standard","meta":{"_mi_skip_tracking":false,"_monsterinsights_sitenote_active":false,"_monsterinsights_sitenote_note":"","_monsterinsights_sitenote_category":0,"footnotes":""},"categories":[699,11],"tags":[766,15,22,286],"aioseo_notices":[],"_links":{"self":[{"href":"https:\/\/infonews.az\/index.php?rest_route=\/wp\/v2\/posts\/2997"}],"collection":[{"href":"https:\/\/infonews.az\/index.php?rest_route=\/wp\/v2\/posts"}],"about":[{"href":"https:\/\/infonews.az\/index.php?rest_route=\/wp\/v2\/types\/post"}],"author":[{"embeddable":true,"href":"https:\/\/infonews.az\/index.php?rest_route=\/wp\/v2\/users\/3"}],"replies":[{"embeddable":true,"href":"https:\/\/infonews.az\/index.php?rest_route=%2Fwp%2Fv2%2Fcomments&post=2997"}],"version-history":[{"count":8,"href":"https:\/\/infonews.az\/index.php?rest_route=\/wp\/v2\/posts\/2997\/revisions"}],"predecessor-version":[{"id":3059,"href":"https:\/\/infonews.az\/index.php?rest_route=\/wp\/v2\/posts\/2997\/revisions\/3059"}],"wp:featuredmedia":[{"embeddable":true,"href":"https:\/\/infonews.az\/index.php?rest_route=\/wp\/v2\/media\/2998"}],"wp:attachment":[{"href":"https:\/\/infonews.az\/index.php?rest_route=%2Fwp%2Fv2%2Fmedia&parent=2997"}],"wp:term":[{"taxonomy":"category","embeddable":true,"href":"https:\/\/infonews.az\/index.php?rest_route=%2Fwp%2Fv2%2Fcategories&post=2997"},{"taxonomy":"post_tag","embeddable":true,"href":"https:\/\/infonews.az\/index.php?rest_route=%2Fwp%2Fv2%2Ftags&post=2997"}],"curies":[{"name":"wp","href":"https:\/\/api.w.org\/{rel}","templated":true}]}}