{"id":30035,"date":"2023-01-28T15:27:08","date_gmt":"2023-01-28T11:27:08","guid":{"rendered":"https:\/\/infonews.az\/?p=30035"},"modified":"2023-01-28T17:10:44","modified_gmt":"2023-01-28T13:10:44","slug":"socar-az%c9%99riqaz-istehsalat-birliyinin-aciq-mikrofon-aksiyasi-davam-edir","status":"publish","type":"post","link":"https:\/\/infonews.az\/?p=30035","title":{"rendered":"SOCAR \u201cAz\u0259riqaz\u201d \u0130stehsalat Birliyinin \u201cA\u00e7\u0131q mikrofon\u201d aksiyas\u0131 davam edir"},"content":{"rendered":"<blockquote><p><span style=\"color: #000000;\">SOCAR \u201cAz\u0259riqaz\u201d \u0130stehsalat Birliyinin \u201cA\u00e7\u0131q mikrofon\u201d aksiyas\u0131 davam edir .<\/span><\/p><\/blockquote>\n<p><span style=\"color: #000000;\">\u201cAz\u0259riqaz\u201d \u0130stehsalat Birliyinin M\u0259tbuat xidm\u0259tind\u0259n <a href=\"https:\/\/infonews.az\/\"><strong>\u201c\u0130NFONEWS\u201d<\/strong><\/a>-a veril\u0259n m\u0259lumata g\u00f6r\u0259, n\u00f6vb\u0259ti h\u0259ft\u0259 (30-31.01.2023, 01.02.2023 v\u0259 03.02.2023 tarixl\u0259ri) saat 11:00-dan 12:00-d\u0259k daha 4 rayonda v\u0259t\u0259nda\u015flarla \u201cA\u00e7\u0131q mikrofon\u201d aksiyas\u0131 ke\u00e7iril\u0259c\u0259k. Aksiya h\u0259ft\u0259nin 1-ci g\u00fcn\u00fc Quba rayonunda (G\u0259ncl\u0259r Park\u0131), 2-ci g\u00fcn\u00fc Siy\u0259z\u0259n rayonunda (M\u0259rk\u0259zi Kitabxana), 3-c\u00fc g\u00fcn\u00fc Qusar rayonunda (R\u0259sm Qalereyas\u0131) v\u0259 5-ci g\u00fcn\u00fc is\u0259 X\u0131z\u0131 rayonunda (Heyd\u0259r \u018fliyev M\u0259rk\u0259zi) ba\u015f tutacaq. <\/span><\/p>\n<p><span style=\"color: #000000;\">V\u0259t\u0259nda\u015flar qeyd olunan \u00fcnvanlara yax\u0131nla\u015faraq \u201cA\u00e7\u0131q mikrofon\u201d aksiyas\u0131n\u0131n imkanlar\u0131ndan maksimum istifad\u0259 ed\u0259r\u0259k, \u00f6z problem v\u0259 t\u0259klifl\u0259rini rahat \u015f\u0259kild\u0259 ifad\u0259 ed\u0259 bil\u0259rl\u0259r.<\/span><\/p>\n","protected":false},"excerpt":{"rendered":"<p>SOCAR \u201cAz\u0259riqaz\u201d \u0130stehsalat Birliyinin \u201cA\u00e7\u0131q mikrofon\u201d aksiyas\u0131 davam edir . \u201cAz\u0259riqaz\u201d \u0130stehsalat Birliyinin M\u0259tbuat xidm\u0259tind\u0259n \u201c\u0130NFONEWS\u201d-a veril\u0259n m\u0259lumata g\u00f6r\u0259, n\u00f6vb\u0259ti h\u0259ft\u0259 (30-31.01.2023, 01.02.2023 v\u0259 03.02.2023 tarixl\u0259ri) saat 11:00-dan 12:00-d\u0259k daha&hellip; <\/p>\n","protected":false},"author":3,"featured_media":27803,"comment_status":"open","ping_status":"open","sticky":false,"template":"","format":"standard","meta":{"_mi_skip_tracking":false,"_monsterinsights_sitenote_active":false,"_monsterinsights_sitenote_note":"","_monsterinsights_sitenote_category":0,"footnotes":""},"categories":[5373,11],"tags":[9703,579,728],"aioseo_notices":[],"_links":{"self":[{"href":"https:\/\/infonews.az\/index.php?rest_route=\/wp\/v2\/posts\/30035"}],"collection":[{"href":"https:\/\/infonews.az\/index.php?rest_route=\/wp\/v2\/posts"}],"about":[{"href":"https:\/\/infonews.az\/index.php?rest_route=\/wp\/v2\/types\/post"}],"author":[{"embeddable":true,"href":"https:\/\/infonews.az\/index.php?rest_route=\/wp\/v2\/users\/3"}],"replies":[{"embeddable":true,"href":"https:\/\/infonews.az\/index.php?rest_route=%2Fwp%2Fv2%2Fcomments&post=30035"}],"version-history":[{"count":2,"href":"https:\/\/infonews.az\/index.php?rest_route=\/wp\/v2\/posts\/30035\/revisions"}],"predecessor-version":[{"id":30037,"href":"https:\/\/infonews.az\/index.php?rest_route=\/wp\/v2\/posts\/30035\/revisions\/30037"}],"wp:featuredmedia":[{"embeddable":true,"href":"https:\/\/infonews.az\/index.php?rest_route=\/wp\/v2\/media\/27803"}],"wp:attachment":[{"href":"https:\/\/infonews.az\/index.php?rest_route=%2Fwp%2Fv2%2Fmedia&parent=30035"}],"wp:term":[{"taxonomy":"category","embeddable":true,"href":"https:\/\/infonews.az\/index.php?rest_route=%2Fwp%2Fv2%2Fcategories&post=30035"},{"taxonomy":"post_tag","embeddable":true,"href":"https:\/\/infonews.az\/index.php?rest_route=%2Fwp%2Fv2%2Ftags&post=30035"}],"curies":[{"name":"wp","href":"https:\/\/api.w.org\/{rel}","templated":true}]}}