{"id":30040,"date":"2023-01-28T17:16:41","date_gmt":"2023-01-28T13:16:41","guid":{"rendered":"https:\/\/infonews.az\/?p=30040"},"modified":"2023-01-28T17:16:41","modified_gmt":"2023-01-28T13:16:41","slug":"az%c9%99rbaycan-ordusu-q%c9%99zetinin-7-ci-sayi-buraxilib","status":"publish","type":"post","link":"https:\/\/infonews.az\/?p=30040","title":{"rendered":"\u201cAz\u0259rbaycan Ordusu\u201d q\u0259zetinin 7-ci say\u0131 burax\u0131l\u0131b"},"content":{"rendered":"<blockquote><p><span style=\"color: #000000;\">\u201cAz\u0259rbaycan Ordusu\u201d q\u0259zetinin 7-ci say\u0131 burax\u0131l\u0131b .<\/span><\/p><\/blockquote>\n<p><span style=\"color: #000000;\">Bu bar\u0259d\u0259<strong><a style=\"color: #000000;\" href=\"https:\/\/infonews.az\/\"><span style=\"color: #000080;\">\u201c\u0130NFONEWS\u201d<\/span><\/a><\/strong>-a M\u00fcdafi\u0259 Nazirliyind\u0259n m\u0259lumat verilib.<\/span><\/p>\n<p><span style=\"color: #000000;\"><strong>H\u0259r birimiz V\u0259t\u0259nin ke\u015fik\u00e7isiyik<\/strong><\/span><\/p>\n<p><span style=\"color: #000000;\">&#8220;\u018fsg\u0259rin c\u0259sar\u0259ti m\u00fcharib\u0259d\u0259, xalq\u0131n c\u0259sar\u0259ti is\u0259 a\u011f\u0131r s\u0131naq g\u00fcnl\u0259rind\u0259 b\u0259lli olur&#8221;. Bu aforizm h\u0259m Az\u0259rbaycan xalq\u0131n\u0131n uzun ill\u0259r \u00e7\u0259kdiyi Qaraba\u011f h\u0259sr\u0259tini, h\u0259m d\u0259 M\u00fcz\u0259ff\u0259r Ali Ba\u015f Komandan\u0131n r\u0259hb\u0259rliyi alt\u0131nda ordumuzun qazand\u0131\u011f\u0131 parlaq z\u0259f\u0259ri \u0259hat\u0259 edir<\/span><a href=\"https:\/\/mod.gov.az\/az\/pre\/46460.html\"><strong>&#8230;davam\u0131<\/strong><\/a><\/p>\n<p><span style=\"color: #000000;\"><strong>Qarl\u0131 da\u011flar, sizd\u0259n a\u015fan yolday\u0131q!<\/strong><\/span><\/p>\n<p><span style=\"color: #000000;\">Yol da qard\u0131, sa\u011f da qard\u0131, sol da qard\u0131. Bir yolun u\u011fur yol\u00e7usuyuq, m\u0259nzil bir az uzaqd\u0131. M\u0259nzil\u0259 tez \u00e7atma\u011fa, \u0259ll\u0259rimizin \u0259sg\u0259r \u0259ll\u0259rind\u0259 isin\u0259c\u0259yi anlara sar\u0131 yol gedirik. Uzaql\u0131q m\u0259saf\u0259 uzaql\u0131\u011f\u0131d\u0131, ruh\u0259n h\u0259mi\u015f\u0259 onlar\u0131n yan\u0131nda olmu\u015fuq<\/span><a href=\"https:\/\/mod.gov.az\/az\/pre\/46461.html\"><strong>&#8230;davam\u0131<\/strong><\/a><\/p>\n<p><span style=\"color: #000000;\"><strong>Az\u0259rbaycan Ordusunun \u015f\u0259xsi hey\u0259ti il\u0259 ke\u00e7iril\u0259n ictimai-siyasi haz\u0131rl\u0131q d\u0259rsi<\/strong><\/span><\/p>\n<p><span style=\"color: #000000;\"><strong>M\u00f6vzu:<\/strong> 26 Fevral &#8211; Xocal\u0131 faci\u0259si<\/span><\/p>\n<p><span style=\"color: #000000;\"><strong>Suallar:<\/strong><\/span><\/p>\n<p><span style=\"color: #000000;\"><strong>1.<\/strong>\u00a0Xocal\u0131 faci\u0259si \u0259r\u0259f\u0259sind\u0259 b\u00f6lg\u0259d\u0259 yaranm\u0131\u015f ictimai-siyasi v\u0259ziyy\u0259t.<\/span><\/p>\n<p><span style=\"color: #000000;\"><strong>2.<\/strong>\u00a026 Fevral &#8211; Xocal\u0131 faci\u0259si. Xocal\u0131n\u0131n q\u0259hr\u0259mancas\u0131na m\u00fcdafi\u0259si.<\/span><\/p>\n<p><span style=\"color: #000000;\"><strong>3.<\/strong>\u00a0Xocal\u0131 faci\u0259sinin beyn\u0259lxalq al\u0259md\u0259 soyq\u0131r\u0131m\u0131 kimi tan\u0131nmas\u0131<\/span><a href=\"https:\/\/mod.gov.az\/az\/pre\/46462.html\"><strong>&#8230;davam\u0131<\/strong><\/a><\/p>\n<p><span style=\"color: #000000;\"><strong>\u015e\u0259hid zabitin t\u0259hsil ald\u0131\u011f\u0131 h\u0259rbi liseyd\u0259 an\u0131m m\u0259rasimi ke\u00e7irildi<\/strong><\/span><\/p>\n<p><span style=\"color: #000000;\">Bu g\u00fcnl\u0259rd\u0259 &#8220;Az\u0259rbaycan Bayra\u011f\u0131&#8221; ordenli \u015f\u0259hid Elvin \u015e\u00fck\u00fcrl\u00fcn\u00fcn an\u0131m t\u0259dbiri ke\u00e7irildi<\/span><a href=\"https:\/\/mod.gov.az\/az\/pre\/46463.html\"><strong>&#8230;davam\u0131<\/strong><\/a><\/p>\n<p><a href=\"https:\/\/mod.gov.az\/\/images\/pdf\/38fb689ae754888d3403224815ec6400.pdf\"><strong>&#8220;Az\u0259rbaycan Ordusu&#8221; q\u0259zetinin tam variant\u0131<\/strong><\/a><\/p>\n","protected":false},"excerpt":{"rendered":"<p>\u201cAz\u0259rbaycan Ordusu\u201d q\u0259zetinin 7-ci say\u0131 burax\u0131l\u0131b . Bu bar\u0259d\u0259\u201c\u0130NFONEWS\u201d-a M\u00fcdafi\u0259 Nazirliyind\u0259n m\u0259lumat verilib. H\u0259r birimiz V\u0259t\u0259nin ke\u015fik\u00e7isiyik &#8220;\u018fsg\u0259rin c\u0259sar\u0259ti m\u00fcharib\u0259d\u0259, xalq\u0131n c\u0259sar\u0259ti is\u0259 a\u011f\u0131r s\u0131naq g\u00fcnl\u0259rind\u0259 b\u0259lli olur&#8221;. Bu aforizm&hellip; <\/p>\n","protected":false},"author":3,"featured_media":16903,"comment_status":"open","ping_status":"open","sticky":false,"template":"","format":"standard","meta":{"_mi_skip_tracking":false,"_monsterinsights_sitenote_active":false,"_monsterinsights_sitenote_note":"","_monsterinsights_sitenote_category":0,"footnotes":""},"categories":[6664,11],"tags":[6064,4687],"aioseo_notices":[],"_links":{"self":[{"href":"https:\/\/infonews.az\/index.php?rest_route=\/wp\/v2\/posts\/30040"}],"collection":[{"href":"https:\/\/infonews.az\/index.php?rest_route=\/wp\/v2\/posts"}],"about":[{"href":"https:\/\/infonews.az\/index.php?rest_route=\/wp\/v2\/types\/post"}],"author":[{"embeddable":true,"href":"https:\/\/infonews.az\/index.php?rest_route=\/wp\/v2\/users\/3"}],"replies":[{"embeddable":true,"href":"https:\/\/infonews.az\/index.php?rest_route=%2Fwp%2Fv2%2Fcomments&post=30040"}],"version-history":[{"count":1,"href":"https:\/\/infonews.az\/index.php?rest_route=\/wp\/v2\/posts\/30040\/revisions"}],"predecessor-version":[{"id":30041,"href":"https:\/\/infonews.az\/index.php?rest_route=\/wp\/v2\/posts\/30040\/revisions\/30041"}],"wp:featuredmedia":[{"embeddable":true,"href":"https:\/\/infonews.az\/index.php?rest_route=\/wp\/v2\/media\/16903"}],"wp:attachment":[{"href":"https:\/\/infonews.az\/index.php?rest_route=%2Fwp%2Fv2%2Fmedia&parent=30040"}],"wp:term":[{"taxonomy":"category","embeddable":true,"href":"https:\/\/infonews.az\/index.php?rest_route=%2Fwp%2Fv2%2Fcategories&post=30040"},{"taxonomy":"post_tag","embeddable":true,"href":"https:\/\/infonews.az\/index.php?rest_route=%2Fwp%2Fv2%2Ftags&post=30040"}],"curies":[{"name":"wp","href":"https:\/\/api.w.org\/{rel}","templated":true}]}}