{"id":3028,"date":"2021-01-25T13:53:33","date_gmt":"2021-01-25T09:53:33","guid":{"rendered":"https:\/\/infonews.az\/?p=3028"},"modified":"2021-01-25T13:53:33","modified_gmt":"2021-01-25T09:53:33","slug":"portuqaliyanin-hazirki-dovl%c9%99t-bascisi-prezident-seckil%c9%99rind%c9%99-q%c9%99l%c9%99b%c9%99-qazandi","status":"publish","type":"post","link":"https:\/\/infonews.az\/?p=3028","title":{"rendered":"Portuqaliyan\u0131n haz\u0131rk\u0131 d\u00f6vl\u0259t ba\u015f\u00e7\u0131s\u0131 prezident se\u00e7kil\u0259rind\u0259 q\u0259l\u0259b\u0259 qazand\u0131"},"content":{"rendered":"<p><strong>&#8220;\u0130NFONEWS&#8221;<\/strong> x\u0259b\u0259r verir ki,\u00a0Portuqaliyan\u0131n haz\u0131rk\u0131 d\u00f6vl\u0259t ba\u015f\u00e7\u0131s\u0131 Marselu Rebelu di Souza ilkin n\u0259tic\u0259l\u0259r\u0259 g\u00f6r\u0259 \u00f6lk\u0259d\u0259 ke\u00e7iril\u0259n prezident se\u00e7kil\u0259rinin birinci turunda inaml\u0131 q\u0259l\u0259b\u0259 qazanaraq n\u00f6vb\u0259ti m\u00fcdd\u0259t\u0259 prezident se\u00e7ilib.<\/p>\n<p>Bu bar\u0259d\u0259 \u201cDiariu di Notisia\u015f\u201d q\u0259zeti yaz\u0131b.<\/p>\n<p>99.5 faiz s\u0259sl\u0259rin say\u0131lmas\u0131ndan sonra haz\u0131rk\u0131 d\u00f6vl\u0259t ba\u015f\u00e7\u0131s\u0131 61 faiz s\u0259s toplay\u0131b. \u0130kinci yerd\u0259 q\u0259rarla\u015fan sosialist, ke\u00e7mi\u015f diplomat Ana Qome\u015f is\u0259 13 faizd\u0259n az s\u0259s toplaya bilib.<\/p>\n<p>Xat\u0131rladaq ki, 72 ya\u015fl\u0131 Marselo Rebelo de Souza prezident se\u00e7kil\u0259rind\u0259 a\u015fkar favorit olub. O, ilk d\u0259f\u0259 qat\u0131ld\u0131\u011f\u0131 2016-c\u0131 il se\u00e7kil\u0259rind\u0259 d\u0259 birinci turda qalib g\u0259lib. H\u0259min vaxt o, 52 faiz s\u0259s toplam\u0131\u015fd\u0131.<\/p>\n","protected":false},"excerpt":{"rendered":"<p>&#8220;\u0130NFONEWS&#8221; x\u0259b\u0259r verir ki,\u00a0Portuqaliyan\u0131n haz\u0131rk\u0131 d\u00f6vl\u0259t ba\u015f\u00e7\u0131s\u0131 Marselu Rebelu di Souza ilkin n\u0259tic\u0259l\u0259r\u0259 g\u00f6r\u0259 \u00f6lk\u0259d\u0259 ke\u00e7iril\u0259n prezident se\u00e7kil\u0259rinin birinci turunda inaml\u0131 q\u0259l\u0259b\u0259 qazanaraq n\u00f6vb\u0259ti m\u00fcdd\u0259t\u0259 prezident se\u00e7ilib. Bu bar\u0259d\u0259 \u201cDiariu&hellip; <\/p>\n","protected":false},"author":3,"featured_media":3029,"comment_status":"open","ping_status":"open","sticky":false,"template":"","format":"standard","meta":{"_mi_skip_tracking":false,"_monsterinsights_sitenote_active":false,"_monsterinsights_sitenote_note":"","_monsterinsights_sitenote_category":0,"footnotes":""},"categories":[9,6,11],"tags":[745,732,139],"aioseo_notices":[],"_links":{"self":[{"href":"https:\/\/infonews.az\/index.php?rest_route=\/wp\/v2\/posts\/3028"}],"collection":[{"href":"https:\/\/infonews.az\/index.php?rest_route=\/wp\/v2\/posts"}],"about":[{"href":"https:\/\/infonews.az\/index.php?rest_route=\/wp\/v2\/types\/post"}],"author":[{"embeddable":true,"href":"https:\/\/infonews.az\/index.php?rest_route=\/wp\/v2\/users\/3"}],"replies":[{"embeddable":true,"href":"https:\/\/infonews.az\/index.php?rest_route=%2Fwp%2Fv2%2Fcomments&post=3028"}],"version-history":[{"count":1,"href":"https:\/\/infonews.az\/index.php?rest_route=\/wp\/v2\/posts\/3028\/revisions"}],"predecessor-version":[{"id":3030,"href":"https:\/\/infonews.az\/index.php?rest_route=\/wp\/v2\/posts\/3028\/revisions\/3030"}],"wp:featuredmedia":[{"embeddable":true,"href":"https:\/\/infonews.az\/index.php?rest_route=\/wp\/v2\/media\/3029"}],"wp:attachment":[{"href":"https:\/\/infonews.az\/index.php?rest_route=%2Fwp%2Fv2%2Fmedia&parent=3028"}],"wp:term":[{"taxonomy":"category","embeddable":true,"href":"https:\/\/infonews.az\/index.php?rest_route=%2Fwp%2Fv2%2Fcategories&post=3028"},{"taxonomy":"post_tag","embeddable":true,"href":"https:\/\/infonews.az\/index.php?rest_route=%2Fwp%2Fv2%2Ftags&post=3028"}],"curies":[{"name":"wp","href":"https:\/\/api.w.org\/{rel}","templated":true}]}}