{"id":3035,"date":"2021-01-25T14:10:03","date_gmt":"2021-01-25T10:10:03","guid":{"rendered":"https:\/\/infonews.az\/?p=3035"},"modified":"2021-01-25T14:10:03","modified_gmt":"2021-01-25T10:10:03","slug":"erm%c9%99ni-isgal-n%c9%99tic%c9%99sind%c9%99-d%c9%99y%c9%99n-ziyanin-qiym%c9%99tl%c9%99ndirilm%c9%99si-davam-edir","status":"publish","type":"post","link":"https:\/\/infonews.az\/?p=3035","title":{"rendered":"Erm\u0259ni i\u015f\u011fal n\u0259tic\u0259sind\u0259 d\u0259y\u0259n ziyan\u0131n qiym\u0259tl\u0259ndirilm\u0259si davam edir"},"content":{"rendered":"<p><strong>&#8220;\u0130NFONEWS&#8221;<\/strong> x\u0259b\u0259r verir.<\/p>\n<blockquote><p>Prezident \u0130lham \u018fliyevin \u201cAz\u0259rbaycan Respublikas\u0131n\u0131n i\u015f\u011faldan azad olunmu\u015f \u0259razil\u0259rind\u0259 m\u00fcv\u0259qq\u0259ti x\u00fcsusi idar\u0259etm\u0259nin t\u0259\u015fkili haqq\u0131nda\u201d 29 oktyabr tarixli F\u0259rman\u0131ndan v\u0259 bu istiqam\u0259td\u0259 tap\u015f\u0131r\u0131qlar\u0131ndan ir\u0259li g\u0259l\u0259n v\u0259zif\u0259l\u0259rin icras\u0131n\u0131n t\u0259min olunmas\u0131 m\u0259qs\u0259dil\u0259 Ba\u015f Prokurorlu\u011fun \u0130stintaq idar\u0259sind\u0259 ba\u015flanm\u0131\u015f cinay\u0259t i\u015fl\u0259ri \u00fczr\u0259 erm\u0259ni vandalizmi n\u0259tic\u0259sind\u0259 m\u0259qs\u0259dli \u015f\u0259kild\u0259 talan edilib, da\u011f\u0131d\u0131lm\u0131\u015f ya\u015fay\u0131\u015f m\u0259nt\u0259q\u0259l\u0259ri, h\u0259m\u00e7inin tarixi, dini-m\u0259d\u0259ni abid\u0259l\u0259r\u0259 v\u0259 dig\u0259r \u0259mlaklara d\u0259ymi\u015f ziyan\u0131n, el\u0259c\u0259 d\u0259 at\u0259\u015fk\u0259sin davam etdiyi d\u00f6vrd\u0259 \u0259ld\u0259n \u00e7\u0131xm\u0131\u015f faydan\u0131n m\u0259bl\u0259\u011finin m\u00fc\u0259yy\u0259n edilm\u0259si m\u0259qs\u0259dil\u0259 prokurorluq orqanlar\u0131 t\u0259r\u0259find\u0259n dig\u0259r qurumlarla \u0259laq\u0259li \u015f\u0259kild\u0259 m\u00fcvafiq i\u015fl\u0259r davam etdirilir.<\/p><\/blockquote>\n<p>Bu s\u00f6zl\u0259ri Ba\u015f prokuror Kamran \u018fliyev yanvar\u0131n 23-d\u0259 Az\u0259rbaycan Ba\u015f Prokurorlu\u011funda 2020-ci ild\u0259 g\u00f6r\u00fcl\u0259n i\u015fl\u0259rin v\u0259ziyy\u0259ti v\u0259 qar\u015f\u0131da duran v\u0259zif\u0259l\u0259rin m\u00fczakir\u0259sin\u0259 h\u0259sr olunan geni\u015f Kollegiya iclas\u0131nda deyib.<\/p>\n<p>\u0130\u015f\u011fal olunmu\u015f \u0259razil\u0259rd\u0259 xarici \u00f6lk\u0259l\u0259rin konkret \u015firk\u0259tl\u0259rinin ekologiya v\u0259 yerin t\u0259kinin istismar\u0131 qaydalar\u0131n\u0131n kobud \u015f\u0259kild\u0259 pozulmas\u0131 il\u0259 n\u0259tic\u0259l\u0259n\u0259n qanunsuz sahibkarl\u0131q f\u0259aliyy\u0259ti il\u0259 m\u0259\u015f\u011ful olmalar\u0131 faktlar\u0131 il\u0259 ba\u011fl\u0131 cinay\u0259t i\u015fl\u0259ri \u00fczr\u0259, h\u0259m\u00e7inin \u0259z\u0259li torpaqlar\u0131m\u0131zda qanunsuz m\u0259skunla\u015fman\u0131 h\u0259yata ke\u00e7ir\u0259n b\u00fct\u00fcn t\u0259qsirli \u015f\u0259xsl\u0259rin beyn\u0259lxalq h\u00fcquq normalar\u0131 \u00e7\u0259r\u00e7iv\u0259sind\u0259 m\u0259suliyy\u0259t\u0259 c\u0259lb edilm\u0259si istiqam\u0259tind\u0259 z\u0259ruri istintaq-\u0259m\u0259liyyat t\u0259dbirl\u0259rinin apar\u0131lmas\u0131 diqq\u0259t\u0259 \u00e7atd\u0131r\u0131l\u0131b.<\/p>\n<p>Bununla yana\u015f\u0131, prokurorluq orqanlar\u0131 t\u0259r\u0259find\u0259n Az\u0259rbaycan Respublikas\u0131 Prezidentinin s\u0259r\u0259ncamlar\u0131 il\u0259 yarad\u0131lm\u0131\u015f i\u015f\u011fal n\u0259tic\u0259sind\u0259 vurulan ziyan\u0131n qiym\u0259tl\u0259ndirilm\u0259si v\u0259 aradan qald\u0131r\u0131lmas\u0131 \u00fczr\u0259 D\u00f6vl\u0259t Komissiyas\u0131n\u0131n v\u0259 i\u015f\u011faldan azad edilmi\u015f \u0259razil\u0259rd\u0259 m\u0259s\u0259l\u0259l\u0259rin m\u0259rk\u0259zl\u0259\u015fdirilmi\u015f qaydada h\u0259lli il\u0259 ba\u011fl\u0131 \u018flaq\u0259l\u0259ndirm\u0259 Q\u0259rargah\u0131n\u0131n f\u0259aliyy\u0259tind\u0259 yax\u0131ndan i\u015ftirak\u0131n t\u0259min edildiyi qeyd edilib.<\/p>\n","protected":false},"excerpt":{"rendered":"<p>&#8220;\u0130NFONEWS&#8221; x\u0259b\u0259r verir. Prezident \u0130lham \u018fliyevin \u201cAz\u0259rbaycan Respublikas\u0131n\u0131n i\u015f\u011faldan azad olunmu\u015f \u0259razil\u0259rind\u0259 m\u00fcv\u0259qq\u0259ti x\u00fcsusi idar\u0259etm\u0259nin t\u0259\u015fkili haqq\u0131nda\u201d 29 oktyabr tarixli F\u0259rman\u0131ndan v\u0259 bu istiqam\u0259td\u0259 tap\u015f\u0131r\u0131qlar\u0131ndan ir\u0259li g\u0259l\u0259n v\u0259zif\u0259l\u0259rin icras\u0131n\u0131n t\u0259min&hellip; <\/p>\n","protected":false},"author":3,"featured_media":3036,"comment_status":"open","ping_status":"open","sticky":false,"template":"","format":"standard","meta":{"_mi_skip_tracking":false,"_monsterinsights_sitenote_active":false,"_monsterinsights_sitenote_note":"","_monsterinsights_sitenote_category":0,"footnotes":""},"categories":[2,11,550],"tags":[749,125,748,750],"aioseo_notices":[],"_links":{"self":[{"href":"https:\/\/infonews.az\/index.php?rest_route=\/wp\/v2\/posts\/3035"}],"collection":[{"href":"https:\/\/infonews.az\/index.php?rest_route=\/wp\/v2\/posts"}],"about":[{"href":"https:\/\/infonews.az\/index.php?rest_route=\/wp\/v2\/types\/post"}],"author":[{"embeddable":true,"href":"https:\/\/infonews.az\/index.php?rest_route=\/wp\/v2\/users\/3"}],"replies":[{"embeddable":true,"href":"https:\/\/infonews.az\/index.php?rest_route=%2Fwp%2Fv2%2Fcomments&post=3035"}],"version-history":[{"count":1,"href":"https:\/\/infonews.az\/index.php?rest_route=\/wp\/v2\/posts\/3035\/revisions"}],"predecessor-version":[{"id":3037,"href":"https:\/\/infonews.az\/index.php?rest_route=\/wp\/v2\/posts\/3035\/revisions\/3037"}],"wp:featuredmedia":[{"embeddable":true,"href":"https:\/\/infonews.az\/index.php?rest_route=\/wp\/v2\/media\/3036"}],"wp:attachment":[{"href":"https:\/\/infonews.az\/index.php?rest_route=%2Fwp%2Fv2%2Fmedia&parent=3035"}],"wp:term":[{"taxonomy":"category","embeddable":true,"href":"https:\/\/infonews.az\/index.php?rest_route=%2Fwp%2Fv2%2Fcategories&post=3035"},{"taxonomy":"post_tag","embeddable":true,"href":"https:\/\/infonews.az\/index.php?rest_route=%2Fwp%2Fv2%2Ftags&post=3035"}],"curies":[{"name":"wp","href":"https:\/\/api.w.org\/{rel}","templated":true}]}}