{"id":3038,"date":"2021-01-25T14:20:42","date_gmt":"2021-01-25T10:20:42","guid":{"rendered":"https:\/\/infonews.az\/?p=3038"},"modified":"2021-01-25T14:20:42","modified_gmt":"2021-01-25T10:20:42","slug":"v%c9%99t%c9%99n-muharib%c9%99sind%c9%99-rayon-v%c9%99-s%c9%99h%c9%99rl%c9%99r%c9%99-30-min%c9%99-yaxin-m%c9%99rmi-atilib","status":"publish","type":"post","link":"https:\/\/infonews.az\/?p=3038","title":{"rendered":"V\u0259t\u0259n m\u00fcharib\u0259sind\u0259 rayon v\u0259 \u015f\u0259h\u0259rl\u0259r\u0259 30 min\u0259 yax\u0131n m\u0259rmi at\u0131l\u0131b"},"content":{"rendered":"<p><strong>&#8220;\u0130NFONEWS&#8221;<\/strong> x\u0259b\u0259r verir.<\/p>\n<blockquote><p>Erm\u0259ni v\u0259h\u015filikl\u0259rinin d\u00fcnya d\u00f6vl\u0259tl\u0259rinin h\u00fcquq m\u00fchafiz\u0259 orqanlar\u0131na v\u0259 aidiyy\u0259ti beyn\u0259lxalq t\u0259\u015fkilatlar\u0131n diqq\u0259tin\u0259 \u00e7atd\u0131r\u0131lmas\u0131 m\u0259qs\u0259dil\u0259 BMT-nin \u0130nsan H\u00fcquqlar\u0131n\u0131n M\u00fcdafi\u0259si \u00fczr\u0259 Komissar\u0131na, Avropa \u015euras\u0131n\u0131n \u0130nsan H\u00fcquqlar\u0131n\u0131n M\u00fcdafi\u0259si \u00fczr\u0259 Komissar\u0131na, MDB \u00f6lk\u0259l\u0259rinin \u00fczv d\u00f6vl\u0259tl\u0259rinin Ba\u015f Prokurorlar\u0131n\u0131n \u018flaq\u0259l\u0259ndirm\u0259 \u015euras\u0131 v\u0259 dig\u0259r beyn\u0259lxalq t\u0259\u015fkilatlara, el\u0259c\u0259 d\u0259 25 \u00f6lk\u0259nin Ba\u015f prokuror v\u0259 \u018fdliyy\u0259 nazirl\u0259rin\u0259 Erm\u0259nistan\u0131n t\u00f6r\u0259tdiyi cinay\u0259tl\u0259r haqq\u0131nda m\u0259ktublar, 37 xarici d\u00f6vl\u0259tin s\u0259lahiyy\u0259tli orqan\u0131na 46 h\u00fcquqi yard\u0131m g\u00f6st\u0259rilm\u0259sin\u0259 dair v\u0259sat\u0259tl\u0259r g\u00f6nd\u0259ril\u0131b.<\/p><\/blockquote>\n<p>Bu s\u00f6zl\u0259ri Ba\u015f prokuror Kamran \u018fliyev yanvar\u0131n 23-d\u0259 Az\u0259rbaycan Ba\u015f Prokurorlu\u011funda 2020-ci ild\u0259 g\u00f6r\u00fcl\u0259n i\u015fl\u0259rin v\u0259ziyy\u0259ti v\u0259 qar\u015f\u0131da duran v\u0259zif\u0259l\u0259rin m\u00fczakir\u0259sin\u0259 h\u0259sr olunan geni\u015f Kollegiya iclas\u0131nda deyib.<\/p>\n<p>Onun s\u00f6zl\u0259rin\u0259 g\u00f6r\u0259, V\u0259t\u0259n m\u00fcharib\u0259si zaman\u0131 Az\u0259rbaycan Respublikas\u0131n\u0131n rayon v\u0259 \u015f\u0259h\u0259rl\u0259rinin \u0259razisin\u0259 \u00fcmumilikd\u0259 30 min\u0259 yax\u0131n m\u0259rmi v\u0259 227 raket at\u0131lm\u0131\u015f, \u00e7oxsayl\u0131 \u0259mlaka ziyan vurulmaqla, f\u0259rdi ya\u015fay\u0131\u015f evl\u0259ri, yard\u0131m\u00e7\u0131 tikilil\u0259r, \u00e7oxm\u0259nzilli ya\u015fay\u0131\u015f binalar\u0131, qeyri-ya\u015fay\u0131\u015f sah\u0259l\u0259ri, ayr\u0131-ayr\u0131 d\u00f6vl\u0259t qurumlar\u0131na m\u0259xsus inzibati binalar, dini obyekt, m\u0259scid, kils\u0259 v\u0259 q\u0259biristanl\u0131qlar da\u011f\u0131d\u0131l\u0131b.<\/p>\n","protected":false},"excerpt":{"rendered":"<p>&#8220;\u0130NFONEWS&#8221; x\u0259b\u0259r verir. Erm\u0259ni v\u0259h\u015filikl\u0259rinin d\u00fcnya d\u00f6vl\u0259tl\u0259rinin h\u00fcquq m\u00fchafiz\u0259 orqanlar\u0131na v\u0259 aidiyy\u0259ti beyn\u0259lxalq t\u0259\u015fkilatlar\u0131n diqq\u0259tin\u0259 \u00e7atd\u0131r\u0131lmas\u0131 m\u0259qs\u0259dil\u0259 BMT-nin \u0130nsan H\u00fcquqlar\u0131n\u0131n M\u00fcdafi\u0259si \u00fczr\u0259 Komissar\u0131na, Avropa \u015euras\u0131n\u0131n \u0130nsan H\u00fcquqlar\u0131n\u0131n M\u00fcdafi\u0259si \u00fczr\u0259 Komissar\u0131na,&hellip; <\/p>\n","protected":false},"author":3,"featured_media":298,"comment_status":"open","ping_status":"open","sticky":false,"template":"","format":"standard","meta":{"_mi_skip_tracking":false,"_monsterinsights_sitenote_active":false,"_monsterinsights_sitenote_note":"","_monsterinsights_sitenote_category":0,"footnotes":""},"categories":[4,11,550],"tags":[360,256,752,751,750],"aioseo_notices":[],"_links":{"self":[{"href":"https:\/\/infonews.az\/index.php?rest_route=\/wp\/v2\/posts\/3038"}],"collection":[{"href":"https:\/\/infonews.az\/index.php?rest_route=\/wp\/v2\/posts"}],"about":[{"href":"https:\/\/infonews.az\/index.php?rest_route=\/wp\/v2\/types\/post"}],"author":[{"embeddable":true,"href":"https:\/\/infonews.az\/index.php?rest_route=\/wp\/v2\/users\/3"}],"replies":[{"embeddable":true,"href":"https:\/\/infonews.az\/index.php?rest_route=%2Fwp%2Fv2%2Fcomments&post=3038"}],"version-history":[{"count":1,"href":"https:\/\/infonews.az\/index.php?rest_route=\/wp\/v2\/posts\/3038\/revisions"}],"predecessor-version":[{"id":3039,"href":"https:\/\/infonews.az\/index.php?rest_route=\/wp\/v2\/posts\/3038\/revisions\/3039"}],"wp:featuredmedia":[{"embeddable":true,"href":"https:\/\/infonews.az\/index.php?rest_route=\/wp\/v2\/media\/298"}],"wp:attachment":[{"href":"https:\/\/infonews.az\/index.php?rest_route=%2Fwp%2Fv2%2Fmedia&parent=3038"}],"wp:term":[{"taxonomy":"category","embeddable":true,"href":"https:\/\/infonews.az\/index.php?rest_route=%2Fwp%2Fv2%2Fcategories&post=3038"},{"taxonomy":"post_tag","embeddable":true,"href":"https:\/\/infonews.az\/index.php?rest_route=%2Fwp%2Fv2%2Ftags&post=3038"}],"curies":[{"name":"wp","href":"https:\/\/api.w.org\/{rel}","templated":true}]}}