{"id":30582,"date":"2023-02-06T11:37:26","date_gmt":"2023-02-06T07:37:26","guid":{"rendered":"https:\/\/infonews.az\/?p=30582"},"modified":"2023-02-06T22:59:18","modified_gmt":"2023-02-06T18:59:18","slug":"c%c9%99lilabadda-%c9%99r-kecmis-arvadini-oldurub","status":"publish","type":"post","link":"https:\/\/infonews.az\/?p=30582","title":{"rendered":"C\u0259lilabadda \u0259r ke\u00e7mi\u015f arvad\u0131n\u0131 \u00f6ld\u00fcr\u00fcb"},"content":{"rendered":"<blockquote><p><span style=\"color: #000000;\">C\u0259lilabadda \u0259r ke\u00e7mi\u015f arvad\u0131n\u0131 \u00f6ld\u00fcr\u00fcb .<\/span><\/p><\/blockquote>\n<p><span style=\"color: #000000;\">Ba\u015f Prokurorluqdan\u00a0<a href=\"https:\/\/infonews.az\/\"><strong>\u201c\u0130NFONEWS\u201d<\/strong><\/a>-a veril\u0259n m\u0259lumata g\u00f6r\u0259, fevral\u0131n 6-s\u0131, saat 06 rad\u0259l\u0259rind\u0259 1992-ci il t\u0259v\u0259ll\u00fcdl\u00fc Aysel Abbasovan\u0131n C\u0259lilabad rayonununda ya\u015fad\u0131\u011f\u0131 evd\u0259 \u00f6lm\u0259si bar\u0259d\u0259 rayon prokurorlu\u011funa m\u0259lumat daxil olub.<\/span><\/p>\n<p><span style=\"color: #000000;\">\u0130lkin ara\u015fd\u0131rma zaman\u0131 1987-ci il t\u0259v\u0259ll\u00fcdl\u00fc Elxan \u018fm\u0259novun b\u0131\u00e7aqla ke\u00e7mi\u015f arvad\u0131 Aysel Abbasovaya x\u0259sar\u0259t yetir\u0259r\u0259k \u00f6ld\u00fcrm\u0259sin\u0259 \u0259sasl\u0131 \u015f\u00fcbh\u0259l\u0259r m\u00fc\u0259yy\u0259n edilib.<\/span><\/p>\n<p><span style=\"color: #000000;\">C\u0259lilabad rayon prokurorlu\u011funda Cinay\u0259t M\u0259c\u0259ll\u0259sinin 120.1 (q\u0259sd\u0259n adam \u00f6ld\u00fcrm\u0259) madd\u0259si il\u0259 cinay\u0259t i\u015fi ba\u015flan\u0131b.<\/span><\/p>\n<p><span style=\"color: #000000;\">\u0130btidai istintaq davam etdirilir.<\/span><\/p>\n","protected":false},"excerpt":{"rendered":"<p>C\u0259lilabadda \u0259r ke\u00e7mi\u015f arvad\u0131n\u0131 \u00f6ld\u00fcr\u00fcb . Ba\u015f Prokurorluqdan\u00a0\u201c\u0130NFONEWS\u201d-a veril\u0259n m\u0259lumata g\u00f6r\u0259, fevral\u0131n 6-s\u0131, saat 06 rad\u0259l\u0259rind\u0259 1992-ci il t\u0259v\u0259ll\u00fcdl\u00fc Aysel Abbasovan\u0131n C\u0259lilabad rayonununda ya\u015fad\u0131\u011f\u0131 evd\u0259 \u00f6lm\u0259si bar\u0259d\u0259 rayon prokurorlu\u011funa m\u0259lumat&hellip; <\/p>\n","protected":false},"author":3,"featured_media":30583,"comment_status":"open","ping_status":"open","sticky":false,"template":"","format":"standard","meta":{"_mi_skip_tracking":false,"_monsterinsights_sitenote_active":false,"_monsterinsights_sitenote_note":"","_monsterinsights_sitenote_category":0,"footnotes":""},"categories":[5,11],"tags":[3426,9731,6326,1143],"aioseo_notices":[],"_links":{"self":[{"href":"https:\/\/infonews.az\/index.php?rest_route=\/wp\/v2\/posts\/30582"}],"collection":[{"href":"https:\/\/infonews.az\/index.php?rest_route=\/wp\/v2\/posts"}],"about":[{"href":"https:\/\/infonews.az\/index.php?rest_route=\/wp\/v2\/types\/post"}],"author":[{"embeddable":true,"href":"https:\/\/infonews.az\/index.php?rest_route=\/wp\/v2\/users\/3"}],"replies":[{"embeddable":true,"href":"https:\/\/infonews.az\/index.php?rest_route=%2Fwp%2Fv2%2Fcomments&post=30582"}],"version-history":[{"count":1,"href":"https:\/\/infonews.az\/index.php?rest_route=\/wp\/v2\/posts\/30582\/revisions"}],"predecessor-version":[{"id":30586,"href":"https:\/\/infonews.az\/index.php?rest_route=\/wp\/v2\/posts\/30582\/revisions\/30586"}],"wp:featuredmedia":[{"embeddable":true,"href":"https:\/\/infonews.az\/index.php?rest_route=\/wp\/v2\/media\/30583"}],"wp:attachment":[{"href":"https:\/\/infonews.az\/index.php?rest_route=%2Fwp%2Fv2%2Fmedia&parent=30582"}],"wp:term":[{"taxonomy":"category","embeddable":true,"href":"https:\/\/infonews.az\/index.php?rest_route=%2Fwp%2Fv2%2Fcategories&post=30582"},{"taxonomy":"post_tag","embeddable":true,"href":"https:\/\/infonews.az\/index.php?rest_route=%2Fwp%2Fv2%2Ftags&post=30582"}],"curies":[{"name":"wp","href":"https:\/\/api.w.org\/{rel}","templated":true}]}}