{"id":30721,"date":"2023-02-07T13:51:50","date_gmt":"2023-02-07T09:51:50","guid":{"rendered":"https:\/\/infonews.az\/?p=30721"},"modified":"2023-02-07T13:51:50","modified_gmt":"2023-02-07T09:51:50","slug":"z%c9%99f%c9%99rin-yazicilari","status":"publish","type":"post","link":"https:\/\/infonews.az\/?p=30721","title":{"rendered":"Z\u0259f\u0259rin yaz\u0131\u00e7\u0131lar\u0131"},"content":{"rendered":"<p>&#8220;<a href=\"https:\/\/infonews.az\">\u0130NFONEWS<\/a>&#8221; &#8220;Z\u0259f\u0259rin yaz\u0131\u00e7\u0131lar\u0131&#8221; rubrikas\u0131n\u0131 t\u0259qdim edir. \u0130lk qona\u011f\u0131m\u0131z V\u0259t\u0259n m\u00fcharib\u0259sinin ya\u015fayan q\u0259hr\u0259manlar\u0131ndan biri ehtiyyatda olan zabit (Ba\u015f Leytenant) Qazi Tar\u0131verdiyev Abbas\u0259li V\u00fcqar o\u011fludur.<\/p>\n<p>&#8211; <strong>\u00d6z\u00fcn\u00fcz haqq\u0131nda q\u0131sa m\u0259lumat verm\u0259nizi ist\u0259yirik<\/strong><\/p>\n<p>_M\u0259n Tar\u0131verdiyev Abbas\u0259li V\u00fcqar o\u011flu 1995-ci il avqust ay\u0131n\u0131n 17-d\u0259 Nax\u00e7\u0131van MR &#8211; n\u0131n Bab\u0259k rayonunda anadan olmu\u015fam. U\u015faql\u0131\u011fdan h\u0259rbiy\u0259 h\u0259v\u0259sim olub. Day\u0131m 1992 &#8211; 1993-c\u00fc ill\u0259rd\u0259 Qaraba\u011f u\u011frunda ged\u0259n d\u00f6y\u00fc\u015fl\u0259rd\u0259 \u015e\u0259hid olub.<\/p>\n<p><strong>&#8211; Hal haz\u0131rda n\u0259 i\u015fl\u0259 m\u0259\u015f\u011fulsunuz v\u0259 harda ya\u015fay\u0131rs\u0131n\u0131z?<\/strong><\/p>\n<p>_Hal haz\u0131rda ehtiyyatdayam 2-ci qrup Qaraba\u011f \u0259lili olaraq. Nax\u00e7\u0131van MR-n\u0131n Bab\u0259k rayonunun Nehr\u0259m q\u0259s\u0259b\u0259sind\u0259 3 n\u00f6mr\u0259li m\u0259kt\u0259bd\u0259 h\u0259rbi m\u00fc\u0259llim i\u015fl\u0259yir\u0259m. Ail\u0259liy\u0259m 4 ya\u015f\u0131nda q\u0131z\u0131m var.<\/p>\n<p>&#8211;<strong>Biz\u0259 h\u0259rbiy\u0259 atd\u0131\u011f\u0131n\u0131z add\u0131m v\u0259 yolunuz nec\u0259 ba\u015flay\u0131b onu dey\u0259rdiniz<\/strong><\/p>\n<p>_M\u0259n 2011 &#8211; 2014-c\u00fc ill\u0259rd\u0259 H.\u018fliyev ad\u0131na H\u0259rbi litseyd\u0259 t\u0259hsil alm\u0131\u015fam. Daha sonra is\u0259 2014 &#8211; 2018-ci ill\u0259rd\u0259 Az\u0259rbaycan Ali H\u0259rbi M\u0259kt\u0259bind\u0259 t\u0259hsil ald\u0131m. H\u0259rbi T\u0259hsilimi u\u011furla bitirdikd\u0259n sonra Leytenant r\u00fctb\u0259si alaraq &#8220;N&#8221; sayl\u0131 h\u0259rbi hiss\u0259y\u0259 g\u00f6nd\u0259rildim.<\/p>\n<p>&#8211;<strong>B\u0259s 44 g\u00fcnl\u00fck z\u0259f\u0259r\u0259 ged\u0259n bu yolda n\u0259l\u0259r ya\u015fam\u0131s\u0131n\u0131z?<\/strong><\/p>\n<p>_27 Sentyabrda &#8220;N&#8221; sayl\u0131 h\u0259rbi hiss\u0259nin t\u0259rkibind\u0259 b\u00f6l\u00fck komandiri kimi d\u00f6y\u00fc\u015fm\u00fc\u015f\u0259m. Bizim d\u00f6y\u00fc\u015f yolumuz da \u00e7ox a\u011f\u0131r olub. \u018fn \u00e7ox F\u00fczuli, C\u0259bray\u0131l, Xocav\u0259nd u\u011frunda ged\u0259n d\u00f6y\u00fc\u015fl\u0259rd\u0259 i\u015ftirak el\u0259mi\u015f\u0259m. Tabe\u00e7iliyimd\u0259 olan b\u00f6lm\u0259 il\u0259 birlikd\u0259 d\u00fc\u015fm\u0259nin xeyli canl\u0131 q\u00fcvv\u0259sini, texnikas\u0131n\u0131 v\u0259 h\u0259rbi obyektl\u0259rini m\u0259hv el\u0259mi\u015fik. Bir \u00e7ox u\u011furlu \u0259m\u0259liyyatlar h\u0259yata ke\u00e7irtmi\u015fik.<\/p>\n<p><strong>&#8211; Nec\u0259 olduki yarald\u0131n\u0131z v\u0259 yaraland\u0131qdan sonra n\u0259l\u0259r oldu?<\/strong><\/p>\n<p>_Noyabr\u0131n 1-d\u0259 Xocav\u0259nd rayonunun Zo\u011falbulaq k\u0259ndind\u0259 i\u00e7ind\u0259 \u00f6z\u00fcm v\u0259 d\u00f6y\u00fc\u015f yolda\u015flar\u0131m olan h\u0259rbi ma\u015f\u0131n. D\u00fc\u015fm\u0259nin artilleriya at\u0259\u015fin\u0259 m\u0259ruz qalaraq a\u015fd\u0131, m\u0259n is\u0259 orda a\u011f\u0131r yaraland\u0131m. Ma\u015f\u0131n pis v\u0259ziyy\u0259td\u0259 ola-ola i\u00e7ind\u0259 qald\u0131m, d\u00f6y\u00fc\u015f yolda\u015flar\u0131m sa\u011folsunlar g\u0259lib m\u0259n\u0259 k\u00f6m\u0259k edib ma\u015f\u0131n\u0131n i\u00e7\u0259risind\u0259n m\u0259ni \u00e7\u0131xartd\u0131lar. Q\u0259lp\u0259 sa\u011f qolumdan dirs\u0259yimd\u0259n yaralad\u0131 m\u0259ni. Ba\u015f\u0131m z\u0259d\u0259l\u0259ndi aya\u011flar\u0131m da h\u0259m\u00e7inin. B\u0259d\u0259nimd\u0259 \u0259zilm\u0259l\u0259r, s\u0131n\u0131qlar oldu. Sonra m\u0259ni Hadruta, ordan da Qubadl\u0131daki S\u0259yyar Hospital\u0131na \u00e7atd\u0131rd\u0131lar. V\u0259ziyy\u0259tim he\u00e7 d\u0259 yax\u015f\u0131 olmad\u0131\u011f\u0131 \u00fc\u00e7\u00fcn m\u0259ni F\u00fczuli Diaqnostika m\u0259rk\u0259zin\u0259, 3 g\u00fcn sonra is\u0259 A\u011fc\u0259b\u0259di rayon MX-na t\u0259xliyy\u0259 el\u0259dil\u0259r. Daha sonra is\u0259 \u015e\u0259mkir H\u0259rbi Hospital\u0131na apard\u0131lar<\/p>\n<p>&#8211; M\u00fcharib\u0259d\u0259n sonra sizi hans\u0131 medallarla t\u0259ltif el\u0259dil\u0259r?<\/p>\n<p>_Az\u0259rbaycan Respublikas\u0131n\u0131n Prezidenti Ali Ba\u015f Komandan \u0130lham \u018fliyev C\u0259nablar\u0131n\u0131n imzalad\u0131\u011f\u0131 m\u00fcvafiq s\u0259r\u0259ncamlara \u0259sas\u0259n &#8220;F\u00fczulinin azad olunmas\u0131na g\u00f6r\u0259&#8221;, &#8220;C\u0259bray\u0131l\u0131n azad olunmas\u0131na g\u00f6r\u0259&#8221;, &#8220;Xocav\u0259ndin azad olunmas\u0131na g\u00f6r\u0259&#8221;, &#8220;V\u0259t\u0259n m\u00fcharib\u0259si i\u015ftirak\u00e7\u0131s\u0131&#8221; medallar\u0131 il\u0259 t\u0259ltif edilmi\u015f\u0259m.<\/p>\n<p>&#8211; <strong>Burdan Az\u0259rbaycan xalq\u0131na v\u0259 h\u0259rbi\u00e7il\u0259rimiz\u0259 \u0259sg\u0259rl\u0259rimiz\u0259 n\u0259 \u00e7atd\u0131rmaq ist\u0259tirsiniz?<\/strong><\/p>\n<p>_Az\u0259rbaycan xalq\u0131 daim g\u00fccl\u00fc \u0259zimli m\u0259rd xalqd\u0131r. Bizim \u015fanl\u0131 tariximiz var. M\u0259n d\u0259 sevinir\u0259m ki, bu \u015fanl\u0131 tarixin yaz\u0131lmas\u0131nda i\u015ftirak el\u0259mi\u015f\u0259m. Torpaqlar\u0131m\u0131z\u0131n d\u00fc\u015fm\u0259n i\u015f\u011fal\u0131ndan azad edilm\u0259si u\u011frunda ged\u0259n d\u00f6y\u00fc\u015fl\u0259rd\u0259 \u015e\u0259hid olan qarda\u015flar\u0131m\u0131za Allah r\u0259hm\u0259t el\u0259sin, ail\u0259l\u0259rin\u0259 s\u0259br dil\u0259yir\u0259m. Qazil\u0259rimiz\u0259 Allah can sa\u011fl\u0131\u011f\u0131 versin. V\u0259t\u0259nin ke\u015fiyind\u0259 duran h\u0259rbi\u00e7il\u0259rimiz \u0259sg\u0259rl\u0259rimiz\u0259d\u0259 q\u00fcvv\u0259t g\u00fcc versin in\u015fallah. Onlar da hal-haz\u0131rda bizim ald\u0131\u011f\u0131m\u0131z torpaqlar\u0131m\u0131z\u0131 q\u00fcrurla m\u0259rd \u015f\u0259kild\u0259 qoruyurlar. H\u0259r zaman v\u0259t\u0259n ke\u015fiyind\u0259 m\u0259rd dayan Az\u0259rbaycan \u0259sg\u0259ri.<\/p>\n<p>Ulu \u00f6nd\u0259r Heyd\u0259r \u018fliyevin dediyi kimi; &#8220;M\u0259n h\u0259mi\u015f\u0259 f\u0259xr el\u0259mi\u015f\u0259m bu g\u00fcnd\u0259 f\u0259xr edir\u0259mki, m\u0259n Az\u0259rbaycanl\u0131yam&#8221;<\/p>\n<p>T\u0259rtib el\u0259di: Mustafayev Telman<\/p>\n","protected":false},"excerpt":{"rendered":"<p>&#8220;\u0130NFONEWS&#8221; &#8220;Z\u0259f\u0259rin yaz\u0131\u00e7\u0131lar\u0131&#8221; rubrikas\u0131n\u0131 t\u0259qdim edir. \u0130lk qona\u011f\u0131m\u0131z V\u0259t\u0259n m\u00fcharib\u0259sinin ya\u015fayan q\u0259hr\u0259manlar\u0131ndan biri ehtiyyatda olan zabit (Ba\u015f Leytenant) Qazi Tar\u0131verdiyev Abbas\u0259li V\u00fcqar o\u011fludur. &#8211; \u00d6z\u00fcn\u00fcz haqq\u0131nda q\u0131sa m\u0259lumat verm\u0259nizi ist\u0259yirik&hellip; <\/p>\n","protected":false},"author":16,"featured_media":30722,"comment_status":"open","ping_status":"open","sticky":false,"template":"","format":"standard","meta":{"_mi_skip_tracking":false,"_monsterinsights_sitenote_active":false,"_monsterinsights_sitenote_note":"","_monsterinsights_sitenote_category":0,"footnotes":""},"categories":[6664,8,82,550],"tags":[],"aioseo_notices":[],"_links":{"self":[{"href":"https:\/\/infonews.az\/index.php?rest_route=\/wp\/v2\/posts\/30721"}],"collection":[{"href":"https:\/\/infonews.az\/index.php?rest_route=\/wp\/v2\/posts"}],"about":[{"href":"https:\/\/infonews.az\/index.php?rest_route=\/wp\/v2\/types\/post"}],"author":[{"embeddable":true,"href":"https:\/\/infonews.az\/index.php?rest_route=\/wp\/v2\/users\/16"}],"replies":[{"embeddable":true,"href":"https:\/\/infonews.az\/index.php?rest_route=%2Fwp%2Fv2%2Fcomments&post=30721"}],"version-history":[{"count":1,"href":"https:\/\/infonews.az\/index.php?rest_route=\/wp\/v2\/posts\/30721\/revisions"}],"predecessor-version":[{"id":30723,"href":"https:\/\/infonews.az\/index.php?rest_route=\/wp\/v2\/posts\/30721\/revisions\/30723"}],"wp:featuredmedia":[{"embeddable":true,"href":"https:\/\/infonews.az\/index.php?rest_route=\/wp\/v2\/media\/30722"}],"wp:attachment":[{"href":"https:\/\/infonews.az\/index.php?rest_route=%2Fwp%2Fv2%2Fmedia&parent=30721"}],"wp:term":[{"taxonomy":"category","embeddable":true,"href":"https:\/\/infonews.az\/index.php?rest_route=%2Fwp%2Fv2%2Fcategories&post=30721"},{"taxonomy":"post_tag","embeddable":true,"href":"https:\/\/infonews.az\/index.php?rest_route=%2Fwp%2Fv2%2Ftags&post=30721"}],"curies":[{"name":"wp","href":"https:\/\/api.w.org\/{rel}","templated":true}]}}