{"id":30820,"date":"2023-02-08T16:37:35","date_gmt":"2023-02-08T12:37:35","guid":{"rendered":"https:\/\/infonews.az\/?p=30820"},"modified":"2023-02-08T16:43:04","modified_gmt":"2023-02-08T12:43:04","slug":"biz-x%c9%99st%c9%99l%c9%99ri-g%c9%99tirm%c9%99y%c9%99-haziriq","status":"publish","type":"post","link":"https:\/\/infonews.az\/?p=30820","title":{"rendered":"Biz yaral\u0131lar\u0131 g\u0259tirm\u0259y\u0259 haz\u0131r\u0131q"},"content":{"rendered":"<p><strong>\u201cM\u0259nim g\u00f6st\u0259ri\u015fiml\u0259 b\u00fct\u00fcn yard\u0131m m\u0259s\u0259l\u0259l\u0259ri bir m\u0259rk\u0259zd\u0259n idar\u0259 olunacaq, Prezident Administrasiyas\u0131n\u0131n r\u0259hb\u0259rin\u0259 g\u00f6st\u0259ri\u015f verildi\u201d.<\/strong><\/p>\n<p>\u201c<a href=\"https:\/\/infonews.az\">\u0130NFONEWS<\/a>\u201d x\u0259b\u0259r verir ki, bu s\u00f6zl\u0259ri Prezident \u0130lham \u018fliyev fevral\u0131n 8-d\u0259 T\u00fcrkiy\u0259nin \u00f6lk\u0259mizd\u0259ki s\u0259firliyind\u0259 olark\u0259n deyib.<\/p>\n<p>\u201cO c\u00fcml\u0259d\u0259n bizim x\u0259st\u0259xanalarda yaral\u0131 qarda\u015f-bac\u0131lar\u0131m\u0131z\u0131n m\u00fcalic\u0259si u\u00e7un b\u00fct\u00fcn \u015f\u0259rait var. H\u0259m Bak\u0131da, dig\u0259r \u015f\u0259h\u0259rl\u0259rd\u0259, o c\u00fcml\u0259d\u0259n Nax\u00e7\u0131van Muxtar Respublikas\u0131nda art\u0131q \u00e7arpay\u0131lar ayr\u0131l\u0131b v\u0259 \u0259g\u0259r ehtiyac olarsa, biz yaral\u0131lar\u0131 g\u0259tirm\u0259y\u0259 d\u0259 haz\u0131r\u0131q\u201d, &#8211; dey\u0259 d\u00f6vl\u0259t ba\u015f\u00e7\u0131s\u0131 \u0259lav\u0259 edib.<\/p>\n","protected":false},"excerpt":{"rendered":"<p>\u201cM\u0259nim g\u00f6st\u0259ri\u015fiml\u0259 b\u00fct\u00fcn yard\u0131m m\u0259s\u0259l\u0259l\u0259ri bir m\u0259rk\u0259zd\u0259n idar\u0259 olunacaq, Prezident Administrasiyas\u0131n\u0131n r\u0259hb\u0259rin\u0259 g\u00f6st\u0259ri\u015f verildi\u201d. \u201c\u0130NFONEWS\u201d x\u0259b\u0259r verir ki, bu s\u00f6zl\u0259ri Prezident \u0130lham \u018fliyev fevral\u0131n 8-d\u0259 T\u00fcrkiy\u0259nin \u00f6lk\u0259mizd\u0259ki s\u0259firliyind\u0259 olark\u0259n deyib.&hellip; <\/p>\n","protected":false},"author":16,"featured_media":30074,"comment_status":"open","ping_status":"open","sticky":false,"template":"","format":"standard","meta":{"_mi_skip_tracking":false,"_monsterinsights_sitenote_active":false,"_monsterinsights_sitenote_note":"","_monsterinsights_sitenote_category":0,"footnotes":""},"categories":[11],"tags":[],"aioseo_notices":[],"_links":{"self":[{"href":"https:\/\/infonews.az\/index.php?rest_route=\/wp\/v2\/posts\/30820"}],"collection":[{"href":"https:\/\/infonews.az\/index.php?rest_route=\/wp\/v2\/posts"}],"about":[{"href":"https:\/\/infonews.az\/index.php?rest_route=\/wp\/v2\/types\/post"}],"author":[{"embeddable":true,"href":"https:\/\/infonews.az\/index.php?rest_route=\/wp\/v2\/users\/16"}],"replies":[{"embeddable":true,"href":"https:\/\/infonews.az\/index.php?rest_route=%2Fwp%2Fv2%2Fcomments&post=30820"}],"version-history":[{"count":2,"href":"https:\/\/infonews.az\/index.php?rest_route=\/wp\/v2\/posts\/30820\/revisions"}],"predecessor-version":[{"id":30822,"href":"https:\/\/infonews.az\/index.php?rest_route=\/wp\/v2\/posts\/30820\/revisions\/30822"}],"wp:featuredmedia":[{"embeddable":true,"href":"https:\/\/infonews.az\/index.php?rest_route=\/wp\/v2\/media\/30074"}],"wp:attachment":[{"href":"https:\/\/infonews.az\/index.php?rest_route=%2Fwp%2Fv2%2Fmedia&parent=30820"}],"wp:term":[{"taxonomy":"category","embeddable":true,"href":"https:\/\/infonews.az\/index.php?rest_route=%2Fwp%2Fv2%2Fcategories&post=30820"},{"taxonomy":"post_tag","embeddable":true,"href":"https:\/\/infonews.az\/index.php?rest_route=%2Fwp%2Fv2%2Ftags&post=30820"}],"curies":[{"name":"wp","href":"https:\/\/api.w.org\/{rel}","templated":true}]}}