{"id":30823,"date":"2023-02-08T17:26:48","date_gmt":"2023-02-08T13:26:48","guid":{"rendered":"https:\/\/infonews.az\/?p=30823"},"modified":"2023-02-08T17:26:48","modified_gmt":"2023-02-08T13:26:48","slug":"iran-qafqazda-sulhun-b%c9%99rq%c9%99rar-olunmasinda-maraqli-deyil-politoloqdan-s%c9%99rh","status":"publish","type":"post","link":"https:\/\/infonews.az\/?p=30823","title":{"rendered":"&#8220;\u0130ran Qafqazda s\u00fclh\u00fcn b\u0259rq\u0259rar olunmas\u0131nda maraql\u0131 deyil&#8221; &#8211; Politoloqdan \u015e\u018fRH\u00a0"},"content":{"rendered":"<p><strong>\u201c\u0130ran\u0131n dini-siyasi r\u0259hb\u0259rliyi 44 g\u00fcnl\u00fck V\u0259t\u0259n m\u00fcharib\u0259sind\u0259n sonra C\u0259nubi Qafqazda yeni geosiyasi reall\u0131qlar il\u0259 he\u00e7 c\u00fcr\u0259 bar\u0131\u015fa bilmir. Buna qar\u015f\u0131 daima \u00f6z naraz\u0131l\u0131\u011f\u0131n\u0131 bildirib\u201d.\u00a0<\/strong><\/p>\n<p>&#8220;<a href=\"https:\/\/infonews.az\">\u0130NFONEWS<\/a>&#8221; Ednews-a istinad\u0259n x\u0259b\u0259r verir\u00a0 ki, bu bar\u0259d\u0259 Yax\u0131n \u015e\u0259rq v\u0259 Qafqaz t\u0259dqiqatlar\u0131 \u00fczr\u0259 ekspert, politoloq V\u00fcqar Zif\u0259ro\u011flu bildirib.<\/p>\n<p>\u201c\u0130ran r\u0259hb\u0259rliyi Erm\u0259nistan\u0131n s\u0259rh\u0259dini, x\u00fcsusil\u0259 Z\u0259ng\u0259zur b\u00f6lg\u0259sini \u00f6z\u00fcn\u00fcn q\u0131rm\u0131z\u0131 x\u0259tti oldu\u011funu deyir. H\u0259tta bel\u0259 bir absurd a\u00e7\u0131qlamalara da \u015fahid olmu\u015fuq ki, guya \u0130ran v\u0259 Erm\u0259nistan aras\u0131nda min illik s\u0259rh\u0259d m\u00f6vcuddur. Son prosesl\u0259r\u0259 n\u0259z\u0259r yetir\u0259rk\u0259n g\u00f6r\u0259rik ki, Tehran atd\u0131\u011f\u0131 add\u0131mlar he\u00e7 d\u0259 C\u0259nubi Qafqazda sabitliy\u0259 xidm\u0259t etmir. X\u00fcsusil\u0259 onu da qeyd etm\u0259k laz\u0131md\u0131r ki, \u0130ran Erm\u0259nistan vasit\u0259sil\u0259 Az\u0259rbaycan \u00fcz\u0259rind\u0259 t\u0259sir v\u0259 t\u0259zyiq r\u0131\u00e7aqlar\u0131n\u0131 \u0259lind\u0259 saxlama\u011fa c\u0259hd g\u00f6st\u0259rir. Eyni zamanda Erm\u0259nistan\u0131 d\u0259st\u0259kl\u0259m\u0259kl\u0259 b\u00f6lg\u0259d\u0259 \u00f6z m\u00f6vqeyini m\u00f6hk\u0259ml\u0259ndirm\u0259y\u0259 \u00e7al\u0131\u015f\u0131r. Amma onu da vur\u011fulamaq laz\u0131md\u0131r ki, 44 g\u00fcnl\u00fck V\u0259t\u0259n m\u00fcharib\u0259sind\u0259n sonra \u0130ran\u0131n t\u0259sir r\u0131\u00e7aqlar\u0131 kifay\u0259t q\u0259d\u0259r minimuma enib\u201d.<\/p>\n<p>Ekspert, h\u0259m\u00e7inin \u0259lav\u0259 edib ki, \u0130ran\u0131n son qeyri-obyektiv add\u0131mlar\u0131 q\u0259buledilm\u0259zdir.<\/p>\n<p>\u201cV\u0259t\u0259n m\u00fcharib\u0259sind\u0259 Az\u0259rbaycan torpaqlar\u0131n\u0131 erm\u0259ni i\u015f\u011fal\u0131ndan azad etdi, \u0130ranla s\u0259rh\u0259d \u0259razil\u0259ri tam n\u0259zar\u0259t\u0259 g\u00f6t\u00fcr\u00fcld\u00fc. \u00d6lk\u0259mizin \u0259razi b\u00fct\u00f6vl\u00fcy\u00fcn\u00fcn b\u0259rpa olunmas\u0131na m\u00fcsb\u0259t reaksiya verilm\u0259li oldu\u011fu halda \u0130ran ordusunun i\u015f\u011faldan azad olunan s\u0259rh\u0259d \u0259razil\u0259rimizin yax\u0131nl\u0131\u011f\u0131nda geni\u015f-miqyasl\u0131 h\u0259rbi t\u0259liml\u0259r ke\u00e7irm\u0259sin\u0259 \u015fahidi olduq. Qon\u015fumuzun biz\u0259 qar\u015f\u0131 t\u0259hdid dolu mesajlar verm\u0259sin\u0259 m\u00fc\u015fahid\u0259 etdik. Halbuki 30 illik i\u015f\u011fal d\u00f6n\u0259mind\u0259 bir d\u0259f\u0259 d\u0259 olsun h\u0259min s\u0259rh\u0259dd \u0259razisind\u0259 bel\u0259 miqyasda h\u0259rbi t\u0259lim ke\u00e7irilm\u0259mi\u015fdi\u201d.<\/p>\n<p>\u0130ran\u0131n Erm\u0259nistan\u0131n \u0259li il\u0259 regionda h\u0259r hans\u0131 t\u0259xribat t\u00f6r\u0259tm\u0259k ehtimal\u0131na, \u0259n \u0259sas\u0131 buna T\u00fcrkiy\u0259 v\u0259 Rusiyan\u0131n m\u00fcnasib\u0259tin\u0259 g\u0259linc\u0259 is\u0259 V\u00fcqar Zif\u0259ro\u011flu vur\u011fulay\u0131b ki, Ankara v\u0259 Moskva Tehran\u0131n C\u0259nubi Qafqazda \u00f6zba\u015f\u0131na h\u0259r\u0259k\u0259tl\u0259r etm\u0259sin\u0259 imkan ver\u0259 bilm\u0259z.<\/p>\n<p>\u201cT\u00fcrkiy\u0259nin buna reaksiyas\u0131 birm\u0259nal\u0131d\u0131r. Az\u0259rbaycan\u0131n t\u0259hl\u00fck\u0259sizliyinin t\u0259minat\u0131nda, o c\u00fcml\u0259d\u0259n C\u0259nubi Qafqazda s\u00fclh\u00fcn, sabitliyin b\u0259rq\u0259rar olunmas\u0131nda T\u00fcrkiy\u0259 h\u0259r zaman d\u0259qiq v\u0259 obyektiv m\u00f6vqe ortal\u0131\u011fa qoyub\u201d.<\/p>\n<p>V\u00fcqar Zif\u0259ro\u011flu \u0130ran-Erm\u0259nistan tandemin\u0259 qar\u015f\u0131 Az\u0259rbaycan-T\u00fcrkiy\u0259-\u0130srail h\u0259rbi birliyinin qurulmas\u0131n\u0131n m\u00fcmk\u00fcnl\u00fcy\u00fc bar\u0259d\u0259 d\u0259 s\u00f6z a\u00e7\u0131b.<\/p>\n<p>\u201c\u0130ran\u0131n C\u0259nubi Qafqazda a\u00e7\u0131q \u015f\u0259kild\u0259 m\u00fcharib\u0259 elan etm\u0259si v\u0259 ya Erm\u0259nistana a\u00e7\u0131q \u015f\u0259kild\u0259 h\u0259rbi d\u0259st\u0259k g\u00f6st\u0259rm\u0259si, \u00fcmumiyy\u0259tl\u0259 istisnad\u0131r. \u00c7\u00fcnki bu \u0130ran\u0131n \u00f6z\u00fc \u00fc\u00e7\u00fcn da\u011f\u0131d\u0131c\u0131 n\u0259tic\u0259l\u0259r\u0259 g\u0259tirib \u00e7\u0131xara bil\u0259r. Az\u0259rbaycana g\u0259linc\u0259 is\u0259 r\u0259smi Bak\u0131n\u0131n \u0130srail il\u0259 m\u00fcnasib\u0259tl\u0259ri \u00fc\u00e7\u00fcnc\u00fc bir \u00f6lk\u0259y\u0259 qar\u015f\u0131 y\u00f6n\u0259lm\u0259yib. \u0130st\u0259r qon\u015fu \u00f6lk\u0259l\u0259r, ist\u0259rs\u0259 b\u00f6lg\u0259 \u00f6lk\u0259l\u0259r il\u0259 \u0259laq\u0259l\u0259rd\u0259 Az\u0259rbaycan h\u0259r zaman xo\u015f v\u0259 i\u015fg\u00fczar m\u00fcnasib\u0259tl\u0259rin qurulmas\u0131na, \u0259m\u0259kda\u015fl\u0131q v\u0259 t\u0259r\u0259fda\u015fl\u0131q imkanlar\u0131n\u0131n geni\u015fl\u0259nm\u0259sin\u0259, o c\u00fcml\u0259d\u0259n strateji \u0259h\u0259miyy\u0259t da\u015f\u0131yan layih\u0259l\u0259rin h\u0259yata ke\u00e7irilm\u0259sin\u0259 diqq\u0259t ay\u0131r\u0131b. H\u0259tta t\u0259r\u0259fda\u015fl\u0131q strategiyam\u0131zda Erm\u0259nistan\u0131 bel\u0259 h\u0259d\u0259f g\u00f6t\u00fcrm\u0259mi\u015fik\u201d.<\/p>\n<p>O\u011fuz Ayvaz<\/p>\n","protected":false},"excerpt":{"rendered":"<p>\u201c\u0130ran\u0131n dini-siyasi r\u0259hb\u0259rliyi 44 g\u00fcnl\u00fck V\u0259t\u0259n m\u00fcharib\u0259sind\u0259n sonra C\u0259nubi Qafqazda yeni geosiyasi reall\u0131qlar il\u0259 he\u00e7 c\u00fcr\u0259 bar\u0131\u015fa bilmir. Buna qar\u015f\u0131 daima \u00f6z naraz\u0131l\u0131\u011f\u0131n\u0131 bildirib\u201d.\u00a0 &#8220;\u0130NFONEWS&#8221; Ednews-a istinad\u0259n x\u0259b\u0259r verir\u00a0 ki,&hellip; <\/p>\n","protected":false},"author":16,"featured_media":30824,"comment_status":"open","ping_status":"open","sticky":false,"template":"","format":"standard","meta":{"_mi_skip_tracking":false,"_monsterinsights_sitenote_active":false,"_monsterinsights_sitenote_note":"","_monsterinsights_sitenote_category":0,"footnotes":""},"categories":[6,11],"tags":[],"aioseo_notices":[],"_links":{"self":[{"href":"https:\/\/infonews.az\/index.php?rest_route=\/wp\/v2\/posts\/30823"}],"collection":[{"href":"https:\/\/infonews.az\/index.php?rest_route=\/wp\/v2\/posts"}],"about":[{"href":"https:\/\/infonews.az\/index.php?rest_route=\/wp\/v2\/types\/post"}],"author":[{"embeddable":true,"href":"https:\/\/infonews.az\/index.php?rest_route=\/wp\/v2\/users\/16"}],"replies":[{"embeddable":true,"href":"https:\/\/infonews.az\/index.php?rest_route=%2Fwp%2Fv2%2Fcomments&post=30823"}],"version-history":[{"count":1,"href":"https:\/\/infonews.az\/index.php?rest_route=\/wp\/v2\/posts\/30823\/revisions"}],"predecessor-version":[{"id":30825,"href":"https:\/\/infonews.az\/index.php?rest_route=\/wp\/v2\/posts\/30823\/revisions\/30825"}],"wp:featuredmedia":[{"embeddable":true,"href":"https:\/\/infonews.az\/index.php?rest_route=\/wp\/v2\/media\/30824"}],"wp:attachment":[{"href":"https:\/\/infonews.az\/index.php?rest_route=%2Fwp%2Fv2%2Fmedia&parent=30823"}],"wp:term":[{"taxonomy":"category","embeddable":true,"href":"https:\/\/infonews.az\/index.php?rest_route=%2Fwp%2Fv2%2Fcategories&post=30823"},{"taxonomy":"post_tag","embeddable":true,"href":"https:\/\/infonews.az\/index.php?rest_route=%2Fwp%2Fv2%2Ftags&post=30823"}],"curies":[{"name":"wp","href":"https:\/\/api.w.org\/{rel}","templated":true}]}}