{"id":30829,"date":"2023-02-08T20:44:52","date_gmt":"2023-02-08T16:44:52","guid":{"rendered":"https:\/\/infonews.az\/?p=30829"},"modified":"2023-02-08T20:45:44","modified_gmt":"2023-02-08T16:45:44","slug":"mahmud-qacar-v%c9%99fat-etdi","status":"publish","type":"post","link":"https:\/\/infonews.az\/?p=30829","title":{"rendered":"Mahmud Qacar v\u0259fat etdi"},"content":{"rendered":"<p>&#8220;<a href=\"https:\/\/infonews.az\">\u0130NFONEWS<\/a>&#8221; <strong>x\u0259b\u0259r verir ki,Az\u0259rbaycan jurnalistikas\u0131n\u0131n tan\u0131nm\u0131\u015f simalar\u0131ndan biri olan \u015fair publisist, n\u00fcfuzlu fikir adam\u0131, d\u0259y\u0259rli ziyal\u0131m\u0131z, ustad Mahmud Qacar v\u0259fat edib.<\/strong><\/p>\n<p>Mahmud Quliyev 1 sentyabr 1949-cu ild\u0259 F\u00fczuli rayonunun Qacar k\u0259ndind\u0259 do\u011fulub. 1976-c\u0131 ild\u0259 BDU-nun jurnalistika fak\u00fclt\u0259sini bitir\u0259r\u0259k F\u00fczuli rayonunda \u00e7\u0131xan &#8220;Araz&#8221; q\u0259zetind\u0259 f\u0259aliyy\u0259t\u0259 ba\u015flay\u0131b.<\/p>\n<p>F\u0259al ictimaiyy\u0259t\u00e7i olmu\u015fdur. Rayonda &#8220;Bilik&#8221; v\u0259 &#8220;Kitabsev\u0259rl\u0259r&#8221; c\u0259miyy\u0259tl\u0259rinin v\u0259 Rayon D\u00f6vl\u0259t \u0130dar\u0259l\u0259ri H\u0259mkarlar \u0130ttifaq\u0131n\u0131n Komit\u0259sinin s\u0259dri kimi \u00e7al\u0131\u015f\u0131b. &#8220;T\u0259f\u0259kk\u00fcr&#8221; elmi jurnal\u0131n\u0131n v\u0259 &#8220;\u018fsrin s\u0259si&#8221; q\u0259zetl\u0259rinin ba\u015f redaktoru olmu\u015fdur. Mahmud Qacar s\u0259m\u0259r\u0259li b\u0259dii-publisistik f\u0259aliyy\u0259tin\u0259 g\u00f6r\u0259 1999-cu ild\u0259 Az\u0259rbaycan K\u0130V H\u0130-nin &#8220;K\u0259malliyy\u0259&#8221; diplomuna v\u0259 &#8220;Q\u0131z\u0131l Q\u0259l\u0259m&#8221; jurnalist m\u00fckafat\u0131na layiq g\u00f6r\u00fcl\u00fcb.<\/p>\n<p>\u018fd\u0259bi al\u0259md\u0259 \u00f6z d\u0259sti-x\u0259tti \u00fcslubu, b\u0259dii- publisistik yaz\u0131lar\u0131 il\u0259 tan\u0131nan Mahmud Qacar yarad\u0131c\u0131l\u0131\u011f\u0131n\u0131n \u0259sas ruhunu yurd h\u0259sr\u0259ti, m\u00fcq\u0259dd\u0259s amallar u\u011frunda m\u00fcbariz\u0259 t\u0259\u015fkil ed\u0259n kitablar\u0131nda t\u0259lat\u00fcml\u00fc \u015fair q\u0259lbinin \u0259ks s\u0259das\u0131 olan m\u00fcxt\u0259lif s\u0259pkili lirik \u015feirl\u0259ri v\u0259 poemalar\u0131 yer alm\u0131\u015fd\u0131r.<\/p>\n<p>O,h\u0259m\u00e7inin, &#8220;F\u00fczuli \u015f\u0259hidl\u0259ri&#8221;, &#8220;Bin\u0259q\u0259di \u015f\u0259hidl\u0259ri&#8221;, &#8220;C\u0259ddini \u00e7a\u011f\u0131r\u0131r\u0131q&#8221;, &#8220;M\u00fcq\u0259dd\u0259s ata yurdu&#8221;, &#8220;Sevm\u0259y\u0259 d\u0259y\u0259rmi\u015f&#8221;, &#8220;S\u00f6z\u00fcm var h\u0259l\u0259&#8221; &#8220;Ba\u011f\u0131\u015fla m\u0259ni,Qacar\u0131m&#8221;, &#8220;K\u0259silm\u0259y\u0259n s\u0259sl\u0259r&#8221; kitablar\u0131n\u0131n m\u00fc\u0259llifi olub.<\/p>\n","protected":false},"excerpt":{"rendered":"<p>&#8220;\u0130NFONEWS&#8221; x\u0259b\u0259r verir ki,Az\u0259rbaycan jurnalistikas\u0131n\u0131n tan\u0131nm\u0131\u015f simalar\u0131ndan biri olan \u015fair publisist, n\u00fcfuzlu fikir adam\u0131, d\u0259y\u0259rli ziyal\u0131m\u0131z, ustad Mahmud Qacar v\u0259fat edib. Mahmud Quliyev 1 sentyabr 1949-cu ild\u0259 F\u00fczuli rayonunun Qacar&hellip; <\/p>\n","protected":false},"author":16,"featured_media":30830,"comment_status":"open","ping_status":"open","sticky":false,"template":"","format":"standard","meta":{"_mi_skip_tracking":false,"_monsterinsights_sitenote_active":false,"_monsterinsights_sitenote_note":"","_monsterinsights_sitenote_category":0,"footnotes":""},"categories":[330,10,11],"tags":[],"aioseo_notices":[],"_links":{"self":[{"href":"https:\/\/infonews.az\/index.php?rest_route=\/wp\/v2\/posts\/30829"}],"collection":[{"href":"https:\/\/infonews.az\/index.php?rest_route=\/wp\/v2\/posts"}],"about":[{"href":"https:\/\/infonews.az\/index.php?rest_route=\/wp\/v2\/types\/post"}],"author":[{"embeddable":true,"href":"https:\/\/infonews.az\/index.php?rest_route=\/wp\/v2\/users\/16"}],"replies":[{"embeddable":true,"href":"https:\/\/infonews.az\/index.php?rest_route=%2Fwp%2Fv2%2Fcomments&post=30829"}],"version-history":[{"count":2,"href":"https:\/\/infonews.az\/index.php?rest_route=\/wp\/v2\/posts\/30829\/revisions"}],"predecessor-version":[{"id":30832,"href":"https:\/\/infonews.az\/index.php?rest_route=\/wp\/v2\/posts\/30829\/revisions\/30832"}],"wp:featuredmedia":[{"embeddable":true,"href":"https:\/\/infonews.az\/index.php?rest_route=\/wp\/v2\/media\/30830"}],"wp:attachment":[{"href":"https:\/\/infonews.az\/index.php?rest_route=%2Fwp%2Fv2%2Fmedia&parent=30829"}],"wp:term":[{"taxonomy":"category","embeddable":true,"href":"https:\/\/infonews.az\/index.php?rest_route=%2Fwp%2Fv2%2Fcategories&post=30829"},{"taxonomy":"post_tag","embeddable":true,"href":"https:\/\/infonews.az\/index.php?rest_route=%2Fwp%2Fv2%2Ftags&post=30829"}],"curies":[{"name":"wp","href":"https:\/\/api.w.org\/{rel}","templated":true}]}}