{"id":30954,"date":"2023-02-09T15:20:50","date_gmt":"2023-02-09T11:20:50","guid":{"rendered":"https:\/\/infonews.az\/?p=30954"},"modified":"2023-02-09T23:36:25","modified_gmt":"2023-02-09T19:36:25","slug":"dovl%c9%99t-orqanlarinda-vakant-inzibati-v%c9%99zif%c9%99l%c9%99rin-tutulmasi-ucun-daxili-musahib%c9%99-elan-edilir","status":"publish","type":"post","link":"https:\/\/infonews.az\/?p=30954","title":{"rendered":"D\u00f6vl\u0259t orqanlar\u0131nda vakant inzibati v\u0259zif\u0259l\u0259rin tutulmas\u0131 \u00fc\u00e7\u00fcn daxili m\u00fcsahib\u0259 elan edilir"},"content":{"rendered":"<blockquote><p><span style=\"color: #000000;\">D\u00f6vl\u0259t orqanlar\u0131nda vakant inzibati v\u0259zif\u0259l\u0259rin tutulmas\u0131 \u00fc\u00e7\u00fcn daxili m\u00fcsahib\u0259 elan edilir .<\/span><\/p><\/blockquote>\n<p><span style=\"color: #000000;\">D\u00f6vl\u0259t \u0130mtahan M\u0259rk\u0259zind\u0259n (D\u0130M)\u00a0<a href=\"https:\/\/infonews.az\/\"><strong>\u201c\u0130NFONEWS\u201d<\/strong><\/a>-a veril\u0259n m\u0259lumata g\u00f6r\u0259, 9 fevral 2023-c\u00fc il tarixind\u0259 13 d\u00f6vl\u0259t orqan\u0131nda inzibati v\u0259zif\u0259l\u0259rin 3-7-ci t\u0259snifat\u0131na uy\u011fun olan v\u0259zif\u0259l\u0259rin A v\u0259 B n\u00f6v\u00fc \u00fczr\u0259 <\/span><a href=\"https:\/\/exidmet.dim.gov.az\/DQQ\/Elan\/DxMshMshElanlar\">daxili m\u00fcsahib\u0259 elan\u0131<\/a><span style=\"color: #000000;\">\u00a0verilib.\u00a0<\/span><\/p>\n<p><span style=\"color: #000000;\">M\u0259rk\u0259zi icra hakimiyy\u0259ti v\u0259 m\u0259hk\u0259m\u0259 hakimiyy\u0259ti orqanlar\u0131 daxil olmaqla elana \u00e7\u0131xar\u0131lan v\u0259zif\u0259l\u0259rin 25-i d\u00f6vl\u0259t qullu\u011fu v\u0259zif\u0259l\u0259rinin A n\u00f6v\u00fcn\u0259 (inzibati r\u0259hb\u0259r), 16-s\u0131 B n\u00f6v\u00fc v\u0259zif\u0259l\u0259r\u0259 (inzibati icra\u00e7\u0131) aiddir.<\/span><\/p>\n<p><span style=\"color: #000000;\">Daxili m\u00fcsahib\u0259y\u0259 \u00e7\u0131xar\u0131lan v\u0259zif\u0259l\u0259r aras\u0131nda \u0259n y\u00fcks\u0259k v\u0259zif\u0259 inzibati v\u0259zif\u0259l\u0259rin 3-c\u00fc t\u0259snifat\u0131na uy\u011fun olan K\u0259nd T\u0259s\u0259rr\u00fcfat\u0131 Nazirliyi yan\u0131nda Aqrar Xidm\u0259tl\u0259r Agentliyi, r\u0259hb\u0259rin m\u00fcavini &#8211; s\u0259drin m\u00fcavini v\u0259zif\u0259sidir.<\/span><\/p>\n<p><span style=\"color: #000000;\">\u00dcmumilikd\u0259 is\u0259 K\u0259nd T\u0259s\u0259rr\u00fcfat\u0131 Nazirliyind\u0259 7, \u0130qtisadiyyat Nazirliyind\u0259 6, Maliyy\u0259 Nazirliyind\u0259 6, Energetika Nazirliyind\u0259 6, Diasporla \u0130\u015f \u00fczr\u0259 D\u00f6vl\u0259t Komit\u0259sind\u0259 4, Hesablama Palatas\u0131nda 3, Ekologiya v\u0259 T\u0259bii S\u0259rv\u0259tl\u0259r Nazirliyind\u0259 2, \u018fqli M\u00fclkiyy\u0259t Agentliyind\u0259 2, Qa\u00e7q\u0131nlar\u0131n v\u0259 M\u0259cburi K\u00f6\u00e7k\u00fcnl\u0259rin \u0130\u015fl\u0259ri \u00fczr\u0259 D\u00f6vl\u0259t Komit\u0259sind\u0259 1, Dini Qurumlarla \u0130\u015f \u00fczr\u0259 D\u00f6vl\u0259t Komit\u0259sind\u0259 1, Bak\u0131 Kommersiya M\u0259hk\u0259m\u0259sind\u0259 1, Bak\u0131 \u015e\u0259h\u0259ri Yasamal Rayon M\u0259hk\u0259m\u0259sind\u0259 1, Sumqay\u0131t \u015e\u0259h\u0259r M\u0259hk\u0259m\u0259sind\u0259 1 vakant v\u0259zif\u0259 daxili m\u00fcsahib\u0259 elan\u0131na \u00e7\u0131xar\u0131lm\u0131\u015fd\u0131r.\u00a0\u00a0<\/span><\/p>\n<p><span style=\"color: #000000;\">Qanunvericiliyin t\u0259l\u0259bl\u0259rin\u0259 uy\u011fun olaraq, daxili m\u00fcsahib\u0259 \u00fczr\u0259 s\u0259n\u0259d q\u0259bulu elektron qaydada h\u0259yata ke\u00e7irilir. Daxili m\u00fcsahib\u0259 \u00fczr\u0259 s\u0259n\u0259d q\u0259bulunun elektron qaydada h\u0259yata ke\u00e7irilm\u0259si v\u0259t\u0259nda\u015flar\u0131n rahatl\u0131\u011f\u0131n\u0131n t\u0259min edilm\u0259si, vaxt itkisinin v\u0259 maliyy\u0259 x\u0259rcl\u0259rinin qar\u015f\u0131s\u0131n\u0131n al\u0131nmas\u0131, habel\u0259 M\u0259rk\u0259z t\u0259r\u0259find\u0259n g\u00f6st\u0259ril\u0259n d\u00f6vl\u0259t xidm\u0259tl\u0259rinin daha \u0259l\u00e7atan olmas\u0131na imkan verir.<\/span><\/p>\n<p><span style=\"color: #000000;\">Daxili m\u00fcsahib\u0259d\u0259 a\u015fa\u011f\u0131dak\u0131 \u015f\u0259xsl\u0259r i\u015ftirak h\u00fcququna malikdir:<\/span><\/p>\n<div>\n<ul>\n<li><span style=\"color: #000000;\">Vakant v\u0259zif\u0259ni t\u0259qdim etmi\u015f d\u00f6vl\u0259t orqan\u0131nda inzibati v\u0259zif\u0259l\u0259rd\u0259 qulluq ke\u00e7\u0259n v\u0259 inzibati v\u0259zif\u0259l\u0259rin t\u0259snifat\u0131na uy\u011fun ixtisas d\u0259r\u0259c\u0259si olan d\u00f6vl\u0259t qulluq\u00e7ular\u0131;<\/span><\/li>\n<li><span style=\"color: #000000;\">D\u00f6vl\u0259t orqan\u0131n\u0131n l\u0259\u011fvi, d\u00f6vl\u0259t qulluq\u00e7ular\u0131n\u0131n say\u0131n\u0131n v\u0259 ya \u015ftatlar\u0131n\u0131n ixtisar\u0131 il\u0259 \u0259laq\u0259dar daxili m\u00fcsahib\u0259 elan edil\u0259n d\u00f6vl\u0259t orqan\u0131nda ehtiyat kadr kimi saxlan\u0131lan \u015f\u0259xsl\u0259r;<\/span><\/li>\n<li><span style=\"color: #000000;\">1-3-c\u00fc kateqoriya d\u00f6vl\u0259t orqanlar\u0131nda inzibati v\u0259zif\u0259l\u0259rin 1-3-c\u00fc t\u0259snifatlar\u0131na uy\u011fun olan v\u0259zif\u0259l\u0259r\u0259, habel\u0259 m\u0259rk\u0259zi icra hakimiyy\u0259ti orqanlar\u0131nda, onlara b\u0259rab\u0259r tutulan orqanlarda (Az\u0259rbaycan Respublikas\u0131n\u0131n Prezidenti yan\u0131nda Ali Attestasiya Komissiyas\u0131, Az\u0259rbaycan Respublikas\u0131n\u0131n Prezidenti yan\u0131nda D\u00f6vl\u0259t Sirrinin M\u00fchafiz\u0259si \u00fczr\u0259 \u0130dar\u0259l\u0259raras\u0131 Komissiyan\u0131n Katibliyi) \u015f\u00f6b\u0259 m\u00fcdiri, r\u0259hb\u0259rin m\u00fc\u015faviri v\u0259 r\u0259hb\u0259rin k\u00f6m\u0259k\u00e7isi v\u0259zif\u0259l\u0259rin\u0259 iddia ed\u0259n \u015f\u0259xsl\u0259r.<\/span><\/li>\n<\/ul>\n<\/div>\n<p><span style=\"color: #000000;\">Daxili m\u00fcsahib\u0259d\u0259 i\u015ftirak etm\u0259k ist\u0259y\u0259n namiz\u0259dl\u0259r\u00a09 fevral 2023-c\u00fc il tarixind\u0259n 23 fevral 2023-c\u00fc il saat 18:00-d\u0259k\u00a0M\u0259rk\u0259zin internet portal\u0131nda\u00a0<\/span><a href=\"https:\/\/exidmet.dim.gov.az\/dqq\/Home\/Login\">\u201c<\/a><a href=\"https:\/\/exidmet.dim.gov.az\/dqq\/Home\/Login\">D\u00f6vl\u0259t qullu\u011fu \u00fczr\u0259 m\u00fcraci\u0259t Formas\u0131<\/a><a href=\"https:\/\/exidmet.dim.gov.az\/dqq\/Home\/Login\">\u201d<\/a><span style=\"color: #000000;\">n\u0131 doldurmaqla qeydiyyatdan ke\u00e7m\u0259lidirl\u0259r.<\/span><\/p>\n","protected":false},"excerpt":{"rendered":"<p>D\u00f6vl\u0259t orqanlar\u0131nda vakant inzibati v\u0259zif\u0259l\u0259rin tutulmas\u0131 \u00fc\u00e7\u00fcn daxili m\u00fcsahib\u0259 elan edilir . D\u00f6vl\u0259t \u0130mtahan M\u0259rk\u0259zind\u0259n (D\u0130M)\u00a0\u201c\u0130NFONEWS\u201d-a veril\u0259n m\u0259lumata g\u00f6r\u0259, 9 fevral 2023-c\u00fc il tarixind\u0259 13 d\u00f6vl\u0259t orqan\u0131nda inzibati v\u0259zif\u0259l\u0259rin 3-7-ci&hellip; <\/p>\n","protected":false},"author":3,"featured_media":30955,"comment_status":"open","ping_status":"open","sticky":false,"template":"","format":"standard","meta":{"_mi_skip_tracking":false,"_monsterinsights_sitenote_active":false,"_monsterinsights_sitenote_note":"","_monsterinsights_sitenote_category":0,"footnotes":""},"categories":[11,3],"tags":[],"aioseo_notices":[],"_links":{"self":[{"href":"https:\/\/infonews.az\/index.php?rest_route=\/wp\/v2\/posts\/30954"}],"collection":[{"href":"https:\/\/infonews.az\/index.php?rest_route=\/wp\/v2\/posts"}],"about":[{"href":"https:\/\/infonews.az\/index.php?rest_route=\/wp\/v2\/types\/post"}],"author":[{"embeddable":true,"href":"https:\/\/infonews.az\/index.php?rest_route=\/wp\/v2\/users\/3"}],"replies":[{"embeddable":true,"href":"https:\/\/infonews.az\/index.php?rest_route=%2Fwp%2Fv2%2Fcomments&post=30954"}],"version-history":[{"count":1,"href":"https:\/\/infonews.az\/index.php?rest_route=\/wp\/v2\/posts\/30954\/revisions"}],"predecessor-version":[{"id":30956,"href":"https:\/\/infonews.az\/index.php?rest_route=\/wp\/v2\/posts\/30954\/revisions\/30956"}],"wp:featuredmedia":[{"embeddable":true,"href":"https:\/\/infonews.az\/index.php?rest_route=\/wp\/v2\/media\/30955"}],"wp:attachment":[{"href":"https:\/\/infonews.az\/index.php?rest_route=%2Fwp%2Fv2%2Fmedia&parent=30954"}],"wp:term":[{"taxonomy":"category","embeddable":true,"href":"https:\/\/infonews.az\/index.php?rest_route=%2Fwp%2Fv2%2Fcategories&post=30954"},{"taxonomy":"post_tag","embeddable":true,"href":"https:\/\/infonews.az\/index.php?rest_route=%2Fwp%2Fv2%2Ftags&post=30954"}],"curies":[{"name":"wp","href":"https:\/\/api.w.org\/{rel}","templated":true}]}}