{"id":31161,"date":"2023-02-10T20:37:06","date_gmt":"2023-02-10T16:37:06","guid":{"rendered":"https:\/\/infonews.az\/?p=31161"},"modified":"2023-02-10T21:52:03","modified_gmt":"2023-02-10T17:52:03","slug":"unec-d%c9%99-hay-soyu-%c9%99rm%c9%99n-cildind%c9%99-adli-kitabin-t%c9%99qdimati-kecirilib","status":"publish","type":"post","link":"https:\/\/infonews.az\/?p=31161","title":{"rendered":"UNEC-d\u0259 \u201cHay soyu \u0259rm\u0259n cildind\u0259\u201d adl\u0131 kitab\u0131n t\u0259qdimat\u0131 ke\u00e7irilib"},"content":{"rendered":"<p><span style=\"color: #ffffff;\">UNEC-d\u0259 \u201cHay soyu \u0259rm\u0259n cildind\u0259\u201d adl\u0131 kitab\u0131n t\u0259qdimat\u0131 ke\u00e7irilib<\/span><\/p>\n<blockquote><p><span style=\"color: #000000;\"><em><strong>UNEC-d\u0259 \u201cOxu m\u0259d\u0259niyy\u0259ti\u201d layih\u0259si \u00e7\u0259r\u00e7iv\u0259sind\u0259 Almaniyada ya\u015fayan az\u0259rbaycanl\u0131 alim Rasim Sadiqin \u201cHay soyu \u0259rm\u0259n cildind\u0259\u201d adl\u0131 kitab\u0131n\u0131n t\u0259qdimat\u0131 ke\u00e7irilib.<\/strong><\/em><\/span><\/p><\/blockquote>\n<p><span style=\"color: #000000;\">Bu bar\u0259d\u0259\u00a0<a href=\"https:\/\/infonews.az\/\"><strong>\u201c\u0130NFONEWS\u201d<\/strong><\/a>-a Az\u0259rbaycan D\u00f6vl\u0259t \u0130qtisad Universitetinin (UNEC) \u0130ctimaiyy\u0259tl\u0259 \u018flaq\u0259l\u0259r \u015f\u00f6b\u0259sind\u0259n m\u0259lumat verilib.<\/span><\/p>\n<p><span style=\"color: #000000;\">\u00dcmumi f\u0259nl\u0259rin t\u0259drisinin t\u0259\u015fkili departamentinin (\u00dcFTTD) direktoru dosent G\u00fclnar\u0259 Rzayevan\u0131n moderatorlu\u011fu il\u0259 ke\u00e7\u0259n t\u0259dbird\u0259 AMEA-n\u0131n tarix\u00e7i-aliml\u0259ri v\u0259 UNEC-in professor-m\u00fc\u0259llim hey\u0259ti i\u015ftirak edib.<\/span><\/p>\n<p><span style=\"color: #000000;\">UNEC rektoru professor \u018fdal\u0259t Muradov Az\u0259rbaycan\u0131n tarixi d\u00fc\u015fm\u0259nl\u0259ri olan erm\u0259nil\u0259rin hay soyu tarixi bar\u0259d\u0259 h\u0259qiq\u0259tl\u0259rinin d\u00fcnyaya \u00e7atd\u0131r\u0131lmas\u0131nda t\u0259qdim olunan kitab\u0131n m\u00fch\u00fcm rol oynayaca\u011f\u0131n\u0131 bildir\u0259r\u0259k, m\u00fc\u0259llifi t\u0259brik edib. Rektor UNEC-d\u0259 f\u0259aliyy\u0259t g\u00f6st\u0259r\u0259n Erm\u0259nistan \u0130qtisadiyyat\u0131n\u0131n Ara\u015fd\u0131rma m\u0259rk\u0259zind\u0259 h\u0259r iki \u00f6lk\u0259nin iqtisadiyyat\u0131 il\u0259 ba\u011fl\u0131 t\u0259dqiqatlar\u0131n apar\u0131ld\u0131\u011f\u0131n\u0131, h\u0259m\u00e7inin Erm\u0259nistan\u0131n iqtisadi durumu il\u0259 ba\u011fl\u0131 erm\u0259ni dilind\u0259 olan m\u0259nb\u0259l\u0259rd\u0259n daha dol\u011fun m\u0259lumat \u0259ld\u0259 etm\u0259k m\u0259qs\u0259dil\u0259 universitetd\u0259 2 d\u0259f\u0259 erm\u0259ni dili kurslar\u0131n\u0131n t\u0259\u015fkil olundu\u011funu diqq\u0259t\u0259 \u00e7atd\u0131r\u0131b. Qaraba\u011f\u0131n i\u015f\u011faldan azad olunmas\u0131ndan sonra bel\u0259 t\u0259dqiqatlara b\u00f6y\u00fck ehtiyac\u0131n yarand\u0131\u011f\u0131n\u0131 dey\u0259n rektor, UNEC aliml\u0259rinin Qaraba\u011f\u0131n iqtisadiyyat\u0131, tarixi il\u0259 ba\u011fl\u0131 t\u0259dqiqatlar\u0131n\u0131 daha da geni\u015fl\u0259ndirdikl\u0259rini qeyd edib.<\/span><\/p>\n<p><span style=\"color: #000000;\">Kitab\u0131n m\u00fc\u0259llifi dosent Rasim Sadiq bildirib ki,\u00a0Prezident \u0130lham \u018fliyev\u00a0Xocav\u0259nd rayon ictimaiyy\u0259tinin n\u00fcmay\u0259nd\u0259l\u0259ri il\u0259\u00a0g\u00f6r\u00fc\u015fd\u0259\u00a0hay-erm\u0259ni v\u0259 Hayastan-Erm\u0259nistan paralell\u0259rinin \u00f6yr\u0259nilm\u0259sinin Az\u0259rbaycan tarix\u00e7il\u0259rinin v\u0259zif\u0259si oldu\u011funu s\u00f6yl\u0259mi\u015fdir. M\u00fc\u0259llif bu g\u00fcn h\u0259min v\u0259zif\u0259ni yerin\u0259 yetirdiyi \u00fc\u00e7\u00fcn q\u00fcrur duydu\u011funu bildir\u0259r\u0259k, apard\u0131\u011f\u0131 ara\u015fd\u0131rman\u0131n 44 g\u00fcnl\u00fck m\u00fcharib\u0259d\u0259 qazan\u0131lm\u0131\u015f m\u00f6ht\u0259\u015f\u0259m q\u0259l\u0259b\u0259mizin z\u0259minind\u0259 g\u00fcnd\u0259m\u0259 g\u0259ldiyini v\u0259\u00a0\u201cYalanlar tarixinin ger\u00e7\u0259k \u00fcz\u00fc\u201d\u00a0layih\u0259sinin n\u0259tic\u0259l\u0259rind\u0259n yaranm\u0131\u015f birinci kitab oldu\u011funu deyib.\u00a0M\u00fc\u0259llif son \u00fc\u00e7 y\u00fcz ild\u0259 d\u00fcnya tarix\u015f\u00fcnasl\u0131\u011f\u0131na t\u0259lqin edil\u0259n \u201cbe\u015f min illik erm\u0259ni tarixi\u201d t\u0259dqiqinin, bu g\u00fcnk\u00fc erm\u0259nil\u0259rin \u0259cdad\u0131 olan \u201chay\u201d etnosunun yaranmas\u0131n\u0131n, onlar\u0131n Anadoluya v\u0259 C\u0259nubi Qafqaza miqrasiyas\u0131n\u0131n tarixi, s\u0259b\u0259bl\u0259ri, s\u0259b\u0259bkarlar\u0131 v\u0259 n\u0259tic\u0259l\u0259rinin kitabda \u00f6z \u0259ksini tapd\u0131\u011f\u0131n\u0131 qeyd edib.<\/span><\/p>\n<p><span style=\"color: #000000;\">\u00dcFTTD v\u0259 UNEC Kitabxana \u0130nformasiya m\u0259rk\u0259zinin t\u0259\u015fkilat\u00e7\u0131l\u0131\u011f\u0131 il\u0259 ke\u00e7iril\u0259n t\u0259dbird\u0259 AMEA F\u0259ls\u0259f\u0259 v\u0259 Sosiologiya \u0130nstitutunun icra\u00e7\u0131 direktoru professor Eynulla M\u0259d\u0259tli, A.A.Bak\u0131xanov ad\u0131na Tarix institutunun \u015f\u00f6b\u0259 m\u00fcdirl\u0259ri C\u0259bi B\u0259hramov, G\u00fcnt\u0259kin N\u0259c\u0259fli, professor R\u0259na Mirz\u0259zad\u0259, UNEC-in Humanitar f\u0259nl\u0259r kafedras\u0131n\u0131n m\u00fcdiri professor V\u0259kil H\u0259s\u0259nov \u00e7\u0131x\u0131\u015f ed\u0259r\u0259k, kitab\u0131n m\u00fcasir d\u00f6vr\u00fcm\u00fcz \u00fc\u00e7\u00fcn \u00e7ox faydal\u0131 oldu\u011funu v\u0259 d\u00fcnyan\u0131n m\u00fcxt\u0259lif dill\u0259rin\u0259 t\u0259rc\u00fcm\u0259 edil\u0259r\u0259k yay\u0131lmas\u0131n\u0131n vacibliyini bildiribl\u0259r.<\/span><\/p>\n<p><span style=\"color: #000000;\">T\u0259dbir i\u015ftirak\u00e7\u0131lar\u0131 sonda Qaraba\u011f kitablar\u0131ndan ibar\u0259t s\u0259rgi il\u0259 tan\u0131\u015f olublar.<\/span><\/p>\n","protected":false},"excerpt":{"rendered":"<p>UNEC-d\u0259 \u201cHay soyu \u0259rm\u0259n cildind\u0259\u201d adl\u0131 kitab\u0131n t\u0259qdimat\u0131 ke\u00e7irilib UNEC-d\u0259 \u201cOxu m\u0259d\u0259niyy\u0259ti\u201d layih\u0259si \u00e7\u0259r\u00e7iv\u0259sind\u0259 Almaniyada ya\u015fayan az\u0259rbaycanl\u0131 alim Rasim Sadiqin \u201cHay soyu \u0259rm\u0259n cildind\u0259\u201d adl\u0131 kitab\u0131n\u0131n t\u0259qdimat\u0131 ke\u00e7irilib. Bu bar\u0259d\u0259\u00a0\u201c\u0130NFONEWS\u201d-a&hellip; <\/p>\n","protected":false},"author":3,"featured_media":31162,"comment_status":"open","ping_status":"open","sticky":false,"template":"","format":"standard","meta":{"_mi_skip_tracking":false,"_monsterinsights_sitenote_active":false,"_monsterinsights_sitenote_note":"","_monsterinsights_sitenote_category":0,"footnotes":""},"categories":[5373,11],"tags":[9764,9755,47,4519,9765],"aioseo_notices":[],"_links":{"self":[{"href":"https:\/\/infonews.az\/index.php?rest_route=\/wp\/v2\/posts\/31161"}],"collection":[{"href":"https:\/\/infonews.az\/index.php?rest_route=\/wp\/v2\/posts"}],"about":[{"href":"https:\/\/infonews.az\/index.php?rest_route=\/wp\/v2\/types\/post"}],"author":[{"embeddable":true,"href":"https:\/\/infonews.az\/index.php?rest_route=\/wp\/v2\/users\/3"}],"replies":[{"embeddable":true,"href":"https:\/\/infonews.az\/index.php?rest_route=%2Fwp%2Fv2%2Fcomments&post=31161"}],"version-history":[{"count":1,"href":"https:\/\/infonews.az\/index.php?rest_route=\/wp\/v2\/posts\/31161\/revisions"}],"predecessor-version":[{"id":31163,"href":"https:\/\/infonews.az\/index.php?rest_route=\/wp\/v2\/posts\/31161\/revisions\/31163"}],"wp:featuredmedia":[{"embeddable":true,"href":"https:\/\/infonews.az\/index.php?rest_route=\/wp\/v2\/media\/31162"}],"wp:attachment":[{"href":"https:\/\/infonews.az\/index.php?rest_route=%2Fwp%2Fv2%2Fmedia&parent=31161"}],"wp:term":[{"taxonomy":"category","embeddable":true,"href":"https:\/\/infonews.az\/index.php?rest_route=%2Fwp%2Fv2%2Fcategories&post=31161"},{"taxonomy":"post_tag","embeddable":true,"href":"https:\/\/infonews.az\/index.php?rest_route=%2Fwp%2Fv2%2Ftags&post=31161"}],"curies":[{"name":"wp","href":"https:\/\/api.w.org\/{rel}","templated":true}]}}