{"id":31199,"date":"2023-02-11T02:44:06","date_gmt":"2023-02-10T22:44:06","guid":{"rendered":"https:\/\/infonews.az\/?p=31199"},"modified":"2023-02-11T02:48:22","modified_gmt":"2023-02-10T22:48:22","slug":"dovl%c9%99t-departamenti-c%c9%99nubi-qafqazda-sulhun-t%c9%99sviqi-abs-administrasiyasi-ucun-prioritet-olaraq-qalir","status":"publish","type":"post","link":"https:\/\/infonews.az\/?p=31199","title":{"rendered":"D\u00f6vl\u0259t Departamenti: \u201cC\u0259nubi Qafqazda s\u00fclh\u00fcn t\u0259\u015fviqi AB\u015e administrasiyas\u0131 \u00fc\u00e7\u00fcn prioritet olaraq qal\u0131r\u201d"},"content":{"rendered":"<p>&nbsp;<\/p>\n<p><span style=\"color: #ffffff\">D\u00f6vl\u0259t Departamenti: \u201cC\u0259nubi Qafqazda s\u00fclh\u00fcn t\u0259\u015fviqi AB\u015e administrasiyas\u0131 \u00fc\u00e7\u00fcn prioritet olaraq qal\u0131r\u201d<\/span><\/p>\n<p style=\"text-align: left\">\u201cC\u0259nubi Qafqazda s\u00fclh\u00fcn t\u0259\u015fviqi t\u0259kc\u0259 AB\u015e administrasiyas\u0131 \u00fc\u00e7\u00fcn deyil, x\u00fcsus\u0259n d\u0259 d\u00f6vl\u0259t katibi Entoni Blinken \u00fc\u00e7\u00fcn davaml\u0131 prioritet olaraq qal\u0131r. Bunu Blinkenin Erm\u0259nistan v\u0259 Az\u0259rbaycan liderl\u0259ri il\u0259 birba\u015fa qar\u015f\u0131l\u0131ql\u0131 \u0259laq\u0259si s\u00fcbut edir\u201d.<\/p>\n<p>&nbsp;<\/p>\n<p style=\"text-align: left\"><a href=\"https:\/\/infonews.az\">\u0130NFONEWS<\/a> x\u0259b\u0259r verir ki, bunu D\u00f6vl\u0259t Departamentinin m\u0259tbuat xidm\u0259tinin r\u0259hb\u0259rinin m\u00fcavini Vedant Patel brifinqd\u0259 deyib.<\/p>\n<p>&nbsp;<\/p>\n<p>Onun s\u00f6zl\u0259rin\u0259 g\u00f6r\u0259, Amerika Birl\u0259\u015fmi\u015f \u015etatlar\u0131 s\u00fclh\u00fcn inki\u015faf\u0131 \u00fc\u00e7\u00fcn b\u00fct\u00fcn istiqam\u0259tl\u0259rd\u0259 \u0259m\u0259kda\u015fl\u0131\u011fa q\u0259tiyy\u0259tl\u0259 sadiqdir:<\/p>\n<p>&nbsp;<\/p>\n<p>\u201cDediyim kimi, C\u0259nubi Qafqazda s\u00fclh\u00fcn t\u0259\u015fviqi bizim \u00fc\u00e7\u00fcn daimi prioritet olaraq qal\u0131r\u201d.<\/p>\n","protected":false},"excerpt":{"rendered":"<p>&nbsp; D\u00f6vl\u0259t Departamenti: \u201cC\u0259nubi Qafqazda s\u00fclh\u00fcn t\u0259\u015fviqi AB\u015e administrasiyas\u0131 \u00fc\u00e7\u00fcn prioritet olaraq qal\u0131r\u201d \u201cC\u0259nubi Qafqazda s\u00fclh\u00fcn t\u0259\u015fviqi t\u0259kc\u0259 AB\u015e administrasiyas\u0131 \u00fc\u00e7\u00fcn deyil, x\u00fcsus\u0259n d\u0259 d\u00f6vl\u0259t katibi Entoni Blinken \u00fc\u00e7\u00fcn davaml\u0131&hellip; <\/p>\n","protected":false},"author":16,"featured_media":31200,"comment_status":"open","ping_status":"open","sticky":false,"template":"","format":"standard","meta":{"_mi_skip_tracking":false,"_monsterinsights_sitenote_active":false,"_monsterinsights_sitenote_note":"","_monsterinsights_sitenote_category":0,"footnotes":""},"categories":[9],"tags":[],"aioseo_notices":[],"_links":{"self":[{"href":"https:\/\/infonews.az\/index.php?rest_route=\/wp\/v2\/posts\/31199"}],"collection":[{"href":"https:\/\/infonews.az\/index.php?rest_route=\/wp\/v2\/posts"}],"about":[{"href":"https:\/\/infonews.az\/index.php?rest_route=\/wp\/v2\/types\/post"}],"author":[{"embeddable":true,"href":"https:\/\/infonews.az\/index.php?rest_route=\/wp\/v2\/users\/16"}],"replies":[{"embeddable":true,"href":"https:\/\/infonews.az\/index.php?rest_route=%2Fwp%2Fv2%2Fcomments&post=31199"}],"version-history":[{"count":3,"href":"https:\/\/infonews.az\/index.php?rest_route=\/wp\/v2\/posts\/31199\/revisions"}],"predecessor-version":[{"id":31203,"href":"https:\/\/infonews.az\/index.php?rest_route=\/wp\/v2\/posts\/31199\/revisions\/31203"}],"wp:featuredmedia":[{"embeddable":true,"href":"https:\/\/infonews.az\/index.php?rest_route=\/wp\/v2\/media\/31200"}],"wp:attachment":[{"href":"https:\/\/infonews.az\/index.php?rest_route=%2Fwp%2Fv2%2Fmedia&parent=31199"}],"wp:term":[{"taxonomy":"category","embeddable":true,"href":"https:\/\/infonews.az\/index.php?rest_route=%2Fwp%2Fv2%2Fcategories&post=31199"},{"taxonomy":"post_tag","embeddable":true,"href":"https:\/\/infonews.az\/index.php?rest_route=%2Fwp%2Fv2%2Ftags&post=31199"}],"curies":[{"name":"wp","href":"https:\/\/api.w.org\/{rel}","templated":true}]}}