{"id":31254,"date":"2023-02-12T00:19:53","date_gmt":"2023-02-11T20:19:53","guid":{"rendered":"https:\/\/infonews.az\/?p=31254"},"modified":"2023-02-12T00:19:53","modified_gmt":"2023-02-11T20:19:53","slug":"braziliyada-isa-m%c9%99sihi-ildirim-vurdu","status":"publish","type":"post","link":"https:\/\/infonews.az\/?p=31254","title":{"rendered":"Braziliyada \u0130sa M\u0259sihi ild\u0131r\u0131m vurdu"},"content":{"rendered":"<p><span style=\"color: #ffffff;\">Braziliyada \u0130sa M\u0259sihi ild\u0131r\u0131m vurdu<\/span><\/p>\n<blockquote><p><span style=\"color: #000000;\">Braziliyan\u0131n simvolu say\u0131lan \u0130sa M\u0259sihin heyk\u0259lini ild\u0131r\u0131m vurub.<\/span><\/p><\/blockquote>\n<p><span style=\"color: #000000;\"><a href=\"https:\/\/infonews.az\/\"><strong><span style=\"color: #000080;\">&#8220;\u0130NFONEWS&#8221;<\/span><\/strong><\/a> x\u0259b\u0259r verir ki, bu bar\u0259d\u0259 \u201cVesti.ru\u201d m\u0259lumat yay\u0131b.<\/span><\/p>\n<p><span style=\"color: #000000;\">Rio-de-Janeyrodak\u0131 foto internetd\u0259 s\u00fcr\u0259tl\u0259 yay\u0131l\u0131b.<\/span><\/p>\n<p><span style=\"color: #000000;\">Heyk\u0259l d\u0259niz s\u0259viyy\u0259sind\u0259n 700 metr y\u00fcks\u0259klikd\u0259 yerl\u0259\u015fir.<\/span><\/p>\n<p><span style=\"color: #000000;\">2010-cu ild\u0259 heyk\u0259l ild\u0131r\u0131m vurmas\u0131 n\u0259tic\u0259sind\u0259 z\u0259d\u0259l\u0259nmi\u015f, bundan sonra onun \u00fcz\u0259rin\u0259 ild\u0131r\u0131m\u00f6t\u00fcr\u00fcc\u00fcl\u0259r qura\u015fd\u0131r\u0131lm\u0131\u015fd\u0131r.<\/span><\/p>\n<p><span style=\"color: #000000;\">Xat\u0131rladaq ki, 38 metr h\u00fcnd\u00fcrl\u00fckl\u00fc bu heyk\u0259l\u00a0Braziliyada\u00a0Rio de Janeyro\u00a0\u015f\u0259h\u0259rin\u0259 t\u0259p\u0259d\u0259n baxan\u00a0Korkovado t\u0259p\u0259sinin \u00fcz\u0259rind\u0259 yerl\u0259\u015fdirilmi\u015fdir. Heyk\u0259l be\u015f il m\u00fcdd\u0259tind\u0259 haz\u0131rlanm\u0131\u015f v\u0259 t\u0259nt\u0259n\u0259li a\u00e7\u0131l\u0131\u015f\u0131 12 oktyabr 1931-ci ild\u0259 olmu\u015fdur.<\/span><\/p>\n<p><span style=\"color: #000000;\">Qeyd ed\u0259k ki, heyk\u0259l d\u00fcnyan\u0131n yeddi m\u00f6c\u00fcz\u0259sind\u0259n\u00a0biri olaraq q\u0259bul edilir.<\/span><\/p>\n<figure style=\"width: 440px\" class=\"wp-caption aligncenter\"><img loading=\"lazy\" decoding=\"async\" class=\"size-large\" src=\"https:\/\/img1.advisor.travel\/fs440x440px-Statue_of_Christ_the_Redeemer_8.jpg\" alt=\"Braziliyada \u0130sa M\u0259sihi ild\u0131r\u0131m vurdu\" width=\"440\" height=\"247\" \/><figcaption class=\"wp-caption-text\">Braziliyada \u0130sa M\u0259sihi ild\u0131r\u0131m vurdu<\/figcaption><\/figure>\n<figure id=\"attachment_31259\" aria-describedby=\"caption-attachment-31259\" style=\"width: 400px\" class=\"wp-caption aligncenter\"><a href=\"https:\/\/infonews.az\/wp-content\/uploads\/2023\/02\/IMG-20230212-WA0024.jpg\"><img loading=\"lazy\" decoding=\"async\" class=\"wp-image-31259\" src=\"https:\/\/infonews.az\/wp-content\/uploads\/2023\/02\/IMG-20230212-WA0024-300x300.jpg\" alt=\"Braziliyada \u0130sa M\u0259sihi ild\u0131r\u0131m vurdu\" width=\"400\" height=\"400\" srcset=\"https:\/\/infonews.az\/wp-content\/uploads\/2023\/02\/IMG-20230212-WA0024-300x300.jpg 300w, https:\/\/infonews.az\/wp-content\/uploads\/2023\/02\/IMG-20230212-WA0024-1024x1024.jpg 1024w, https:\/\/infonews.az\/wp-content\/uploads\/2023\/02\/IMG-20230212-WA0024-150x150.jpg 150w, https:\/\/infonews.az\/wp-content\/uploads\/2023\/02\/IMG-20230212-WA0024-768x768.jpg 768w, https:\/\/infonews.az\/wp-content\/uploads\/2023\/02\/IMG-20230212-WA0024.jpg 1080w\" sizes=\"(max-width: 400px) 100vw, 400px\" \/><\/a><figcaption id=\"caption-attachment-31259\" class=\"wp-caption-text\">Braziliyada \u0130sa M\u0259sihi ild\u0131r\u0131m vurdu<\/figcaption><\/figure>\n","protected":false},"excerpt":{"rendered":"<p>Braziliyada \u0130sa M\u0259sihi ild\u0131r\u0131m vurdu Braziliyan\u0131n simvolu say\u0131lan \u0130sa M\u0259sihin heyk\u0259lini ild\u0131r\u0131m vurub. &#8220;\u0130NFONEWS&#8221; x\u0259b\u0259r verir ki, bu bar\u0259d\u0259 \u201cVesti.ru\u201d m\u0259lumat yay\u0131b. Rio-de-Janeyrodak\u0131 foto internetd\u0259 s\u00fcr\u0259tl\u0259 yay\u0131l\u0131b. Heyk\u0259l d\u0259niz s\u0259viyy\u0259sind\u0259n&hellip; <\/p>\n","protected":false},"author":3,"featured_media":31257,"comment_status":"open","ping_status":"open","sticky":false,"template":"","format":"standard","meta":{"_mi_skip_tracking":false,"_monsterinsights_sitenote_active":false,"_monsterinsights_sitenote_note":"","_monsterinsights_sitenote_category":0,"footnotes":""},"categories":[9,4,11],"tags":[5841,9767,9768,9766],"aioseo_notices":[],"_links":{"self":[{"href":"https:\/\/infonews.az\/index.php?rest_route=\/wp\/v2\/posts\/31254"}],"collection":[{"href":"https:\/\/infonews.az\/index.php?rest_route=\/wp\/v2\/posts"}],"about":[{"href":"https:\/\/infonews.az\/index.php?rest_route=\/wp\/v2\/types\/post"}],"author":[{"embeddable":true,"href":"https:\/\/infonews.az\/index.php?rest_route=\/wp\/v2\/users\/3"}],"replies":[{"embeddable":true,"href":"https:\/\/infonews.az\/index.php?rest_route=%2Fwp%2Fv2%2Fcomments&post=31254"}],"version-history":[{"count":1,"href":"https:\/\/infonews.az\/index.php?rest_route=\/wp\/v2\/posts\/31254\/revisions"}],"predecessor-version":[{"id":31262,"href":"https:\/\/infonews.az\/index.php?rest_route=\/wp\/v2\/posts\/31254\/revisions\/31262"}],"wp:featuredmedia":[{"embeddable":true,"href":"https:\/\/infonews.az\/index.php?rest_route=\/wp\/v2\/media\/31257"}],"wp:attachment":[{"href":"https:\/\/infonews.az\/index.php?rest_route=%2Fwp%2Fv2%2Fmedia&parent=31254"}],"wp:term":[{"taxonomy":"category","embeddable":true,"href":"https:\/\/infonews.az\/index.php?rest_route=%2Fwp%2Fv2%2Fcategories&post=31254"},{"taxonomy":"post_tag","embeddable":true,"href":"https:\/\/infonews.az\/index.php?rest_route=%2Fwp%2Fv2%2Ftags&post=31254"}],"curies":[{"name":"wp","href":"https:\/\/api.w.org\/{rel}","templated":true}]}}