{"id":31272,"date":"2023-02-11T18:21:52","date_gmt":"2023-02-11T14:21:52","guid":{"rendered":"https:\/\/infonews.az\/?p=31272"},"modified":"2023-02-12T00:42:32","modified_gmt":"2023-02-11T20:42:32","slug":"mudafi%c9%99-nazirliyind%c9%99-media-savadliligi-movzusunda-t%c9%99dbir-kecirilib","status":"publish","type":"post","link":"https:\/\/infonews.az\/?p=31272","title":{"rendered":"M\u00fcdafi\u0259 Nazirliyind\u0259 \u201cMedia savadl\u0131l\u0131\u011f\u0131\u201d m\u00f6vzusunda t\u0259dbir ke\u00e7irilib"},"content":{"rendered":"<blockquote><p><span style=\"color: #000000;\">M\u00fcdafi\u0259 Nazirliyind\u0259 \u201cMedia savadl\u0131l\u0131\u011f\u0131\u201d m\u00f6vzusunda t\u0259dbir ke\u00e7irilib .<\/span><\/p><\/blockquote>\n<p><span style=\"color: #000000;\">Bu bar\u0259d\u0259\u00a0<strong><a href=\"https:\/\/infonews.az\/\">\u201c\u0130NFONEWS\u201d<\/a><\/strong>-a M\u00fcdafi\u0259 Nazirliyind\u0259n m\u0259lumat verilib.<\/span><\/p>\n<p><span style=\"color: #000000;\">Bildirilib ki, Az\u0259rbaycan Respublikas\u0131n\u0131n M\u00fcdafi\u0259 Nazirliyinin t\u0259\u015fkilat\u00e7\u0131l\u0131\u011f\u0131 v\u0259 Median\u0131n \u0130nki\u015faf\u0131 Agentliyinin (MED\u0130A) d\u0259st\u0259yi il\u0259 \u015e\u0259xsi Hey\u0259t Ba\u015f \u0130dar\u0259sind\u0259 \u201cMedia savadl\u0131l\u0131\u011f\u0131\u201d m\u00f6vzusunda seminar ke\u00e7irilib.<\/span><\/p>\n<p><span style=\"color: #000000;\">\u018fvv\u0259lc\u0259 xalq\u0131m\u0131z\u0131n \u00dcmummilli Lideri Heyd\u0259r \u018fliyevin v\u0259 \u00f6lk\u0259mizin \u0259razi b\u00fct\u00f6vl\u00fcy\u00fc u\u011frunda canlar\u0131n\u0131 f\u0259da ed\u0259n \u015f\u0259hidl\u0259rimizin xatir\u0259si bir d\u0259qiq\u0259lik s\u00fckutla yad edilib.<\/span><\/p>\n<p><span style=\"color: #000000;\">M\u00fcdafi\u0259 nazirinin m\u00fcvafiq q\u0259rar\u0131 il\u0259 t\u0259sdiq edilmi\u015f nazirliyin Kommunikasiya Strategiyas\u0131n\u0131n icras\u0131na dair &#8220;\u0130\u015f\u00e7i qrup&#8221;unun \u00fczvl\u0259ri, el\u0259c\u0259 d\u0259 Az\u0259rbaycan Ordusunun m\u0259tbuat v\u0259 ictimaiyy\u0259tl\u0259 \u0259laq\u0259l\u0259r \u00fczr\u0259 m\u0259sul \u015f\u0259xsl\u0259rinin i\u015ftirak etdiyi t\u0259dbird\u0259 MED\u0130A n\u00fcmay\u0259nd\u0259l\u0259ri t\u0259r\u0259find\u0259n brifinq t\u0259qdim olunub. K\u00fctl\u0259vi informasiyan\u0131n m\u0259zmunu, \u00f6t\u00fcr\u00fclm\u0259si v\u0259 istehlak\u0131 \u00fczr\u0259 biliy\u0259 sahib olma, t\u0259nqidi d\u0259y\u0259rl\u0259ndirm\u0259, m\u00fcxt\u0259lif kontekstl\u0259rd\u0259 istifad\u0259 v\u0259 t\u0259hlil qabiliyy\u0259ti bar\u0259d\u0259 m\u00fczakir\u0259l\u0259r edilib.<\/span><\/p>\n<p><span style=\"color: #000000;\">T\u0259dbird\u0259 M\u00fcdafi\u0259 Nazirliyinin Kommunikasiya Strategiyas\u0131n\u0131n icras\u0131, o c\u00fcml\u0259d\u0259n m\u0259tbuat v\u0259 ictimaiyy\u0259tl\u0259 \u0259laq\u0259l\u0259r sah\u0259sind\u0259 g\u00f6r\u00fcl\u0259n i\u015fl\u0259r, informasiya v\u0259 r\u0259q\u0259msal media savadl\u0131l\u0131\u011f\u0131n\u0131n art\u0131r\u0131lmas\u0131na dair \u0259trafl\u0131 fikir m\u00fcbadil\u0259si apar\u0131l\u0131b.<\/span><\/p>\n","protected":false},"excerpt":{"rendered":"<p>M\u00fcdafi\u0259 Nazirliyind\u0259 \u201cMedia savadl\u0131l\u0131\u011f\u0131\u201d m\u00f6vzusunda t\u0259dbir ke\u00e7irilib . Bu bar\u0259d\u0259\u00a0\u201c\u0130NFONEWS\u201d-a M\u00fcdafi\u0259 Nazirliyind\u0259n m\u0259lumat verilib. Bildirilib ki, Az\u0259rbaycan Respublikas\u0131n\u0131n M\u00fcdafi\u0259 Nazirliyinin t\u0259\u015fkilat\u00e7\u0131l\u0131\u011f\u0131 v\u0259 Median\u0131n \u0130nki\u015faf\u0131 Agentliyinin (MED\u0130A) d\u0259st\u0259yi il\u0259 \u015e\u0259xsi Hey\u0259t&hellip; <\/p>\n","protected":false},"author":3,"featured_media":31273,"comment_status":"open","ping_status":"open","sticky":false,"template":"","format":"standard","meta":{"_mi_skip_tracking":false,"_monsterinsights_sitenote_active":false,"_monsterinsights_sitenote_note":"","_monsterinsights_sitenote_category":0,"footnotes":""},"categories":[6664,11],"tags":[9771,4687,770,593],"aioseo_notices":[],"_links":{"self":[{"href":"https:\/\/infonews.az\/index.php?rest_route=\/wp\/v2\/posts\/31272"}],"collection":[{"href":"https:\/\/infonews.az\/index.php?rest_route=\/wp\/v2\/posts"}],"about":[{"href":"https:\/\/infonews.az\/index.php?rest_route=\/wp\/v2\/types\/post"}],"author":[{"embeddable":true,"href":"https:\/\/infonews.az\/index.php?rest_route=\/wp\/v2\/users\/3"}],"replies":[{"embeddable":true,"href":"https:\/\/infonews.az\/index.php?rest_route=%2Fwp%2Fv2%2Fcomments&post=31272"}],"version-history":[{"count":1,"href":"https:\/\/infonews.az\/index.php?rest_route=\/wp\/v2\/posts\/31272\/revisions"}],"predecessor-version":[{"id":31274,"href":"https:\/\/infonews.az\/index.php?rest_route=\/wp\/v2\/posts\/31272\/revisions\/31274"}],"wp:featuredmedia":[{"embeddable":true,"href":"https:\/\/infonews.az\/index.php?rest_route=\/wp\/v2\/media\/31273"}],"wp:attachment":[{"href":"https:\/\/infonews.az\/index.php?rest_route=%2Fwp%2Fv2%2Fmedia&parent=31272"}],"wp:term":[{"taxonomy":"category","embeddable":true,"href":"https:\/\/infonews.az\/index.php?rest_route=%2Fwp%2Fv2%2Fcategories&post=31272"},{"taxonomy":"post_tag","embeddable":true,"href":"https:\/\/infonews.az\/index.php?rest_route=%2Fwp%2Fv2%2Ftags&post=31272"}],"curies":[{"name":"wp","href":"https:\/\/api.w.org\/{rel}","templated":true}]}}