{"id":31275,"date":"2023-02-11T19:55:40","date_gmt":"2023-02-11T15:55:40","guid":{"rendered":"https:\/\/infonews.az\/?p=31275"},"modified":"2023-02-12T00:49:19","modified_gmt":"2023-02-11T20:49:19","slug":"qardas-turkiy%c9%99y%c9%99-qis-s%c9%99hra-cadirlari-gond%c9%99rilib","status":"publish","type":"post","link":"https:\/\/infonews.az\/?p=31275","title":{"rendered":"Qarda\u015f T\u00fcrkiy\u0259y\u0259 q\u0131\u015f s\u0259hra \u00e7ad\u0131rlar\u0131 g\u00f6nd\u0259rilib"},"content":{"rendered":"<blockquote><p><span style=\"color: #000000;\">Qarda\u015f T\u00fcrkiy\u0259y\u0259 q\u0131\u015f s\u0259hra \u00e7ad\u0131rlar\u0131 g\u00f6nd\u0259rilib .<\/span><\/p><\/blockquote>\n<p><span style=\"color: #000000;\">Bu bar\u0259d\u0259\u00a0<strong><a href=\"https:\/\/infonews.az\/\">\u201c\u0130NFONEWS\u201d<\/a><\/strong>-a M\u00fcdafi\u0259 Nazirliyind\u0259n m\u0259lumat verilib.<\/span><\/p>\n<p><span style=\"color: #000000;\">Az\u0259rbaycan Respublikas\u0131n\u0131n Prezidenti, Silahl\u0131 Q\u00fcvv\u0259l\u0259rin Ali Ba\u015f Komandan\u0131 c\u0259nab \u0130lham \u018fliyevin g\u00f6st\u0259ri\u015fin\u0259 \u0259sas\u0259n, T\u00fcrkiy\u0259d\u0259 ba\u015f vermi\u015f z\u0259lz\u0259l\u0259d\u0259n z\u0259r\u0259r\u00e7\u0259k\u0259nl\u0259r\u0259 d\u0259st\u0259k m\u0259qs\u0259dil\u0259 M\u00fcdafi\u0259 Nazirliyinin yard\u0131m t\u0259dbirl\u0259ri davam etdirilir.<\/span><\/p>\n<p><span style=\"color: #000000;\">M\u00fcdafi\u0259 Nazirliyinin Maddi Texniki T\u0259minat Ba\u015f \u0130dar\u0259sinin t\u0259minat bazas\u0131ndan q\u0131\u015f s\u0259hra \u00e7ad\u0131rlar\u0131n\u0131n bir qismi avtomobil, dig\u0259rl\u0259ri is\u0259 hava n\u0259qliyyat\u0131 vasit\u0259sil\u0259 qarda\u015f \u00f6lk\u0259y\u0259 g\u00f6nd\u0259rilib.<\/span><\/p>\n","protected":false},"excerpt":{"rendered":"<p>Qarda\u015f T\u00fcrkiy\u0259y\u0259 q\u0131\u015f s\u0259hra \u00e7ad\u0131rlar\u0131 g\u00f6nd\u0259rilib . Bu bar\u0259d\u0259\u00a0\u201c\u0130NFONEWS\u201d-a M\u00fcdafi\u0259 Nazirliyind\u0259n m\u0259lumat verilib. Az\u0259rbaycan Respublikas\u0131n\u0131n Prezidenti, Silahl\u0131 Q\u00fcvv\u0259l\u0259rin Ali Ba\u015f Komandan\u0131 c\u0259nab \u0130lham \u018fliyevin g\u00f6st\u0259ri\u015fin\u0259 \u0259sas\u0259n, T\u00fcrkiy\u0259d\u0259 ba\u015f vermi\u015f z\u0259lz\u0259l\u0259d\u0259n&hellip; <\/p>\n","protected":false},"author":3,"featured_media":31276,"comment_status":"open","ping_status":"open","sticky":false,"template":"","format":"standard","meta":{"_mi_skip_tracking":false,"_monsterinsights_sitenote_active":false,"_monsterinsights_sitenote_note":"","_monsterinsights_sitenote_category":0,"footnotes":""},"categories":[6664,11],"tags":[4687,672,9772,12,209,290],"aioseo_notices":[],"_links":{"self":[{"href":"https:\/\/infonews.az\/index.php?rest_route=\/wp\/v2\/posts\/31275"}],"collection":[{"href":"https:\/\/infonews.az\/index.php?rest_route=\/wp\/v2\/posts"}],"about":[{"href":"https:\/\/infonews.az\/index.php?rest_route=\/wp\/v2\/types\/post"}],"author":[{"embeddable":true,"href":"https:\/\/infonews.az\/index.php?rest_route=\/wp\/v2\/users\/3"}],"replies":[{"embeddable":true,"href":"https:\/\/infonews.az\/index.php?rest_route=%2Fwp%2Fv2%2Fcomments&post=31275"}],"version-history":[{"count":1,"href":"https:\/\/infonews.az\/index.php?rest_route=\/wp\/v2\/posts\/31275\/revisions"}],"predecessor-version":[{"id":31277,"href":"https:\/\/infonews.az\/index.php?rest_route=\/wp\/v2\/posts\/31275\/revisions\/31277"}],"wp:featuredmedia":[{"embeddable":true,"href":"https:\/\/infonews.az\/index.php?rest_route=\/wp\/v2\/media\/31276"}],"wp:attachment":[{"href":"https:\/\/infonews.az\/index.php?rest_route=%2Fwp%2Fv2%2Fmedia&parent=31275"}],"wp:term":[{"taxonomy":"category","embeddable":true,"href":"https:\/\/infonews.az\/index.php?rest_route=%2Fwp%2Fv2%2Fcategories&post=31275"},{"taxonomy":"post_tag","embeddable":true,"href":"https:\/\/infonews.az\/index.php?rest_route=%2Fwp%2Fv2%2Ftags&post=31275"}],"curies":[{"name":"wp","href":"https:\/\/api.w.org\/{rel}","templated":true}]}}