{"id":31280,"date":"2023-02-11T20:30:23","date_gmt":"2023-02-11T16:30:23","guid":{"rendered":"https:\/\/infonews.az\/?p=31280"},"modified":"2023-02-12T01:03:14","modified_gmt":"2023-02-11T21:03:14","slug":"ceyhun-bayramov-z%c9%99lz%c9%99l%c9%99-n%c9%99tic%c9%99sind%c9%99-z%c9%99r%c9%99r-c%c9%99kmis-%c9%99razil%c9%99r%c9%99-s%c9%99f%c9%99r-edib","status":"publish","type":"post","link":"https:\/\/infonews.az\/?p=31280","title":{"rendered":"Ceyhun Bayramov z\u0259lz\u0259l\u0259 n\u0259tic\u0259sind\u0259 z\u0259r\u0259r \u00e7\u0259kmi\u015f \u0259razil\u0259r\u0259 s\u0259f\u0259r edib"},"content":{"rendered":"<p><span style=\"color: #ffffff;\">Ceyhun Bayramov z\u0259lz\u0259l\u0259 n\u0259tic\u0259sind\u0259 z\u0259r\u0259r \u00e7\u0259kmi\u015f \u0259razil\u0259r\u0259 s\u0259f\u0259r edib<\/span><\/p>\n<blockquote><p><span style=\"color: #000000;\">11 fevral 2023-c\u00fc il tarixind\u0259 Az\u0259rbaycan Respublikas\u0131n\u0131n xarici i\u015fl\u0259r naziri Ceyhun Bayramov, T\u00fcrkiy\u0259 Respublikas\u0131n\u0131n\u00a0b\u00f6y\u00fck insan t\u0259l\u0259fat\u0131 v\u0259 da\u011f\u0131nt\u0131lara s\u0259b\u0259b olan z\u0259lz\u0259l\u0259 n\u0259tic\u0259sind\u0259 z\u0259r\u0259r \u00e7\u0259kmi\u015f Kahramanmara\u015f \u015f\u0259h\u0259rin\u0259 s\u0259f\u0259r edib.\u00a0<\/span><\/p><\/blockquote>\n<p><span style=\"color: #000000;\">Bu bar\u0259d\u0259\u00a0<a href=\"https:\/\/infonews.az\/\"><strong>\u201c\u0130NFONEWS\u201d<\/strong><\/a>-a Xarici \u0130\u015fl\u0259r Nazirliyind\u0259n m\u0259lumat verilib.<\/span><\/p>\n<p><span style=\"color: #000000;\">Nazir Ceyhun Bayramovu hava liman\u0131nda T\u00fcrkiy\u0259 Respublikas\u0131n\u0131n xarici i\u015fl\u0259r naziri Mevl\u00fct \u00c7avu\u015fo\u011flu qar\u015f\u0131lay\u0131b.\u00a0<\/span><\/p>\n<p><span style=\"color: #000000;\">S\u0259f\u0259r \u00e7\u0259r\u00e7iv\u0259sind\u0259, nazir Ceyhun Bayramov T\u00fcrkiy\u0259 Respublikas\u0131n\u0131n F\u00f6vq\u0259lad\u0259 Hallar\u0131n \u0130dar\u0259 Olunmas\u0131 Agentliyinin (AFAD) M\u0259rk\u0259zini, Daxili \u0130\u015fl\u0259r Nazirliyinin Kahramanmara\u015f B\u00f6lg\u0259 M\u0259rk\u0259zini, Az\u0259rbaycan Respublikas\u0131n\u0131n F\u00f6vq\u0259lad\u0259 Hallar Nazirliyinin (FHN) \u00e7evik xilasetm\u0259 q\u00fcvv\u0259l\u0259rinin bazas\u0131n\u0131 v\u0259 xilasedicil\u0259rimizin f\u0259aliyy\u0259t g\u00f6st\u0259rdiyi sah\u0259ni, o c\u00fcml\u0259d\u0259n Az\u0259rbaycan t\u0259r\u0259find\u0259n z\u0259lz\u0259l\u0259 zonas\u0131na g\u00f6nd\u0259rilmi\u015f s\u0259hra x\u0259st\u0259xanas\u0131n\u0131 ziyar\u0259t edib, media n\u00fcmay\u0259nd\u0259l\u0259rinin i\u015ftirak\u0131 il\u0259 ke\u00e7irilmi\u015f m\u0259tbuat konfrans\u0131nda i\u015ftirak edib.\u00a0<\/span><\/p>\n<p><span style=\"color: #000000;\">AFAD M\u0259rk\u0259zini v\u0259 Daxili \u0130\u015fl\u0259r Nazirliyinin Kahramanmara\u015f B\u00f6lg\u0259 M\u0259rk\u0259zini ziyar\u0259t ed\u0259n nazir Ceyhun Bayramov, z\u0259lz\u0259l\u0259 b\u00f6lg\u0259sind\u0259 da\u011f\u0131nt\u0131lar alt\u0131nda qalm\u0131\u015f v\u0259t\u0259nda\u015flar\u0131n xilas edilm\u0259si, t\u0259xliy\u0259si, h\u0259m\u00e7inin z\u0259lz\u0259l\u0259nin n\u0259tic\u0259l\u0259rinin aradan qald\u0131r\u0131lmas\u0131 istiqam\u0259tind\u0259 AFAD t\u0259r\u0259find\u0259n g\u00f6r\u00fcl\u0259n geni\u015fmiqyasl\u0131 i\u015fl\u0259rl\u0259 tan\u0131\u015f olub. Nazir Ceyhun Bayramov, xarici i\u015fl\u0259r naziri Mevl\u00fct \u00c7avu\u015fo\u011flu v\u0259 daxili i\u015fl\u0259r naziri S\u00fcleyman Soylunun i\u015ftirak etdiyi t\u0259dbird\u0259 \u00e7\u0131x\u0131\u015f ed\u0259r\u0259k T\u00fcrkiy\u0259 d\u00f6vl\u0259tin\u0259 v\u0259 xalq\u0131na ba\u015fsa\u011fl\u0131\u011f\u0131 dil\u0259kl\u0259rini \u00e7atd\u0131r\u0131b. Az\u0259rbaycan\u0131n daim qarda\u015f T\u00fcrkiy\u0259nin yan\u0131nda oldu\u011funu qeyd ed\u0259n nazir, Az\u0259rbaycan Respublikas\u0131n\u0131n Prezidenti c\u0259nab \u0130lham \u018fliyevin tap\u015f\u0131r\u0131\u011f\u0131na \u0259sas\u0259n,\u00a0f\u0259lak\u0259tin ilk g\u00fcn\u00fcnd\u0259n \u00f6lk\u0259miz t\u0259r\u0259find\u0259n h\u0259yata ke\u00e7iril\u0259n d\u0259st\u0259k t\u0259dbirl\u0259ri bar\u0259d\u0259 m\u0259lumat verib.\u00a0<\/span><\/p>\n<p><span style=\"color: #000000;\">Daha sonra nazir Ceyhun Bayramov, T\u00fcrkiy\u0259d\u0259 ba\u015f vermi\u015f z\u0259lz\u0259l\u0259nin n\u0259tic\u0259l\u0259rinin aradan qald\u0131r\u0131lmas\u0131, habel\u0259 da\u011f\u0131nt\u0131lar alt\u0131nda qalm\u0131\u015f v\u0259t\u0259nda\u015flar\u0131n xilas edilm\u0259si m\u0259qs\u0259dil\u0259 f\u0259aliyy\u0259t g\u00f6st\u0259r\u0259n FHN-in \u00e7evik xilasetm\u0259 q\u00fcvv\u0259l\u0259rinin bazas\u0131n\u0131, o c\u00fcml\u0259d\u0259n onlar\u0131n \u00e7al\u0131\u015fd\u0131qlar\u0131 \u0259razini ziyar\u0259t edib. Axtar\u0131\u015f-xilasetm\u0259 \u0259m\u0259liyyatlar\u0131n\u0131 fasil\u0259siz \u015f\u0259kild\u0259 davam etdir\u0259n xilasedicil\u0259rimizin f\u0259aliyy\u0259ti, indiy\u0259d\u0259k g\u00f6r\u00fcl\u0259n i\u015fl\u0259rin n\u0259tic\u0259l\u0259ri il\u0259 tan\u0131\u015f olan nazir Ceyhun Bayramov, z\u0259lz\u0259l\u0259d\u0259n z\u0259r\u0259r \u00e7\u0259kmi\u015f \u015f\u0259xsl\u0259rin h\u0259yat\u0131n\u0131n xilas olunmas\u0131 istiqam\u0259tind\u0259 f\u0259dakar f\u0259aliyy\u0259tl\u0259rin\u0259 g\u00f6r\u0259 onlara t\u0259\u015f\u0259kk\u00fcr edib.\u00a0<\/span><\/p>\n<p><span style=\"color: #000000;\">T\u00fcrkiy\u0259d\u0259 ba\u015f vermi\u015f z\u0259lz\u0259l\u0259d\u0259 x\u0259sar\u0259t alan \u015f\u0259xsl\u0259r\u0259 z\u0259ruri tibbi xidm\u0259tl\u0259rin g\u00f6st\u0259rilm\u0259sin\u0259 d\u0259st\u0259k m\u0259qs\u0259dil\u0259 Az\u0259rbaycan t\u0259r\u0259find\u0259n g\u00f6nd\u0259rilmi\u015f s\u0259hra x\u0259st\u0259xanas\u0131n\u0131 ziyar\u0259t ed\u0259n nazir Ceyhun Bayramov, b\u00fct\u00fcn laz\u0131mi avadanl\u0131q v\u0259 d\u0259rman vasit\u0259l\u0259ri il\u0259 tam t\u0259chiz olunmu\u015f bu x\u0259st\u0259xanada f\u0259aliyy\u0259t g\u00f6st\u0259r\u0259n h\u0259kiml\u0259rimiz il\u0259 g\u00f6r\u00fc\u015f\u00fcb. H\u0259kiml\u0259rimizin f\u0259aliyy\u0259ti il\u0259 tan\u0131\u015f olan nazir Ceyhun Bayramov, onlara bu m\u0259suliyy\u0259tli i\u015fl\u0259rind\u0259 g\u00f6st\u0259rdikl\u0259ri s\u0259yl\u0259r\u0259 g\u00f6r\u0259 minn\u0259tdarl\u0131\u011f\u0131n\u0131 bildirib.<\/span><\/p>\n<p><span style=\"color: #000000;\">Yekunda media n\u00fcmay\u0259nd\u0259l\u0259rinin i\u015ftirak\u0131 il\u0259 t\u0259\u015fkil olunmu\u015f m\u0259tbuat konfrans\u0131nda \u00e7\u0131x\u0131\u015f ed\u0259n nazir Ceyhun Bayramov, s\u0259f\u0259rin yekunlar\u0131, z\u0259lz\u0259l\u0259nin n\u0259tic\u0259l\u0259rinin aradan qald\u0131r\u0131lmas\u0131 istiqam\u0259tind\u0259 Az\u0259rbaycan t\u0259r\u0259find\u0259n g\u00f6st\u0259rilmi\u015f humanitar yard\u0131mlar, o c\u00fcml\u0259d\u0259n ba\u015f vermi\u015f z\u0259lz\u0259l\u0259 n\u0259tic\u0259sind\u0259 z\u0259r\u0259r \u00e7\u0259kmi\u015f Az\u0259rbaycan v\u0259t\u0259nda\u015flar\u0131n\u0131n t\u0259xliy\u0259si, h\u0259lak olmu\u015f v\u0259t\u0259nda\u015flar\u0131m\u0131z bar\u0259d\u0259 suallar\u0131 cavabland\u0131r\u0131b.<\/span><\/p>\n<figure id=\"attachment_31281\" aria-describedby=\"caption-attachment-31281\" style=\"width: 1024px\" class=\"wp-caption aligncenter\"><a href=\"https:\/\/infonews.az\/wp-content\/uploads\/2023\/02\/ceyhun-bayramov1-z\u0259lz\u0259l\u0259.jpg\"><img loading=\"lazy\" decoding=\"async\" class=\"wp-image-31281 size-full\" src=\"https:\/\/infonews.az\/wp-content\/uploads\/2023\/02\/ceyhun-bayramov1-z\u0259lz\u0259l\u0259.jpg\" alt=\"Ceyhun Bayramov z\u0259lz\u0259l\u0259 n\u0259tic\u0259sind\u0259 z\u0259r\u0259r \u00e7\u0259kmi\u015f \u0259razil\u0259r\u0259 s\u0259f\u0259r edib\" width=\"1024\" height=\"682\" srcset=\"https:\/\/infonews.az\/wp-content\/uploads\/2023\/02\/ceyhun-bayramov1-z\u0259lz\u0259l\u0259.jpg 1024w, https:\/\/infonews.az\/wp-content\/uploads\/2023\/02\/ceyhun-bayramov1-z\u0259lz\u0259l\u0259-300x200.jpg 300w, https:\/\/infonews.az\/wp-content\/uploads\/2023\/02\/ceyhun-bayramov1-z\u0259lz\u0259l\u0259-768x512.jpg 768w\" sizes=\"(max-width: 1024px) 100vw, 1024px\" \/><\/a><figcaption id=\"caption-attachment-31281\" class=\"wp-caption-text\">Ceyhun Bayramov z\u0259lz\u0259l\u0259 n\u0259tic\u0259sind\u0259 z\u0259r\u0259r \u00e7\u0259kmi\u015f \u0259razil\u0259r\u0259 s\u0259f\u0259r edib<\/figcaption><\/figure>\n","protected":false},"excerpt":{"rendered":"<p>Ceyhun Bayramov z\u0259lz\u0259l\u0259 n\u0259tic\u0259sind\u0259 z\u0259r\u0259r \u00e7\u0259kmi\u015f \u0259razil\u0259r\u0259 s\u0259f\u0259r edib 11 fevral 2023-c\u00fc il tarixind\u0259 Az\u0259rbaycan Respublikas\u0131n\u0131n xarici i\u015fl\u0259r naziri Ceyhun Bayramov, T\u00fcrkiy\u0259 Respublikas\u0131n\u0131n\u00a0b\u00f6y\u00fck insan t\u0259l\u0259fat\u0131 v\u0259 da\u011f\u0131nt\u0131lara s\u0259b\u0259b olan z\u0259lz\u0259l\u0259&hellip; <\/p>\n","protected":false},"author":3,"featured_media":31282,"comment_status":"open","ping_status":"open","sticky":false,"template":"","format":"standard","meta":{"_mi_skip_tracking":false,"_monsterinsights_sitenote_active":false,"_monsterinsights_sitenote_note":"","_monsterinsights_sitenote_category":0,"footnotes":""},"categories":[4,11],"tags":[9215,5136,1040,12,290,9773],"aioseo_notices":[],"_links":{"self":[{"href":"https:\/\/infonews.az\/index.php?rest_route=\/wp\/v2\/posts\/31280"}],"collection":[{"href":"https:\/\/infonews.az\/index.php?rest_route=\/wp\/v2\/posts"}],"about":[{"href":"https:\/\/infonews.az\/index.php?rest_route=\/wp\/v2\/types\/post"}],"author":[{"embeddable":true,"href":"https:\/\/infonews.az\/index.php?rest_route=\/wp\/v2\/users\/3"}],"replies":[{"embeddable":true,"href":"https:\/\/infonews.az\/index.php?rest_route=%2Fwp%2Fv2%2Fcomments&post=31280"}],"version-history":[{"count":1,"href":"https:\/\/infonews.az\/index.php?rest_route=\/wp\/v2\/posts\/31280\/revisions"}],"predecessor-version":[{"id":31283,"href":"https:\/\/infonews.az\/index.php?rest_route=\/wp\/v2\/posts\/31280\/revisions\/31283"}],"wp:featuredmedia":[{"embeddable":true,"href":"https:\/\/infonews.az\/index.php?rest_route=\/wp\/v2\/media\/31282"}],"wp:attachment":[{"href":"https:\/\/infonews.az\/index.php?rest_route=%2Fwp%2Fv2%2Fmedia&parent=31280"}],"wp:term":[{"taxonomy":"category","embeddable":true,"href":"https:\/\/infonews.az\/index.php?rest_route=%2Fwp%2Fv2%2Fcategories&post=31280"},{"taxonomy":"post_tag","embeddable":true,"href":"https:\/\/infonews.az\/index.php?rest_route=%2Fwp%2Fv2%2Ftags&post=31280"}],"curies":[{"name":"wp","href":"https:\/\/api.w.org\/{rel}","templated":true}]}}