{"id":31584,"date":"2023-02-14T22:07:26","date_gmt":"2023-02-14T18:07:26","guid":{"rendered":"https:\/\/infonews.az\/?p=31584"},"modified":"2023-02-14T22:07:26","modified_gmt":"2023-02-14T18:07:26","slug":"turkiy%c9%99d%c9%99-dagintilar-altinda-qalan-dord-t%c9%99l%c9%99b%c9%99d%c9%99n-birinin-meyiti-tapilib","status":"publish","type":"post","link":"https:\/\/infonews.az\/?p=31584","title":{"rendered":"T\u00fcrkiy\u0259d\u0259 da\u011f\u0131nt\u0131lar alt\u0131nda qalan d\u00f6rd t\u0259l\u0259b\u0259d\u0259n birinin meyiti tap\u0131l\u0131b"},"content":{"rendered":"<p><span style=\"color: #ffffff\">T\u00fcrkiy\u0259d\u0259 da\u011f\u0131nt\u0131lar alt\u0131nda qalan d\u00f6rd t\u0259l\u0259b\u0259d\u0259n birinin meyiti tap\u0131l\u0131b.<\/span><\/p>\n<blockquote><p>&#8220;<a href=\"https:\/\/infonews.az\">\u0130NFONEWS<\/a>&#8221; x\u0259b\u0259r verir ki, bu bar\u0259d\u0259 Az\u0259rbaycan Xarici \u0130\u015fl\u0259r Nazirliyi m\u0259lumat yay\u0131b.<\/p><\/blockquote>\n<p>Bel\u0259 ki, Malatya \u015f\u0259h\u0259rind\u0259 apar\u0131lan axtar\u0131\u015f t\u0259dbirl\u0259ri n\u0259tic\u0259sind\u0259 2001-ci il t\u0259v\u0259ll\u00fcdl\u00fc Az\u0259rbaycan Respublikas\u0131n\u0131n v\u0259t\u0259nda\u015f\u0131 Verdiyev \u015eahin Nail o\u011flunun v\u0259fat etdiyi m\u0259lum olub.<\/p>\n<p>Qeyd ed\u0259k ki, T\u00fcrkiy\u0259d\u0259ki z\u0259lz\u0259l\u0259d\u0259n sonra Malatyadak\u0131 \u0130n\u00f6n\u00fc Universitetinin az\u0259rbaycanl\u0131 t\u0259l\u0259b\u0259l\u0259ri Samir Quliyev, \u015eahin Verdiyev, H\u00fcmam \u0130smay\u0131ll\u0131 v\u0259 G\u00fcnd\u00fcz N\u0259z\u0259rzad\u0259 bar\u0259d\u0259 m\u0259lumat almaq m\u00fcmk\u00fcn olmay\u0131b.<\/p>\n<p>\u00dcmumilikd\u0259 T\u00fcrkiy\u0259d\u0259ki z\u0259lz\u0259l\u0259d\u0259 h\u0259lak olan Az\u0259rbaycan v\u0259t\u0259nda\u015flar\u0131n\u0131n say\u0131 alt\u0131 n\u0259f\u0259r\u0259 \u00e7at\u0131b.<\/p>\n","protected":false},"excerpt":{"rendered":"<p>T\u00fcrkiy\u0259d\u0259 da\u011f\u0131nt\u0131lar alt\u0131nda qalan d\u00f6rd t\u0259l\u0259b\u0259d\u0259n birinin meyiti tap\u0131l\u0131b. &#8220;\u0130NFONEWS&#8221; x\u0259b\u0259r verir ki, bu bar\u0259d\u0259 Az\u0259rbaycan Xarici \u0130\u015fl\u0259r Nazirliyi m\u0259lumat yay\u0131b. Bel\u0259 ki, Malatya \u015f\u0259h\u0259rind\u0259 apar\u0131lan axtar\u0131\u015f t\u0259dbirl\u0259ri n\u0259tic\u0259sind\u0259 2001-ci&hellip; <\/p>\n","protected":false},"author":16,"featured_media":31585,"comment_status":"open","ping_status":"open","sticky":false,"template":"","format":"standard","meta":{"_mi_skip_tracking":false,"_monsterinsights_sitenote_active":false,"_monsterinsights_sitenote_note":"","_monsterinsights_sitenote_category":0,"footnotes":""},"categories":[330,4,11],"tags":[9818,30,12,290],"aioseo_notices":[],"_links":{"self":[{"href":"https:\/\/infonews.az\/index.php?rest_route=\/wp\/v2\/posts\/31584"}],"collection":[{"href":"https:\/\/infonews.az\/index.php?rest_route=\/wp\/v2\/posts"}],"about":[{"href":"https:\/\/infonews.az\/index.php?rest_route=\/wp\/v2\/types\/post"}],"author":[{"embeddable":true,"href":"https:\/\/infonews.az\/index.php?rest_route=\/wp\/v2\/users\/16"}],"replies":[{"embeddable":true,"href":"https:\/\/infonews.az\/index.php?rest_route=%2Fwp%2Fv2%2Fcomments&post=31584"}],"version-history":[{"count":1,"href":"https:\/\/infonews.az\/index.php?rest_route=\/wp\/v2\/posts\/31584\/revisions"}],"predecessor-version":[{"id":31586,"href":"https:\/\/infonews.az\/index.php?rest_route=\/wp\/v2\/posts\/31584\/revisions\/31586"}],"wp:featuredmedia":[{"embeddable":true,"href":"https:\/\/infonews.az\/index.php?rest_route=\/wp\/v2\/media\/31585"}],"wp:attachment":[{"href":"https:\/\/infonews.az\/index.php?rest_route=%2Fwp%2Fv2%2Fmedia&parent=31584"}],"wp:term":[{"taxonomy":"category","embeddable":true,"href":"https:\/\/infonews.az\/index.php?rest_route=%2Fwp%2Fv2%2Fcategories&post=31584"},{"taxonomy":"post_tag","embeddable":true,"href":"https:\/\/infonews.az\/index.php?rest_route=%2Fwp%2Fv2%2Ftags&post=31584"}],"curies":[{"name":"wp","href":"https:\/\/api.w.org\/{rel}","templated":true}]}}