{"id":31665,"date":"2023-02-15T14:25:19","date_gmt":"2023-02-15T10:25:19","guid":{"rendered":"https:\/\/infonews.az\/?p=31665"},"modified":"2023-02-15T15:29:39","modified_gmt":"2023-02-15T11:29:39","slug":"mehriban-%c9%99liyeva-akademik-arif-pasayevin-dogum-gunu-il%c9%99-%c9%99laq%c9%99dar-paylasim-edib","status":"publish","type":"post","link":"https:\/\/infonews.az\/?p=31665","title":{"rendered":"Mehriban \u018fliyeva akademik Arif Pa\u015fayevin do\u011fum g\u00fcn\u00fc il\u0259 \u0259laq\u0259dar payla\u015f\u0131m edib"},"content":{"rendered":"<p><span style=\"color: #ffffff;\">Mehriban \u018fliyeva akademik Arif Pa\u015fayevin\u00a0do\u011fum g\u00fcn\u00fc il\u0259 \u0259laq\u0259dar payla\u015f\u0131m edib<\/span><\/p>\n<p>Az\u0259rbaycan Respublikas\u0131n\u0131n Birinci vitse-prezidenti Mehriban \u018fliyeva Az\u0259rbaycan elmi elitas\u0131n\u0131n say\u0131l\u0131b-se\u00e7il\u0259n n\u00fcmay\u0259nd\u0259l\u0259rind\u0259n biri olan akademik Arif Pa\u015fayevin do\u011fum g\u00fcn\u00fc il\u0259 \u0259laq\u0259dar r\u0259smi instaqram s\u0259hif\u0259sind\u0259 payla\u015f\u0131m edib.<\/p>\n<p><a href=\"https:\/\/infonews.az\/\"><span style=\"color: #ff0000;\"><strong>&#8220;\u0130NFONEWS&#8221;<\/strong><\/span><\/a> x\u0259b\u0259r verir ki, payla\u015f\u0131mda deyilir:<\/p>\n<blockquote><p>\u201cB\u00f6y\u00fck \u00fcr\u0259k sahibi, nurlu, mehriban \u0130nsan! Ad g\u00fcn\u00fcn m\u00fcbar\u0259k! S\u0259n\u0259 m\u00f6hk\u0259m cansa\u011fl\u0131\u011f\u0131, g\u00fcmrahl\u0131q v\u0259 g\u00f6z\u0259l \u0259hvali-ruhiyy\u0259 arzulay\u0131ram! S\u0259n g\u00f6z\u0259l ata v\u0259 qay\u011f\u0131ke\u015f babasan! S\u0259n\u0259 sevgimiz sonsuzdur! \u00d6mr\u00fcn uzun olsun! Uca Allah b\u00fct\u00fcn valideynl\u0259ri qorusun!\u201d<\/p><\/blockquote>\n","protected":false},"excerpt":{"rendered":"<p>Mehriban \u018fliyeva akademik Arif Pa\u015fayevin\u00a0do\u011fum g\u00fcn\u00fc il\u0259 \u0259laq\u0259dar payla\u015f\u0131m edib Az\u0259rbaycan Respublikas\u0131n\u0131n Birinci vitse-prezidenti Mehriban \u018fliyeva Az\u0259rbaycan elmi elitas\u0131n\u0131n say\u0131l\u0131b-se\u00e7il\u0259n n\u00fcmay\u0259nd\u0259l\u0259rind\u0259n biri olan akademik Arif Pa\u015fayevin do\u011fum g\u00fcn\u00fc il\u0259 \u0259laq\u0259dar&hellip; <\/p>\n","protected":false},"author":14,"featured_media":31666,"comment_status":"open","ping_status":"open","sticky":false,"template":"","format":"standard","meta":{"_mi_skip_tracking":false,"_monsterinsights_sitenote_active":false,"_monsterinsights_sitenote_note":"","_monsterinsights_sitenote_category":0,"footnotes":""},"categories":[11,50,3394],"tags":[9825,962,15],"aioseo_notices":[],"_links":{"self":[{"href":"https:\/\/infonews.az\/index.php?rest_route=\/wp\/v2\/posts\/31665"}],"collection":[{"href":"https:\/\/infonews.az\/index.php?rest_route=\/wp\/v2\/posts"}],"about":[{"href":"https:\/\/infonews.az\/index.php?rest_route=\/wp\/v2\/types\/post"}],"author":[{"embeddable":true,"href":"https:\/\/infonews.az\/index.php?rest_route=\/wp\/v2\/users\/14"}],"replies":[{"embeddable":true,"href":"https:\/\/infonews.az\/index.php?rest_route=%2Fwp%2Fv2%2Fcomments&post=31665"}],"version-history":[{"count":1,"href":"https:\/\/infonews.az\/index.php?rest_route=\/wp\/v2\/posts\/31665\/revisions"}],"predecessor-version":[{"id":31667,"href":"https:\/\/infonews.az\/index.php?rest_route=\/wp\/v2\/posts\/31665\/revisions\/31667"}],"wp:featuredmedia":[{"embeddable":true,"href":"https:\/\/infonews.az\/index.php?rest_route=\/wp\/v2\/media\/31666"}],"wp:attachment":[{"href":"https:\/\/infonews.az\/index.php?rest_route=%2Fwp%2Fv2%2Fmedia&parent=31665"}],"wp:term":[{"taxonomy":"category","embeddable":true,"href":"https:\/\/infonews.az\/index.php?rest_route=%2Fwp%2Fv2%2Fcategories&post=31665"},{"taxonomy":"post_tag","embeddable":true,"href":"https:\/\/infonews.az\/index.php?rest_route=%2Fwp%2Fv2%2Ftags&post=31665"}],"curies":[{"name":"wp","href":"https:\/\/api.w.org\/{rel}","templated":true}]}}