{"id":3201,"date":"2021-01-27T15:09:48","date_gmt":"2021-01-27T11:09:48","guid":{"rendered":"https:\/\/infonews.az\/?p=3201"},"modified":"2021-01-27T15:12:08","modified_gmt":"2021-01-27T11:12:08","slug":"susani-q%c9%99hr%c9%99man-ovladlarin-qani-cani-bahasina-dusm%c9%99nl%c9%99rin-%c9%99lind%c9%99n-almisiq","status":"publish","type":"post","link":"https:\/\/infonews.az\/?p=3201","title":{"rendered":"\u201c\u015eu\u015fan\u0131 q\u0259hr\u0259man \u00f6vladlar\u0131n qan\u0131, can\u0131 bahas\u0131na d\u00fc\u015fm\u0259nl\u0259rin \u0259lind\u0259n alm\u0131\u015f\u0131q\u201d"},"content":{"rendered":"<p><span style=\"color: #ffffff;\">\u201c\u015eu\u015fan\u0131 q\u0259hr\u0259man \u00f6vladlar\u0131n qan\u0131, can\u0131 bahas\u0131na d\u00fc\u015fm\u0259nl\u0259rin \u0259lind\u0259n alm\u0131\u015f\u0131q\u201d<\/span><\/p>\n<p><a href=\"https:\/\/infonews.az\/?p=32018\"><span style=\"color: #ff0000;\"><strong>&#8220;\u0130NFONEWS&#8221;<\/strong><\/span><\/a> x\u0259b\u0259r verir.<\/p>\n<blockquote><p>\u015eu\u015fa bizim tarixi \u015f\u0259h\u0259rimizdir v\u0259 biz bu \u015f\u0259h\u0259r\u0259 qay\u0131tm\u0131\u015f\u0131q. \u018fg\u0259r erm\u0259nil\u0259r bu \u015f\u0259h\u0259ri \u00f6z \u015f\u0259h\u0259ri hesab edirdil\u0259rs\u0259, n\u0259 \u00fc\u00e7\u00fcn 28 il \u0259rzind\u0259 bir da\u015f\u0131 da\u015f \u00fcst\u0259 qoymay\u0131blar? N\u0259 \u00fc\u00e7\u00fcn \u015eu\u015fan\u0131n tarixi abid\u0259l\u0259rini qoruyub saxlaya bilm\u0259yibl\u0259r? B\u00fct\u00fcn bulaqlar quruyub. H\u0259r bir m\u0259h\u0259ll\u0259d\u0259 bulaq olub, birind\u0259 d\u0259 su yoxdur. Yax\u015f\u0131, \u0259g\u0259r bu, s\u0259nin \u015f\u0259h\u0259rindirs\u0259, niy\u0259 s\u0259n bulaqlar\u0131 qurudursan? B\u00fct\u00fcn tarixi abid\u0259l\u0259r yerl\u0259-yeksan edilib. \u018fg\u0259r bu, s\u0259nin \u015f\u0259h\u0259rindirs\u0259, niy\u0259 s\u0259n bu abid\u0259l\u0259ri da\u011f\u0131tm\u0131san?<\/p><\/blockquote>\n<p>Bu bar\u0259d\u0259 Prezident \u0130lham \u018fliyev yanvar\u0131n 27-d\u0259 Ayd\u0131n K\u0259rimovu Prezidentin \u015eu\u015fa rayonunda x\u00fcsusi n\u00fcmay\u0259nd\u0259si t\u0259yin olunmas\u0131 il\u0259 \u0259laq\u0259dar videoformatda q\u0259bul ed\u0259rk\u0259n dan\u0131\u015f\u0131b.<\/p>\n<p>\u015eu\u015fada olark\u0259n da\u011f\u0131nt\u0131lar\u0131 \u00f6z g\u00f6z\u00fc g\u00f6rd\u00fcy\u00fcn\u00fc bildir\u0259n d\u00f6vl\u0259timizin ba\u015f\u00e7\u0131s\u0131 deyib: \u201cEl\u0259 bil ki, oradan v\u0259h\u015fi q\u0259bil\u0259 ke\u00e7ib, vandallar \u015eu\u015fan\u0131 bu g\u00fcn\u0259 sal\u0131blar. Sonra da deyirl\u0259r ki, \u015eu\u015fa erm\u0259ni \u015f\u0259h\u0259ridir. Bu, n\u00f6vb\u0259ti erm\u0259ni yalan\u0131d\u0131r, saxtakarl\u0131\u011f\u0131d\u0131r! Onlar\u0131n b\u00fct\u00fcn tarixi saxtakarl\u0131q v\u0259 mifologiya \u00fcz\u0259rind\u0259 qurulub. Onlar v\u0259 onlar\u0131n m\u00fcxt\u0259lif \u00f6lk\u0259l\u0259rd\u0259ki havadarlar\u0131 onlar \u00fc\u00e7\u00fcn saxta tarix yarad\u0131blar v\u0259 bu saxtakarl\u0131q bu g\u00fcn d\u0259 davam edir. Bax\u0131n, g\u00f6r\u00fcn erm\u0259ni n\u00fcmay\u0259nd\u0259l\u0259ri v\u0259 onlar\u0131n xaricd\u0259ki havadarlar\u0131 \u015eu\u015fan\u0131n azad olunmas\u0131 il\u0259 ba\u011fl\u0131 n\u0259l\u0259r deyirl\u0259r? Guya \u015eu\u015fa biz\u0259 el\u0259-bel\u0259 verilib, d\u00f6y\u00fc\u015fl\u0259r getm\u0259yib, erm\u0259nil\u0259r \u015eu\u015fan\u0131 t\u0259rk edibl\u0259r. A\u011f yaland\u0131r! \u015eu\u015fa \u0259m\u0259liyyat\u0131 Az\u0259rbaycan xalq\u0131n\u0131n q\u0259lbind\u0259 \u0259b\u0259di ya\u015fayacaq. \u015eu\u015fa u\u011frunda ged\u0259n d\u00f6y\u00fc\u015fl\u0259rd\u0259 \u015f\u0259hid olmu\u015f q\u0259hr\u0259man \u00f6vladlar\u0131m\u0131z\u0131n \u0259ziz xatir\u0259si bizim q\u0259lbimizd\u0259 \u0259b\u0259di ya\u015fayacaq\u201d.<\/p>\n<p>Prezident vur\u011fulay\u0131b ki, \u015eu\u015fan\u0131 azad ed\u0259rk\u0259n Az\u0259rbaycan \u0259sg\u0259r v\u0259 zabiti q\u0259hr\u0259manl\u0131q, pe\u015f\u0259karl\u0131q, fiziki g\u00fcc, y\u00fcks\u0259k milli ruh g\u00f6st\u0259rib. O, Da\u015falt\u0131 istiqam\u0259tind\u0259n, dig\u0259r istiqam\u0259tl\u0259rd\u0259n, s\u0131ld\u0131r\u0131m qayalardan qalxaraq, i\u015f\u011fal\u00e7\u0131lar\u0131 m\u0259hv ed\u0259r\u0259k \u015eu\u015fan\u0131 azad edib, dem\u0259k olar ki, \u0259liyal\u0131n, \u0259lind\u0259 s\u00fcng\u00fc, b\u0131\u00e7aq, y\u00fcng\u00fcl silah topa, tanka qar\u015f\u0131 vuru\u015fub.<\/p>\n<p>\u201c\u015eu\u015fa \u0259m\u0259liyyat\u0131nda y\u00fczl\u0259rl\u0259 i\u015f\u011fal\u00e7\u0131 m\u0259hv edilib, onlar\u0131n say\u0131n\u0131 biz bilirik. Erm\u0259nistan r\u0259hb\u0259rliyi bunu n\u0259 q\u0259d\u0259r \u00f6z xalq\u0131ndan gizl\u0259ts\u0259 d\u0259, gizl\u0259d\u0259 bilm\u0259y\u0259c\u0259k. \u015eu\u015fan\u0131 m\u00fcdafi\u0259 ed\u0259n y\u00fczl\u0259rl\u0259 i\u015f\u011fal\u00e7\u0131n\u0131 Az\u0259rbaycan\u0131n q\u0259hr\u0259man \u00f6vladlar\u0131 m\u0259hv edib. Nec\u0259 dem\u0259k olar ki, \u015eu\u015fa biz\u0259 ba\u011f\u0131\u015flan\u0131l\u0131b? \u0130kincisi, bel\u0259 bir \u015f\u0259h\u0259ri kims\u0259 kim\u0259s\u0259 ba\u011f\u0131\u015flaya bil\u0259r? Biz \u015eu\u015fan\u0131 q\u0259hr\u0259man \u00f6vladlar\u0131n r\u0259\u015fad\u0259ti, qan\u0131, can\u0131 bahas\u0131na d\u00fc\u015fm\u0259nl\u0259rin \u0259lind\u0259n, \u0259sar\u0259tind\u0259n alm\u0131\u015f\u0131q. Bundan sonra \u015eu\u015fada \u0259b\u0259di ya\u015fayaca\u011f\u0131q, \u015eu\u015fan\u0131 qoruyaca\u011f\u0131q v\u0259 qoruyuruq \u201d, &#8211; dey\u0259 Prezident \u0130lham \u018fliyev \u0259lav\u0259 edib.<\/p>\n<p>&nbsp;<\/p>\n","protected":false},"excerpt":{"rendered":"<p>\u201c\u015eu\u015fan\u0131 q\u0259hr\u0259man \u00f6vladlar\u0131n qan\u0131, can\u0131 bahas\u0131na d\u00fc\u015fm\u0259nl\u0259rin \u0259lind\u0259n alm\u0131\u015f\u0131q\u201d &#8220;\u0130NFONEWS&#8221; x\u0259b\u0259r verir. \u015eu\u015fa bizim tarixi \u015f\u0259h\u0259rimizdir v\u0259 biz bu \u015f\u0259h\u0259r\u0259 qay\u0131tm\u0131\u015f\u0131q. \u018fg\u0259r erm\u0259nil\u0259r bu \u015f\u0259h\u0259ri \u00f6z \u015f\u0259h\u0259ri hesab edirdil\u0259rs\u0259, n\u0259&hellip; <\/p>\n","protected":false},"author":3,"featured_media":3207,"comment_status":"open","ping_status":"open","sticky":false,"template":"","format":"standard","meta":{"_mi_skip_tracking":false,"_monsterinsights_sitenote_active":false,"_monsterinsights_sitenote_note":"","_monsterinsights_sitenote_category":0,"footnotes":""},"categories":[6,11],"tags":[785,20,139,260],"aioseo_notices":[],"_links":{"self":[{"href":"https:\/\/infonews.az\/index.php?rest_route=\/wp\/v2\/posts\/3201"}],"collection":[{"href":"https:\/\/infonews.az\/index.php?rest_route=\/wp\/v2\/posts"}],"about":[{"href":"https:\/\/infonews.az\/index.php?rest_route=\/wp\/v2\/types\/post"}],"author":[{"embeddable":true,"href":"https:\/\/infonews.az\/index.php?rest_route=\/wp\/v2\/users\/3"}],"replies":[{"embeddable":true,"href":"https:\/\/infonews.az\/index.php?rest_route=%2Fwp%2Fv2%2Fcomments&post=3201"}],"version-history":[{"count":1,"href":"https:\/\/infonews.az\/index.php?rest_route=\/wp\/v2\/posts\/3201\/revisions"}],"predecessor-version":[{"id":3205,"href":"https:\/\/infonews.az\/index.php?rest_route=\/wp\/v2\/posts\/3201\/revisions\/3205"}],"wp:featuredmedia":[{"embeddable":true,"href":"https:\/\/infonews.az\/index.php?rest_route=\/wp\/v2\/media\/3207"}],"wp:attachment":[{"href":"https:\/\/infonews.az\/index.php?rest_route=%2Fwp%2Fv2%2Fmedia&parent=3201"}],"wp:term":[{"taxonomy":"category","embeddable":true,"href":"https:\/\/infonews.az\/index.php?rest_route=%2Fwp%2Fv2%2Fcategories&post=3201"},{"taxonomy":"post_tag","embeddable":true,"href":"https:\/\/infonews.az\/index.php?rest_route=%2Fwp%2Fv2%2Ftags&post=3201"}],"curies":[{"name":"wp","href":"https:\/\/api.w.org\/{rel}","templated":true}]}}