{"id":32092,"date":"2023-02-21T10:15:09","date_gmt":"2023-02-21T06:15:09","guid":{"rendered":"https:\/\/infonews.az\/?p=32092"},"modified":"2023-02-21T10:28:26","modified_gmt":"2023-02-21T06:28:26","slug":"qis-liderlik-dus%c9%99rg%c9%99si","status":"publish","type":"post","link":"https:\/\/infonews.az\/?p=32092","title":{"rendered":"\u201cQ\u0131\u015f Liderlik D\u00fc\u015f\u0259rg\u0259si\u201d n\u00f6vb\u0259ti t\u0259liml\u0259rini t\u0259\u015fkil edib"},"content":{"rendered":"<p><span style=\"color: #ffffff;\">\u201cQ\u0131\u015f Liderlik D\u00fc\u015f\u0259rg\u0259si\u201d n\u00f6vb\u0259ti t\u0259liml\u0259rini t\u0259\u015fkil edib<\/span><\/p>\n<blockquote><p>Fevral\u0131n 18-19 -da Az\u0259rbaycan G\u0259nc M\u00fc\u0259lliml\u0259r Assosiasiyas\u0131 v\u0259 Quba-Xa\u00e7maz Regional T\u0259hsil \u0130dar\u0259sinin t\u0259\u015fkilat\u00e7\u0131l\u0131\u011f\u0131 il\u0259 \u201cQ\u0131\u015f Liderlik D\u00fc\u015f\u0259rg\u0259si\u201d ke\u00e7irilib.<\/p><\/blockquote>\n<p><strong>&#8220;<a href=\"https:\/\/infonews.az\">\u0130NFONEWS<\/a>&#8220;<\/strong> -a Assosiasiyadan veril\u0259n m\u0259lumata g\u00f6r\u0259, g\u0259nc direktor m\u00fcavinl\u0259rinin i\u015ftirak\u0131n\u0131 n\u0259z\u0259rd\u0259 tutan d\u00fc\u015f\u0259rg\u0259 g\u0259nc t\u0259hsil ver\u0259nl\u0259rin v\u0259 idar\u0259etm\u0259 hey\u0259tinin pe\u015f\u0259karl\u0131q s\u0259viyy\u0259sinin art\u0131r\u0131lmas\u0131 m\u0259qs\u0259di il\u0259 t\u0259\u015fkil olunub. Se\u00e7ilmi\u015f 25 i\u015ftirak\u00e7\u0131ya 2 g\u00fcn m\u00fcdd\u0259tind\u0259 \u201cLiderlik\u201d, \u201cKonfliktin idar\u0259edilm\u0259si\u201d, \u201cKommunikasiya\u201d, \u201cLayih\u0259 idar\u0259etm\u0259si\u201d, \u201cBurax\u0131l\u0131\u015f sinifl\u0259rind\u0259 keyfiyy\u0259tin art\u0131r\u0131lmas\u0131 \u00fc\u00e7\u00fcn strateji plan\u0131n haz\u0131rlanmas\u0131\u201d t\u0259liml\u0259ri ke\u00e7irilib.<\/p>\n<p>D\u00fc\u015f\u0259rg\u0259nin ke\u00e7irilm\u0259sin\u0259 d\u0259st\u0259k olduqlar\u0131na g\u00f6r\u0259 Az\u0259rbaycan G\u0259nc M\u00fc\u0259lliml\u0259r Assosiasiyas\u0131 t\u0259r\u0259find\u0259n Quba-Xa\u00e7maz Regional T\u0259hsil \u0130dar\u0259sin\u0259 t\u0259\u015f\u0259kk\u00fcr bildirib.<\/p>\n<p>F\u0259aliyy\u0259t Elm v\u0259 T\u0259hsil Nazirliyinin elan etdiyi \u201c2022\/2023-c\u00fc ill\u0259rd\u0259 t\u0259hsilin inki\u015faf\u0131 \u00fczr\u0259 ictimai t\u0259\u015f\u0259bb\u00fcsl\u0259rin d\u0259st\u0259kl\u0259nm\u0259si\u201d qrant m\u00fcsabiq\u0259sind\u0259 qalib olmu\u015f \u201cXXI \u0259srin t\u0259l\u0259bl\u0259rin\u0259 uy\u011fun t\u0259hsil-g\u0259nc m\u00fc\u0259lliml\u0259rin pe\u015f\u0259karl\u0131\u011f\u0131n\u0131n art\u0131r\u0131lmas\u0131\u201d layih\u0259si \u00e7\u0259r\u00e7iv\u0259sind\u0259 icra olunur.<\/p>\n","protected":false},"excerpt":{"rendered":"<p>\u201cQ\u0131\u015f Liderlik D\u00fc\u015f\u0259rg\u0259si\u201d n\u00f6vb\u0259ti t\u0259liml\u0259rini t\u0259\u015fkil edib Fevral\u0131n 18-19 -da Az\u0259rbaycan G\u0259nc M\u00fc\u0259lliml\u0259r Assosiasiyas\u0131 v\u0259 Quba-Xa\u00e7maz Regional T\u0259hsil \u0130dar\u0259sinin t\u0259\u015fkilat\u00e7\u0131l\u0131\u011f\u0131 il\u0259 \u201cQ\u0131\u015f Liderlik D\u00fc\u015f\u0259rg\u0259si\u201d ke\u00e7irilib. &#8220;\u0130NFONEWS&#8220; -a Assosiasiyadan veril\u0259n m\u0259lumata&hellip; <\/p>\n","protected":false},"author":16,"featured_media":32093,"comment_status":"open","ping_status":"open","sticky":false,"template":"","format":"standard","meta":{"_mi_skip_tracking":false,"_monsterinsights_sitenote_active":false,"_monsterinsights_sitenote_note":"","_monsterinsights_sitenote_category":0,"footnotes":""},"categories":[3753,11,3],"tags":[8183,9260,15,9861,4402,9862,51,4536],"aioseo_notices":[],"_links":{"self":[{"href":"https:\/\/infonews.az\/index.php?rest_route=\/wp\/v2\/posts\/32092"}],"collection":[{"href":"https:\/\/infonews.az\/index.php?rest_route=\/wp\/v2\/posts"}],"about":[{"href":"https:\/\/infonews.az\/index.php?rest_route=\/wp\/v2\/types\/post"}],"author":[{"embeddable":true,"href":"https:\/\/infonews.az\/index.php?rest_route=\/wp\/v2\/users\/16"}],"replies":[{"embeddable":true,"href":"https:\/\/infonews.az\/index.php?rest_route=%2Fwp%2Fv2%2Fcomments&post=32092"}],"version-history":[{"count":3,"href":"https:\/\/infonews.az\/index.php?rest_route=\/wp\/v2\/posts\/32092\/revisions"}],"predecessor-version":[{"id":32096,"href":"https:\/\/infonews.az\/index.php?rest_route=\/wp\/v2\/posts\/32092\/revisions\/32096"}],"wp:featuredmedia":[{"embeddable":true,"href":"https:\/\/infonews.az\/index.php?rest_route=\/wp\/v2\/media\/32093"}],"wp:attachment":[{"href":"https:\/\/infonews.az\/index.php?rest_route=%2Fwp%2Fv2%2Fmedia&parent=32092"}],"wp:term":[{"taxonomy":"category","embeddable":true,"href":"https:\/\/infonews.az\/index.php?rest_route=%2Fwp%2Fv2%2Fcategories&post=32092"},{"taxonomy":"post_tag","embeddable":true,"href":"https:\/\/infonews.az\/index.php?rest_route=%2Fwp%2Fv2%2Ftags&post=32092"}],"curies":[{"name":"wp","href":"https:\/\/api.w.org\/{rel}","templated":true}]}}