{"id":32125,"date":"2023-02-21T14:54:10","date_gmt":"2023-02-21T10:54:10","guid":{"rendered":"https:\/\/infonews.az\/?p=32125"},"modified":"2023-02-21T14:54:10","modified_gmt":"2023-02-21T10:54:10","slug":"rusiya-ukrayna-muharib%c9%99sinin-qalibi-kim-olacaq-siyasi-proqnoz","status":"publish","type":"post","link":"https:\/\/infonews.az\/?p=32125","title":{"rendered":"Rusiya-Ukrayna m\u00fcharib\u0259sinin qalibi kim olacaq? \u2013 S\u0130YAS\u0130 PROQNOZ\u00a0"},"content":{"rendered":"<p><span style=\"color: #ffffff\">Rusiya-Ukrayna m\u00fcharib\u0259sinin qalibi kim olacaq? \u2013 S\u0130YAS\u0130 PROQNOZ<\/span><\/p>\n<blockquote><p>Haz\u0131rda b\u00fct\u00fcn d\u00fcnya ictimaiyy\u0259tini, ist\u0259r siyasi, ist\u0259r dig\u0259r sah\u0259l\u0259rd\u0259 <span style=\"color: #ffffff\">\u00e7al\u0131\u015fan<\/span> ekspertl\u0259ri Rusiya Ukraynan\u0131 m\u00fcharib\u0259sinin hans\u0131 n\u0259tic\u0259 il\u0259 bit\u0259c\u0259yi maraqland\u0131r\u0131r.<\/p><\/blockquote>\n<p>Kampaniya uzunm\u00fcdd\u0259tli h\u0259rbi birl\u0259\u015fm\u0259d\u0259n v\u0259 i\u015f\u011faldan bir ne\u00e7\u0259 g\u00fcn \u0259vv\u0259l Rusiyan\u0131n Donetsk v\u0259 Luqansk Xalq Respublikas\u0131n\u0131 tan\u0131mas\u0131ndan sonra ba\u015flay\u0131b. Rusiya prezidenti Vladimir Putin Ukraynan\u0131n \u015f\u0259rqind\u0259 h\u0259rbi \u0259m\u0259liyyat elan etdi. Daha sonra, paytaxt Kiyev d\u0259 daxil olmaqla, \u00f6lk\u0259nin m\u00fcxt\u0259lif yerl\u0259rind\u0259 raket z\u0259rb\u0259l\u0259ri endirildi. Bu g\u00fcn\u0259 kimi davam ed\u0259n m\u00fcharib\u0259nin sonunu proqnozla\u015fd\u0131rmaq is\u0259 qeyri-m\u00fcmk\u00fcnd\u00fcr. \u00c7\u00fcnki hadis\u0259l\u0259r an etibar\u0131 il\u0259 d\u0259yi\u015fir, prosesl\u0259r bir-birini \u0259v\u0259z edir. H\u0259tta bu m\u00fcharib\u0259nin III D\u00fcnya m\u00fcharib\u0259sinin ba\u015flan\u011f\u0131c\u0131 sayan ekspertl\u0259rd\u0259 var. Hadis\u0259l\u0259r bar\u0259sind\u0259 is\u0259 h\u0259l\u0259 ki, he\u00e7 bir d\u0259qiq proqnoz ver\u0259n yoxdur.<\/p>\n<p>H\u0259qiq\u0259t\u0259nmi, bu sava\u015f\u0131 \u00dc\u00e7\u00fcnc\u00fc D\u00fcnya M\u00fcharib\u0259sinin ba\u015flan\u011f\u0131c\u0131 hesab etm\u0259k olarm\u0131?<\/p>\n<p>Bu bar\u0259d\u0259 &#8220;<a href=\"https:\/\/infonews.az\">\u0130NFONEWS<\/a>&#8220;-a politoloq Tural \u0130smay\u0131lov \u015f\u0259rh verib. O, a\u00e7\u0131qlamas\u0131nda qeyd edib ki, he\u00e7 bir halda bu sava\u015f\u0131n areal\u0131n\u0131 ki\u00e7iltm\u0259k olmaz.<\/p>\n<p>\u201cHesab edir\u0259m ki, m\u00fcharib\u0259nin t\u0259kc\u0259 h\u0259rbi n\u0259tic\u0259l\u0259ri yox, h\u0259m d\u0259 siyasi, iqtisadi v\u0259 ekspansionist t\u0259r\u0259fl\u0259ri da\u011f\u0131d\u0131c\u0131d\u0131r. Bu g\u00fcn p\u0259rd\u0259 arxas\u0131nda h\u0259rbi m\u0259nada Rusiya-NATO sava\u015f\u0131 gedir. Ukraynada Rusiyaya qar\u015f\u0131 NATO standartlar\u0131 il\u0259 cavablar verilir. Eyni zamanda q\u0131\u015f \u00f6nc\u0259sind\u0259 enerji m\u0259hsullar\u0131ndan as\u0131ll\u0131\u011f\u0131 n\u0259z\u0259r\u0259 al\u0131b Rusiya Q\u0259rbi k\u00fcnc\u0259 s\u0131x\u0131\u015fd\u0131r\u0131b. Birm\u0259nal\u0131 formada dey\u0259 bil\u0259rik ki, Rusiya-Ukrayna sava\u015f\u0131 \u00dc\u00e7\u00fcnc\u00fc D\u00fcnya M\u00fcharib\u0259sinin ki\u00e7ik bir ba\u015flan\u011f\u0131c\u0131 say\u0131la bil\u0259r. Q\u00fcvv\u0259l\u0259r z\u0259ifl\u0259dikc\u0259 dig\u0259r \u00f6lk\u0259l\u0259rin t\u0259sir imkanalr\u0131n\u0131 d\u00f6vriy\u0259y\u0259 buraxmaq meyarlar\u0131 da g\u00fccl\u0259nir. \u0130st\u0259nil\u0259n halda bu sava\u015fda qalib yoxdur. \u0130tir\u0259n h\u0259r iki t\u0259r\u0259fdir. H\u00fccum ed\u0259n d\u0259, m\u00fcdafi\u0259 olan da xeyli resurs itirib. Bu sava\u015f\u0131n qalibi Q\u0259rb imperializmi, m\u0259\u011flubu is\u0259 t\u0259\u0259ss\u00fcf ki, Avrasiyad\u0131r\u201d.<\/p>\n<p>Oguz Ayvaz<\/p>\n","protected":false},"excerpt":{"rendered":"<p>Rusiya-Ukrayna m\u00fcharib\u0259sinin qalibi kim olacaq? \u2013 S\u0130YAS\u0130 PROQNOZ Haz\u0131rda b\u00fct\u00fcn d\u00fcnya ictimaiyy\u0259tini, ist\u0259r siyasi, ist\u0259r dig\u0259r sah\u0259l\u0259rd\u0259 \u00e7al\u0131\u015fan ekspertl\u0259ri Rusiya Ukraynan\u0131 m\u00fcharib\u0259sinin hans\u0131 n\u0259tic\u0259 il\u0259 bit\u0259c\u0259yi maraqland\u0131r\u0131r. Kampaniya uzunm\u00fcdd\u0259tli h\u0259rbi&hellip; <\/p>\n","protected":false},"author":16,"featured_media":32126,"comment_status":"open","ping_status":"open","sticky":false,"template":"","format":"standard","meta":{"_mi_skip_tracking":false,"_monsterinsights_sitenote_active":false,"_monsterinsights_sitenote_note":"","_monsterinsights_sitenote_category":0,"footnotes":""},"categories":[9,11],"tags":[15,143,6321,9510,172],"aioseo_notices":[],"_links":{"self":[{"href":"https:\/\/infonews.az\/index.php?rest_route=\/wp\/v2\/posts\/32125"}],"collection":[{"href":"https:\/\/infonews.az\/index.php?rest_route=\/wp\/v2\/posts"}],"about":[{"href":"https:\/\/infonews.az\/index.php?rest_route=\/wp\/v2\/types\/post"}],"author":[{"embeddable":true,"href":"https:\/\/infonews.az\/index.php?rest_route=\/wp\/v2\/users\/16"}],"replies":[{"embeddable":true,"href":"https:\/\/infonews.az\/index.php?rest_route=%2Fwp%2Fv2%2Fcomments&post=32125"}],"version-history":[{"count":1,"href":"https:\/\/infonews.az\/index.php?rest_route=\/wp\/v2\/posts\/32125\/revisions"}],"predecessor-version":[{"id":32127,"href":"https:\/\/infonews.az\/index.php?rest_route=\/wp\/v2\/posts\/32125\/revisions\/32127"}],"wp:featuredmedia":[{"embeddable":true,"href":"https:\/\/infonews.az\/index.php?rest_route=\/wp\/v2\/media\/32126"}],"wp:attachment":[{"href":"https:\/\/infonews.az\/index.php?rest_route=%2Fwp%2Fv2%2Fmedia&parent=32125"}],"wp:term":[{"taxonomy":"category","embeddable":true,"href":"https:\/\/infonews.az\/index.php?rest_route=%2Fwp%2Fv2%2Fcategories&post=32125"},{"taxonomy":"post_tag","embeddable":true,"href":"https:\/\/infonews.az\/index.php?rest_route=%2Fwp%2Fv2%2Ftags&post=32125"}],"curies":[{"name":"wp","href":"https:\/\/api.w.org\/{rel}","templated":true}]}}