{"id":32192,"date":"2023-02-21T21:04:47","date_gmt":"2023-02-21T17:04:47","guid":{"rendered":"https:\/\/infonews.az\/?p=32192"},"modified":"2023-02-21T21:04:47","modified_gmt":"2023-02-21T17:04:47","slug":"az%c9%99rbaycanin-aydin-movqeyi-v%c9%99-iranin-c%c9%99f%c9%99ng-iddialari","status":"publish","type":"post","link":"https:\/\/infonews.az\/?p=32192","title":{"rendered":"Az\u0259rbaycan\u0131n ayd\u0131n m\u00f6vqeyi v\u0259 \u0130ran\u0131n c\u0259f\u0259ng iddialar\u0131"},"content":{"rendered":"<p><span style=\"color: #ffffff\">Az\u0259rbaycan\u0131n ayd\u0131n m\u00f6vqeyi v\u0259 \u0130ran\u0131n c\u0259f\u0259ng iddialar\u0131<\/span><\/p>\n<blockquote><p>Az\u0259rbaycan Respublilas\u0131n\u0131n prezidenti \u0130lham \u018fliyev Az\u0259rbaycan v\u0259 \u0130ran aras\u0131nda m\u00fcnasib\u0259tl\u0259rin normala\u015fmas\u0131na dair fikirl\u0259rin bildirib<\/p><\/blockquote>\n<p>&#8220;<a href=\"https:\/\/infonews.az\">\u0130NFONEWS<\/a>&#8221; x\u0259b\u0259r verir ki, Fevral\u0131n 18-d\u0259 M\u00fcnhen T\u0259hl\u00fck\u0259sizlik Konfrans\u0131nda i\u015ftirak\u0131 \u00e7\u0259r\u00e7iv\u0259sind\u0259 televiziya kanallar\u0131na m\u00fcsahib\u0259 ver\u0259n Az\u0259rbaycan Respublikas\u0131n\u0131n prezidenti \u0130lham \u018fliyev jurnalistl\u0259rd\u0259n birinin: \u201c\u0130ranla Az\u0259rbaycan aras\u0131nda m\u00fcnasib\u0259tl\u0259rin normalla\u015fmas\u0131n\u0131 nec\u0259 g\u00f6r\u00fcrs\u00fcn\u00fcz? Birinci add\u0131m\u0131 kim atmal\u0131d\u0131r?\u201d \u2013 sual\u0131na cavab olaraq, Tehrandak\u0131 Az\u0259rbaycan s\u0259firliyin\u0259 qar\u015f\u0131 \u00f6t\u0259n ay ba\u015f vermi\u015f terror akt\u0131 il\u0259 ba\u011fl\u0131 m\u00fch\u00fcm m\u0259qamlara toxunub.<\/p>\n<p>Qeyd ed\u0259k ki, bu, Az\u0259rbaycan d\u00f6vl\u0259t ba\u015f\u00e7\u0131s\u0131n\u0131n m\u0259lum hadis\u0259 il\u0259 ba\u011fl\u0131 ilk geni\u015f a\u00e7\u0131qlamas\u0131d\u0131r v\u0259 onun real faktlara s\u00f6yk\u0259n\u0259n bu fikirl\u0259ri hadis\u0259nin t\u0259f\u0259rr\u00fcat\u0131n\u0131 \u0259ks etdir\u0259n kamera \u00e7\u0259kili\u015fl\u0259ri v\u0259 h\u0259min qanl\u0131 hadis\u0259nin \u015fahidi olmu\u015f s\u0259firlik \u0259m\u0259kda\u015flar\u0131n\u0131n ifad\u0259l\u0259ri il\u0259 d\u0259 t\u0259sdiql\u0259nir.<\/p>\n<p>Lakin Az\u0259rbaycan\u0131n bu ayd\u0131n v\u0259 sa\u011flam m\u0259ntiq\u0259 \u0259saslanan m\u00f6vqeyi h\u0259mi\u015f\u0259 oldu\u011fu kimi, \u0130ran t\u0259r\u0259fd\u0259n c\u0259f\u0259ng iddialar v\u0259 absurd \u015f\u0259rhl\u0259r il\u0259 qar\u015f\u0131la\u015f\u0131b. Hadis\u0259d\u0259n az qala bir ay ke\u00e7m\u0259sin\u0259 baxmayaraq, \u0130ran r\u0259smil\u0259ri v\u0259 medias\u0131 h\u0259l\u0259 d\u0259 el\u0259 terrorun ba\u015f verdiyi g\u00fcn ortaya at\u0131lan \u201c\u015f\u0259xsi motiv\u201d iddias\u0131n\u0131 t\u0259krarlamaqda davam edir, m\u0259s\u0259l\u0259 il\u0259 ba\u011fl\u0131 \u00fcmumi v\u0259 m\u00fcc\u0259rr\u0259d fikirl\u0259r s\u0259sl\u0259ndirm\u0259kl\u0259, sanki vaxt udma\u011fa v\u0259 m\u00f6vzunun t\u0259dric\u0259n unudulmas\u0131na \u00e7al\u0131\u015f\u0131rlar.<\/p>\n<p>Bu azm\u0131\u015f kimi, terror akt\u0131n\u0131n ba\u015f tutmas\u0131 v\u0259 detallar\u0131 il\u0259 ba\u011fl\u0131 vacib suallara ayd\u0131nl\u0131q g\u0259tirm\u0259k \u0259v\u0259zin\u0259, \u0130ran r\u0259smil\u0259ri v\u0259 ekspertl\u0259ri Az\u0259rbaycan t\u0259r\u0259fini ittiham etm\u0259y\u0259 c\u0259hd g\u00f6st\u0259rirl\u0259r, bir n\u00f6v m\u0259\u015fhur m\u0259s\u0259ld\u0259 deyildiyi kimi, do\u011frunun ba\u011fr\u0131n\u0131 yarmaq \u00fc\u00e7\u00fcn ba\u011f\u0131ran o\u011fru rolunda \u00e7\u0131x\u0131\u015f edirl\u0259r.<\/p>\n","protected":false},"excerpt":{"rendered":"<p>Az\u0259rbaycan\u0131n ayd\u0131n m\u00f6vqeyi v\u0259 \u0130ran\u0131n c\u0259f\u0259ng iddialar\u0131 Az\u0259rbaycan Respublilas\u0131n\u0131n prezidenti \u0130lham \u018fliyev Az\u0259rbaycan v\u0259 \u0130ran aras\u0131nda m\u00fcnasib\u0259tl\u0259rin normala\u015fmas\u0131na dair fikirl\u0259rin bildirib &#8220;\u0130NFONEWS&#8221; x\u0259b\u0259r verir ki, Fevral\u0131n 18-d\u0259 M\u00fcnhen T\u0259hl\u00fck\u0259sizlik Konfrans\u0131nda&hellip; <\/p>\n","protected":false},"author":16,"featured_media":32193,"comment_status":"open","ping_status":"open","sticky":false,"template":"","format":"standard","meta":{"_mi_skip_tracking":false,"_monsterinsights_sitenote_active":false,"_monsterinsights_sitenote_note":"","_monsterinsights_sitenote_category":0,"footnotes":""},"categories":[6,11],"tags":[13,1463,20,269,18],"aioseo_notices":[],"_links":{"self":[{"href":"https:\/\/infonews.az\/index.php?rest_route=\/wp\/v2\/posts\/32192"}],"collection":[{"href":"https:\/\/infonews.az\/index.php?rest_route=\/wp\/v2\/posts"}],"about":[{"href":"https:\/\/infonews.az\/index.php?rest_route=\/wp\/v2\/types\/post"}],"author":[{"embeddable":true,"href":"https:\/\/infonews.az\/index.php?rest_route=\/wp\/v2\/users\/16"}],"replies":[{"embeddable":true,"href":"https:\/\/infonews.az\/index.php?rest_route=%2Fwp%2Fv2%2Fcomments&post=32192"}],"version-history":[{"count":1,"href":"https:\/\/infonews.az\/index.php?rest_route=\/wp\/v2\/posts\/32192\/revisions"}],"predecessor-version":[{"id":32194,"href":"https:\/\/infonews.az\/index.php?rest_route=\/wp\/v2\/posts\/32192\/revisions\/32194"}],"wp:featuredmedia":[{"embeddable":true,"href":"https:\/\/infonews.az\/index.php?rest_route=\/wp\/v2\/media\/32193"}],"wp:attachment":[{"href":"https:\/\/infonews.az\/index.php?rest_route=%2Fwp%2Fv2%2Fmedia&parent=32192"}],"wp:term":[{"taxonomy":"category","embeddable":true,"href":"https:\/\/infonews.az\/index.php?rest_route=%2Fwp%2Fv2%2Fcategories&post=32192"},{"taxonomy":"post_tag","embeddable":true,"href":"https:\/\/infonews.az\/index.php?rest_route=%2Fwp%2Fv2%2Ftags&post=32192"}],"curies":[{"name":"wp","href":"https:\/\/api.w.org\/{rel}","templated":true}]}}