{"id":32200,"date":"2023-02-21T23:35:11","date_gmt":"2023-02-21T19:35:11","guid":{"rendered":"https:\/\/infonews.az\/?p=32200"},"modified":"2023-02-21T23:35:11","modified_gmt":"2023-02-21T19:35:11","slug":"az%c9%99rbaycan-v%c9%99-italiya-arasinda-konsulluq-m%c9%99sl%c9%99h%c9%99tl%c9%99sm%c9%99l%c9%99ri-kecirilib","status":"publish","type":"post","link":"https:\/\/infonews.az\/?p=32200","title":{"rendered":"Az\u0259rbaycan v\u0259 \u0130taliya aras\u0131nda konsulluq m\u0259sl\u0259h\u0259tl\u0259\u015fm\u0259l\u0259ri ke\u00e7irilib"},"content":{"rendered":"<p><span style=\"color: #ffffff\">Az\u0259rbaycan v\u0259 \u0130taliya aras\u0131nda konsulluq m\u0259sl\u0259h\u0259tl\u0259\u015fm\u0259l\u0259ri ke\u00e7irilib<\/span><\/p>\n<blockquote><p>\u0130taliyan\u0131n paytaxt\u0131 Roma \u015f\u0259h\u0259rind\u0259 Az\u0259rbaycan Xarici \u0130\u015fl\u0259r Nazirliyi v\u0259 \u0130taliya Xarici \u0130\u015fl\u0259r v\u0259 Beyn\u0259lxalq \u018fm\u0259kda\u015fl\u0131q Nazirliyi aras\u0131nda sayca 3-c\u00fc konsulluq m\u0259sl\u0259h\u0259tl\u0259\u015fm\u0259l\u0259ri ke\u00e7irilib.<\/p><\/blockquote>\n<p>Bu bar\u0259d\u0259 &#8220;<a href=\"https:\/\/infonews.az\">\u0130NFONEWS<\/a>&#8220;\u0259 Az\u0259rbaycan X\u0130N-d\u0259n bildirilib.<\/p>\n<p>M\u0259sl\u0259h\u0259tl\u0259\u015fm\u0259l\u0259rd\u0259 Az\u0259rbaycan n\u00fcmay\u0259nd\u0259 hey\u0259tin\u0259 Az\u0259rbaycan Xarici \u0130\u015fl\u0259r Nazirliyinin Konsulluq \u0130dar\u0259sinin r\u0259isi Emil S\u0259f\u0259rov, \u0130taliya n\u00fcmay\u0259nd\u0259 hey\u0259tin\u0259 is\u0259 \u0130taliya Respublikas\u0131 Xarici \u0130\u015fl\u0259r v\u0259 Beyn\u0259lxalq \u018fm\u0259kda\u015fl\u0131q Nazirliyinin Xaricd\u0259 ya\u015fayan \u0130talyanlar v\u0259 Miqrasiya Siyas\u0259ti Ba\u015f \u0130dar\u0259sinin r\u0259isi Luigi Vignali r\u0259hb\u0259rlik edib.<\/p>\n<p>G\u00f6r\u00fc\u015fd\u0259, h\u0259m\u00e7inin Az\u0259rbaycan\u0131n \u0130taliyadak\u0131 F\u00f6vq\u0259lad\u0259 v\u0259 S\u0259lahiyy\u0259tli s\u0259firi R\u0259\u015fad Aslanov, o c\u00fcml\u0259d\u0259n Az\u0259rbaycan D\u00f6vl\u0259t Miqrasiya Xidm\u0259tinin r\u0259smisi i\u015ftirak edib.<\/p>\n<p>Konsulluq m\u0259sl\u0259h\u0259tl\u0259\u015fm\u0259l\u0259ri zaman\u0131 Az\u0259rbaycan \u00fc\u00e7\u00fcn m\u00fch\u00fcm t\u0259r\u0259fda\u015f \u00f6lk\u0259 olan \u0130taliya il\u0259 konsulluq sah\u0259sind\u0259 \u0259m\u0259kda\u015fl\u0131\u011f\u0131n cari v\u0259ziyy\u0259ti v\u0259 inki\u015faf perspektivl\u0259ri, o c\u00fcml\u0259d\u0259n sah\u0259 \u00fczr\u0259 yeni ikit\u0259r\u0259fli s\u0259n\u0259dl\u0259rin imzalanmas\u0131 v\u0259 konsulluq xidm\u0259tl\u0259rinin r\u0259q\u0259msalla\u015fd\u0131r\u0131lmas\u0131 imkanlar\u0131 n\u0259z\u0259rd\u0259n ke\u00e7irilib.<\/p>\n<p>Konsulluq sah\u0259sind\u0259 h\u0259yata ke\u00e7irilmi\u015f son yenilikl\u0259r bar\u0259d\u0259 m\u0259lumat m\u00fcbadil\u0259si aparan t\u0259r\u0259fl\u0259r, h\u0259m\u00e7inin \u0130taliya v\u0259 Az\u0259rbaycan aras\u0131nda t\u0259hsil, miqrasiya v\u0259 dig\u0259r sah\u0259l\u0259rd\u0259 \u0259laq\u0259l\u0259rin g\u00fccl\u0259ndirilm\u0259sinin v\u0259 bu m\u0259qs\u0259dl\u0259 v\u0259t\u0259nda\u015flar\u0131n h\u00fcquq v\u0259 v\u0259zif\u0259l\u0259rinin qorunmas\u0131 istiqam\u0259tind\u0259 z\u0259ruri t\u0259dbirl\u0259rin h\u0259y\u0259ta ke\u00e7irilm\u0259sinin vacibliyini vur\u011fulay\u0131blar.<\/p>\n<p>T\u0259r\u0259fl\u0259r miqrasiya sah\u0259sind\u0259 \u00e7oxt\u0259r\u0259fli v\u0259 ikit\u0259r\u0259fli \u0259m\u0259kda\u015fl\u0131q perspektivl\u0259ri bar\u0259d\u0259 geni\u015f m\u00fczakir\u0259 apararaq, bu istiqam\u0259t \u00fczr\u0259 \u0259laq\u0259l\u0259rin daha da inki\u015faf etdirilm\u0259sinin \u0259h\u0259miyy\u0259tini vur\u011fulay\u0131blar.<\/p>\n<p>G\u00f6r\u00fc\u015f zaman\u0131 h\u0259m\u00e7inin t\u0259tbiq olunan viza rejiml\u0259ri, el\u0259c\u0259 d\u0259 \u0130taliyaya t\u0259hsil v\u0259 turizm m\u0259qs\u0259dil\u0259 s\u0259f\u0259r etm\u0259k ist\u0259y\u0259n Az\u0259rbaycan v\u0259t\u0259nda\u015flar\u0131na vizalar\u0131n r\u0259smil\u0259\u015fdirilm\u0259si imkanlar\u0131n\u0131n geni\u015fl\u0259ndirilm\u0259si, habel\u0259 aidiyy\u0259ti d\u00f6vl\u0259t qurumlar\u0131 t\u0259r\u0259find\u0259n veril\u0259n s\u0259n\u0259dl\u0259rin qar\u015f\u0131l\u0131ql\u0131 tan\u0131nmas\u0131 m\u0259s\u0259l\u0259si m\u00fczakir\u0259 olunub.<\/p>\n<p>T\u0259r\u0259fl\u0259r aras\u0131nda konsulluq m\u0259sl\u0259h\u0259tl\u0259\u015fm\u0259l\u0259rinin n\u00f6vb\u0259ti iclas\u0131n\u0131n 2024-c\u00fc ild\u0259 Bak\u0131 \u015f\u0259h\u0259rind\u0259 ke\u00e7irilm\u0259sin\u0259 dair raz\u0131l\u0131q \u0259ld\u0259 olunub.<\/p>\n","protected":false},"excerpt":{"rendered":"<p>Az\u0259rbaycan v\u0259 \u0130taliya aras\u0131nda konsulluq m\u0259sl\u0259h\u0259tl\u0259\u015fm\u0259l\u0259ri ke\u00e7irilib \u0130taliyan\u0131n paytaxt\u0131 Roma \u015f\u0259h\u0259rind\u0259 Az\u0259rbaycan Xarici \u0130\u015fl\u0259r Nazirliyi v\u0259 \u0130taliya Xarici \u0130\u015fl\u0259r v\u0259 Beyn\u0259lxalq \u018fm\u0259kda\u015fl\u0131q Nazirliyi aras\u0131nda sayca 3-c\u00fc konsulluq m\u0259sl\u0259h\u0259tl\u0259\u015fm\u0259l\u0259ri ke\u00e7irilib. Bu&hellip; <\/p>\n","protected":false},"author":16,"featured_media":32201,"comment_status":"open","ping_status":"open","sticky":false,"template":"","format":"standard","meta":{"_mi_skip_tracking":false,"_monsterinsights_sitenote_active":false,"_monsterinsights_sitenote_note":"","_monsterinsights_sitenote_category":0,"footnotes":""},"categories":[6,11],"tags":[13,1011,6217],"aioseo_notices":[],"_links":{"self":[{"href":"https:\/\/infonews.az\/index.php?rest_route=\/wp\/v2\/posts\/32200"}],"collection":[{"href":"https:\/\/infonews.az\/index.php?rest_route=\/wp\/v2\/posts"}],"about":[{"href":"https:\/\/infonews.az\/index.php?rest_route=\/wp\/v2\/types\/post"}],"author":[{"embeddable":true,"href":"https:\/\/infonews.az\/index.php?rest_route=\/wp\/v2\/users\/16"}],"replies":[{"embeddable":true,"href":"https:\/\/infonews.az\/index.php?rest_route=%2Fwp%2Fv2%2Fcomments&post=32200"}],"version-history":[{"count":1,"href":"https:\/\/infonews.az\/index.php?rest_route=\/wp\/v2\/posts\/32200\/revisions"}],"predecessor-version":[{"id":32202,"href":"https:\/\/infonews.az\/index.php?rest_route=\/wp\/v2\/posts\/32200\/revisions\/32202"}],"wp:featuredmedia":[{"embeddable":true,"href":"https:\/\/infonews.az\/index.php?rest_route=\/wp\/v2\/media\/32201"}],"wp:attachment":[{"href":"https:\/\/infonews.az\/index.php?rest_route=%2Fwp%2Fv2%2Fmedia&parent=32200"}],"wp:term":[{"taxonomy":"category","embeddable":true,"href":"https:\/\/infonews.az\/index.php?rest_route=%2Fwp%2Fv2%2Fcategories&post=32200"},{"taxonomy":"post_tag","embeddable":true,"href":"https:\/\/infonews.az\/index.php?rest_route=%2Fwp%2Fv2%2Ftags&post=32200"}],"curies":[{"name":"wp","href":"https:\/\/api.w.org\/{rel}","templated":true}]}}