{"id":32203,"date":"2023-02-22T00:00:01","date_gmt":"2023-02-21T20:00:01","guid":{"rendered":"https:\/\/infonews.az\/?p=32203"},"modified":"2023-02-22T00:00:01","modified_gmt":"2023-02-21T20:00:01","slug":"braziliyada-leysan-yagisi-n%c9%99tic%c9%99sind%c9%99-ol%c9%99nl%c9%99rin-sayi-44-%c9%99-yuks%c9%99lib","status":"publish","type":"post","link":"https:\/\/infonews.az\/?p=32203","title":{"rendered":"Braziliyada leysan ya\u011f\u0131\u015f\u0131 n\u0259tic\u0259sind\u0259 \u00f6l\u0259nl\u0259rin say\u0131 44-\u0259 y\u00fcks\u0259lib"},"content":{"rendered":"<p><span style=\"color: #ffffff\">Braziliyada leysan ya\u011f\u0131\u015f\u0131 n\u0259tic\u0259sind\u0259 \u00f6l\u0259nl\u0259rin say\u0131 44-\u0259 y\u00fcks\u0259lib<\/span><\/p>\n<blockquote><p>&#8220;<a href=\"https:\/\/infonews.az\">\u0130NFONEWS<\/a>&#8221; x\u0259b\u0259r verir ki, Braziliyan\u0131n San-Paulu \u0259yal\u0259tin\u0259 ya\u011fan tropik ya\u011f\u0131\u015f n\u0259tic\u0259sind\u0259 \u00f6l\u0259nl\u0259rin say\u0131 44 n\u0259f\u0259r\u0259 \u00e7at\u0131b.<\/p><\/blockquote>\n<p>Onlardan 7 n\u0259f\u0259rin, o c\u00fcml\u0259d\u0259n \u00fc\u00e7 u\u015fa\u011f\u0131n \u015f\u0259xsiyy\u0259ti m\u00fc\u0259yy\u0259n edilib.<\/p>\n<p>M\u0259lumata g\u00f6r\u0259, \u00f6t\u0259n h\u0259ft\u0259sonu b\u00f6lg\u0259y\u0259 bir ayl\u0131q normadan \u00e7ox ya\u011f\u0131nt\u0131 d\u00fc\u015f\u00fcb. \u018fn b\u00f6y\u00fck z\u0259r\u0259r San Sebastian v\u0259 Bertioqa b\u00f6lg\u0259l\u0259rin\u0259 d\u0259yib. Leysan ya\u011f\u0131\u015f\u0131 \u00e7oxsayl\u0131 da\u015fq\u0131nlara v\u0259 s\u00fcr\u00fc\u015fm\u0259l\u0259r\u0259, ya\u015fay\u0131\u015f binalar\u0131n\u0131n v\u0259 infrastrukturun da\u011f\u0131lmas\u0131na s\u0259b\u0259b olub.<\/p>\n<p>San Paulo \u0259yal\u0259tinin eyniadl\u0131 paytaxt\u0131n\u0131 sahilyan\u0131 \u0259razil\u0259rl\u0259 v\u0259 qon\u015fu Rio-de-Janeyro il\u0259 birl\u0259\u015fdir\u0259n \u0259sas magistral yollarda n\u0259qliyyat \u0259laq\u0259l\u0259ri k\u0259silib. Yerli hakimiyy\u0259t orqanlar\u0131n\u0131n m\u0259lumat\u0131na g\u00f6r\u0259, az\u0131 40 n\u0259f\u0259rin taleyi m\u0259lum deyil. 2,5 min\u0259 yax\u0131n sakin evl\u0259rini itirib. M\u0259\u015fhur kurort zonas\u0131nda olan turistl\u0259rin k\u00fctl\u0259vi t\u0259xliy\u0259si davam edir.<\/p>\n<p>T\u0259bii f\u0259lak\u0259td\u0259n \u0259ziyy\u0259t \u00e7\u0259k\u0259n 5 b\u0259l\u0259diyy\u0259d\u0259 f\u00f6vq\u0259lad\u0259 v\u0259ziyy\u0259t elan edilib. Bir \u00e7ox \u0259razil\u0259rd\u0259 su v\u0259 elektrik enerjisi k\u0259silib, mobil rabit\u0259 i\u015fl\u0259mir. Ya\u011f\u0131\u015flar\u0131n f\u0259sadlar\u0131 il\u0259 m\u00fcbariz\u0259y\u0259 m\u00fcxt\u0259lif xidm\u0259t orqanlar\u0131n\u0131n 500-d\u0259n \u00e7ox \u0259m\u0259kda\u015f\u0131, o c\u00fcml\u0259d\u0259n h\u0259rb\u00e7il\u0259r c\u0259lb olunub.<\/p>\n<p>Hadis\u0259 il\u0259 \u0259laq\u0259dar yerli hakimiyy\u0259t karnaval\u0131n qeyd olunmas\u0131 il\u0259 ba\u011fl\u0131 b\u00fct\u00fcn \u0259yl\u0259nc\u0259 t\u0259dbirl\u0259rini l\u0259\u011fv edib, \u0259yal\u0259t h\u00f6kum\u0259ti \u00fc\u00e7 g\u00fcnl\u00fck mat\u0259m elan edib.<\/p>\n","protected":false},"excerpt":{"rendered":"<p>Braziliyada leysan ya\u011f\u0131\u015f\u0131 n\u0259tic\u0259sind\u0259 \u00f6l\u0259nl\u0259rin say\u0131 44-\u0259 y\u00fcks\u0259lib &#8220;\u0130NFONEWS&#8221; x\u0259b\u0259r verir ki, Braziliyan\u0131n San-Paulu \u0259yal\u0259tin\u0259 ya\u011fan tropik ya\u011f\u0131\u015f n\u0259tic\u0259sind\u0259 \u00f6l\u0259nl\u0259rin say\u0131 44 n\u0259f\u0259r\u0259 \u00e7at\u0131b. Onlardan 7 n\u0259f\u0259rin, o c\u00fcml\u0259d\u0259n \u00fc\u00e7&hellip; <\/p>\n","protected":false},"author":16,"featured_media":32204,"comment_status":"open","ping_status":"open","sticky":false,"template":"","format":"standard","meta":{"_mi_skip_tracking":false,"_monsterinsights_sitenote_active":false,"_monsterinsights_sitenote_note":"","_monsterinsights_sitenote_category":0,"footnotes":""},"categories":[9,5,11],"tags":[5841,1463,1141,9874],"aioseo_notices":[],"_links":{"self":[{"href":"https:\/\/infonews.az\/index.php?rest_route=\/wp\/v2\/posts\/32203"}],"collection":[{"href":"https:\/\/infonews.az\/index.php?rest_route=\/wp\/v2\/posts"}],"about":[{"href":"https:\/\/infonews.az\/index.php?rest_route=\/wp\/v2\/types\/post"}],"author":[{"embeddable":true,"href":"https:\/\/infonews.az\/index.php?rest_route=\/wp\/v2\/users\/16"}],"replies":[{"embeddable":true,"href":"https:\/\/infonews.az\/index.php?rest_route=%2Fwp%2Fv2%2Fcomments&post=32203"}],"version-history":[{"count":1,"href":"https:\/\/infonews.az\/index.php?rest_route=\/wp\/v2\/posts\/32203\/revisions"}],"predecessor-version":[{"id":32205,"href":"https:\/\/infonews.az\/index.php?rest_route=\/wp\/v2\/posts\/32203\/revisions\/32205"}],"wp:featuredmedia":[{"embeddable":true,"href":"https:\/\/infonews.az\/index.php?rest_route=\/wp\/v2\/media\/32204"}],"wp:attachment":[{"href":"https:\/\/infonews.az\/index.php?rest_route=%2Fwp%2Fv2%2Fmedia&parent=32203"}],"wp:term":[{"taxonomy":"category","embeddable":true,"href":"https:\/\/infonews.az\/index.php?rest_route=%2Fwp%2Fv2%2Fcategories&post=32203"},{"taxonomy":"post_tag","embeddable":true,"href":"https:\/\/infonews.az\/index.php?rest_route=%2Fwp%2Fv2%2Ftags&post=32203"}],"curies":[{"name":"wp","href":"https:\/\/api.w.org\/{rel}","templated":true}]}}