{"id":32285,"date":"2023-02-23T01:46:39","date_gmt":"2023-02-22T21:46:39","guid":{"rendered":"https:\/\/infonews.az\/?p=32285"},"modified":"2023-02-23T01:48:27","modified_gmt":"2023-02-22T21:48:27","slug":"s%c9%99hid-olan-az%c9%99rbaycan-cempionunun-dogum-gunudur-foto","status":"publish","type":"post","link":"https:\/\/infonews.az\/?p=32285","title":{"rendered":"\u015e\u0259hid olan Az\u0259rbaycan \u00e7empionunun do\u011fum g\u00fcn\u00fcd\u00fcr &#8211; FOTO"},"content":{"rendered":"<h6 class=\"small-only\"><span style=\"color: #ffffff\">\u015e\u0259hid olan Az\u0259rbaycan \u00e7empionunun do\u011fum g\u00fcn\u00fcd\u00fcr &#8211; FOTO<\/span><\/h6>\n<blockquote><p>Bu g\u00fcn 44 g\u00fcnl\u00fck V\u0259t\u0259n m\u00fcharib\u0259sind\u0259 \u015f\u0259hid olan Muxtar \u018fli o\u011flu Qas\u0131ml\u0131n\u0131n do\u011fum g\u00fcn\u00fcd\u00fcr.<\/p><\/blockquote>\n<p><b><span style=\"color: #333333\">&#8220;<a style=\"color: #333333\" href=\"https:\/\/infonews.az\">\u0130NFONEWS<\/a>&#8220;<\/span> un <\/b>m\u0259lumat\u0131na g\u00f6r\u0259, \u015f\u0259hidimiz 1993-c\u00fc il fevral\u0131n 23-d\u0259 Bak\u0131 \u015f\u0259h\u0259rind\u0259 anadan olub.<\/p>\n<p>O, 1999-cu ild\u0259 Bak\u0131 \u015f\u0259h\u0259ri 318 n\u00f6mr\u0259li tam orta m\u0259kt\u0259b\u0259 daxil olub v\u0259 2009-cu ild\u0259 m\u0259kt\u0259bi bitirib. 2009-2013-c\u00fc ill\u0259rd\u0259 Az\u0259rbaycan D\u00f6vl\u0259t B\u0259d\u0259n T\u0259rbiy\u0259si v\u0259 \u0130dman Akademiyas\u0131n\u0131n kikboksinq fak\u00fclt\u0259si \u00fczr\u0259 bakalavr t\u0259hsili al\u0131b.<\/p>\n<p>Erk\u0259n ya\u015flar\u0131ndan idmana mara\u011f\u0131 olub. D\u0259f\u0259l\u0259rl\u0259 yar\u0131\u015flarda i\u015ftirak edib v\u0259 m\u00fckafatlara layiq g\u00f6r\u00fcl\u00fcb.<\/p>\n<p>M.Qas\u0131ml\u0131 2019-cu ild\u0259 fitnes \u00fczr\u0259 Az\u0259rbaycan \u00e7empionu ad\u0131na layiq g\u00f6r\u00fcl\u00fcb.<\/p>\n<p>Muxtar Qas\u0131ml\u0131 2020-ci il sentyabr\u0131n 27-d\u0259\u00a0ba\u015flanan V\u0259t\u0259n m\u00fcharib\u0259si zaman\u0131 F\u00fczuli u\u011frunda ged\u0259n d\u00f6y\u00fc\u015fl\u0259rd\u0259 \u015f\u00fcca\u0259t g\u00f6st\u0259rib. Oktyabr\u0131n 2-d\u0259 F\u00fczuli u\u011frunda ged\u0259n d\u00f6y\u00fc\u015fl\u0259rd\u0259 q\u0259hr\u0259mancas\u0131na \u015f\u0259hid olub.<\/p>\n<p>Bak\u0131 \u015f\u0259h\u0259ri Qala q\u0259biristanl\u0131\u011f\u0131nda d\u0259fn olunub.<\/p>\n<p>O, \u201cV\u0259t\u0259n u\u011frunda\u201d v\u0259 \u201cF\u00fczulinin azad olunmas\u0131na g\u00f6r\u0259\u201d medallar\u0131 il\u0259 t\u0259ltif olunub.<\/p>\n<p>Allah R\u0259hm\u0259t El\u0259sin<\/p>\n<p><img loading=\"lazy\" decoding=\"async\" class=\"alignnone size-medium wp-image-32286\" src=\"https:\/\/infonews.az\/wp-content\/uploads\/2023\/02\/700310_z60kcz0926-300x169.jpg\" alt=\"\" width=\"300\" height=\"169\" srcset=\"https:\/\/infonews.az\/wp-content\/uploads\/2023\/02\/700310_z60kcz0926-300x169.jpg 300w, https:\/\/infonews.az\/wp-content\/uploads\/2023\/02\/700310_z60kcz0926.jpg 590w\" sizes=\"(max-width: 300px) 100vw, 300px\" \/> <img loading=\"lazy\" decoding=\"async\" class=\"alignnone size-medium wp-image-32287\" src=\"https:\/\/infonews.az\/wp-content\/uploads\/2023\/02\/Muxtar_Qasimli-270x300.jpg\" alt=\"\" width=\"270\" height=\"300\" srcset=\"https:\/\/infonews.az\/wp-content\/uploads\/2023\/02\/Muxtar_Qasimli-270x300.jpg 270w, https:\/\/infonews.az\/wp-content\/uploads\/2023\/02\/Muxtar_Qasimli.jpg 474w\" sizes=\"(max-width: 270px) 100vw, 270px\" \/> <img loading=\"lazy\" decoding=\"async\" class=\"alignnone size-medium wp-image-32288\" src=\"https:\/\/infonews.az\/wp-content\/uploads\/2023\/02\/Eq47IyyXEAUlQKb-1-274x300.jpg\" alt=\"\" width=\"274\" height=\"300\" srcset=\"https:\/\/infonews.az\/wp-content\/uploads\/2023\/02\/Eq47IyyXEAUlQKb-1-274x300.jpg 274w, https:\/\/infonews.az\/wp-content\/uploads\/2023\/02\/Eq47IyyXEAUlQKb-1.jpg 538w\" sizes=\"(max-width: 274px) 100vw, 274px\" \/> <img loading=\"lazy\" decoding=\"async\" class=\"alignnone size-medium wp-image-32289\" src=\"https:\/\/infonews.az\/wp-content\/uploads\/2023\/02\/Muxtar_Qasimlinin_m\u0259zari-282x300.jpg\" alt=\"\" width=\"282\" height=\"300\" srcset=\"https:\/\/infonews.az\/wp-content\/uploads\/2023\/02\/Muxtar_Qasimlinin_m\u0259zari-282x300.jpg 282w, https:\/\/infonews.az\/wp-content\/uploads\/2023\/02\/Muxtar_Qasimlinin_m\u0259zari.jpg 554w\" sizes=\"(max-width: 282px) 100vw, 282px\" \/><\/p>\n<p>&nbsp;<\/p>\n<p>&nbsp;<\/p>\n","protected":false},"excerpt":{"rendered":"<p>\u015e\u0259hid olan Az\u0259rbaycan \u00e7empionunun do\u011fum g\u00fcn\u00fcd\u00fcr &#8211; FOTO Bu g\u00fcn 44 g\u00fcnl\u00fck V\u0259t\u0259n m\u00fcharib\u0259sind\u0259 \u015f\u0259hid olan Muxtar \u018fli o\u011flu Qas\u0131ml\u0131n\u0131n do\u011fum g\u00fcn\u00fcd\u00fcr. &#8220;\u0130NFONEWS&#8220; un m\u0259lumat\u0131na g\u00f6r\u0259, \u015f\u0259hidimiz 1993-c\u00fc il fevral\u0131n&hellip; <\/p>\n","protected":false},"author":14,"featured_media":32290,"comment_status":"open","ping_status":"open","sticky":false,"template":"","format":"standard","meta":{"_mi_skip_tracking":false,"_monsterinsights_sitenote_active":false,"_monsterinsights_sitenote_note":"","_monsterinsights_sitenote_category":0,"footnotes":""},"categories":[330,6664,11,550],"tags":[],"aioseo_notices":[],"_links":{"self":[{"href":"https:\/\/infonews.az\/index.php?rest_route=\/wp\/v2\/posts\/32285"}],"collection":[{"href":"https:\/\/infonews.az\/index.php?rest_route=\/wp\/v2\/posts"}],"about":[{"href":"https:\/\/infonews.az\/index.php?rest_route=\/wp\/v2\/types\/post"}],"author":[{"embeddable":true,"href":"https:\/\/infonews.az\/index.php?rest_route=\/wp\/v2\/users\/14"}],"replies":[{"embeddable":true,"href":"https:\/\/infonews.az\/index.php?rest_route=%2Fwp%2Fv2%2Fcomments&post=32285"}],"version-history":[{"count":2,"href":"https:\/\/infonews.az\/index.php?rest_route=\/wp\/v2\/posts\/32285\/revisions"}],"predecessor-version":[{"id":32292,"href":"https:\/\/infonews.az\/index.php?rest_route=\/wp\/v2\/posts\/32285\/revisions\/32292"}],"wp:featuredmedia":[{"embeddable":true,"href":"https:\/\/infonews.az\/index.php?rest_route=\/wp\/v2\/media\/32290"}],"wp:attachment":[{"href":"https:\/\/infonews.az\/index.php?rest_route=%2Fwp%2Fv2%2Fmedia&parent=32285"}],"wp:term":[{"taxonomy":"category","embeddable":true,"href":"https:\/\/infonews.az\/index.php?rest_route=%2Fwp%2Fv2%2Fcategories&post=32285"},{"taxonomy":"post_tag","embeddable":true,"href":"https:\/\/infonews.az\/index.php?rest_route=%2Fwp%2Fv2%2Ftags&post=32285"}],"curies":[{"name":"wp","href":"https:\/\/api.w.org\/{rel}","templated":true}]}}