{"id":32327,"date":"2023-02-23T13:20:20","date_gmt":"2023-02-23T09:20:20","guid":{"rendered":"https:\/\/infonews.az\/?p=32327"},"modified":"2023-02-23T13:22:41","modified_gmt":"2023-02-23T09:22:41","slug":"az%c9%99rbaycanda-ramazan-ayi-n%c9%99-vaxtdan-baslayir-t%c9%99qvim","status":"publish","type":"post","link":"https:\/\/infonews.az\/?p=32327","title":{"rendered":"Az\u0259rbaycanda Ramazan ay\u0131 n\u0259 vaxtdan ba\u015flay\u0131r? &#8211; T\u018fQV\u0130M"},"content":{"rendered":"<p><span style=\"color: #ffffff\">Az\u0259rbaycanda Ramazan ay\u0131 n\u0259 vaxtdan ba\u015flay\u0131r? &#8211; T\u018fQV\u0130M<\/span><\/p>\n<blockquote><p>Az\u0259rbaycanda m\u00fcq\u0259dd\u0259s Ramazan ay\u0131n\u0131n daxil olaca\u011f\u0131 g\u00fcn m\u0259lum olub.<\/p><\/blockquote>\n<p>&#8220;<a href=\"https:\/\/infonews.az\">\u0130NFONEWS<\/a>&#8221; x\u0259b\u0259r verir ki, bu bar\u0259d\u0259 Qafqaz M\u00fcs\u0259lmanlar \u0130dar\u0259si m\u0259lumat yay\u0131b.<\/p>\n<p>Bildirilib ki, Ramazan ay\u0131n\u0131n hilal\u0131 Az\u0259rbaycan \u00fcf\u00fcq\u00fcnd\u0259 mart ay\u0131n\u0131n 22-d\u0259 g\u00f6r\u00fcn\u0259c\u0259k. Ramazan\u0131n ilk g\u00fcn\u00fc is\u0259 mart ay\u0131n\u0131 23-d\u0259 olacaq.<\/p>\n<p>Aprelin 21 v\u0259 22-si Ramazan bayram\u0131d\u0131r.<\/p>\n<p>Qeyd ed\u0259k ki, \u018fm\u0259k M\u0259c\u0259ll\u0259sinin 105-ci madd\u0259sinin 2-ci hiss\u0259sin\u0259 \u0259sas\u0259n, Ramazan bayram\u0131 g\u00fcnl\u0259ri i\u015f g\u00fcn\u00fc hesab edilmir.<\/p>\n<p><img loading=\"lazy\" decoding=\"async\" class=\"alignnone size-medium wp-image-32328\" src=\"https:\/\/infonews.az\/wp-content\/uploads\/2023\/02\/1677137009_3-212x300.jpg\" alt=\"\" width=\"212\" height=\"300\" srcset=\"https:\/\/infonews.az\/wp-content\/uploads\/2023\/02\/1677137009_3-212x300.jpg 212w, https:\/\/infonews.az\/wp-content\/uploads\/2023\/02\/1677137009_3.jpg 417w\" sizes=\"(max-width: 212px) 100vw, 212px\" \/><\/p>\n<p><img loading=\"lazy\" decoding=\"async\" class=\"alignnone size-medium wp-image-32329\" src=\"https:\/\/infonews.az\/wp-content\/uploads\/2023\/02\/1677136953_4-212x300.jpg\" alt=\"\" width=\"212\" height=\"300\" srcset=\"https:\/\/infonews.az\/wp-content\/uploads\/2023\/02\/1677136953_4-212x300.jpg 212w, https:\/\/infonews.az\/wp-content\/uploads\/2023\/02\/1677136953_4.jpg 417w\" sizes=\"(max-width: 212px) 100vw, 212px\" \/><\/p>\n","protected":false},"excerpt":{"rendered":"<p>Az\u0259rbaycanda Ramazan ay\u0131 n\u0259 vaxtdan ba\u015flay\u0131r? &#8211; T\u018fQV\u0130M Az\u0259rbaycanda m\u00fcq\u0259dd\u0259s Ramazan ay\u0131n\u0131n daxil olaca\u011f\u0131 g\u00fcn m\u0259lum olub. &#8220;\u0130NFONEWS&#8221; x\u0259b\u0259r verir ki, bu bar\u0259d\u0259 Qafqaz M\u00fcs\u0259lmanlar \u0130dar\u0259si m\u0259lumat yay\u0131b. Bildirilib ki,&hellip; <\/p>\n","protected":false},"author":16,"featured_media":8664,"comment_status":"open","ping_status":"open","sticky":false,"template":"","format":"standard","meta":{"_mi_skip_tracking":false,"_monsterinsights_sitenote_active":false,"_monsterinsights_sitenote_note":"","_monsterinsights_sitenote_category":0,"footnotes":""},"categories":[9633,4632,11],"tags":[1492,4095,3953],"aioseo_notices":[],"_links":{"self":[{"href":"https:\/\/infonews.az\/index.php?rest_route=\/wp\/v2\/posts\/32327"}],"collection":[{"href":"https:\/\/infonews.az\/index.php?rest_route=\/wp\/v2\/posts"}],"about":[{"href":"https:\/\/infonews.az\/index.php?rest_route=\/wp\/v2\/types\/post"}],"author":[{"embeddable":true,"href":"https:\/\/infonews.az\/index.php?rest_route=\/wp\/v2\/users\/16"}],"replies":[{"embeddable":true,"href":"https:\/\/infonews.az\/index.php?rest_route=%2Fwp%2Fv2%2Fcomments&post=32327"}],"version-history":[{"count":2,"href":"https:\/\/infonews.az\/index.php?rest_route=\/wp\/v2\/posts\/32327\/revisions"}],"predecessor-version":[{"id":32331,"href":"https:\/\/infonews.az\/index.php?rest_route=\/wp\/v2\/posts\/32327\/revisions\/32331"}],"wp:featuredmedia":[{"embeddable":true,"href":"https:\/\/infonews.az\/index.php?rest_route=\/wp\/v2\/media\/8664"}],"wp:attachment":[{"href":"https:\/\/infonews.az\/index.php?rest_route=%2Fwp%2Fv2%2Fmedia&parent=32327"}],"wp:term":[{"taxonomy":"category","embeddable":true,"href":"https:\/\/infonews.az\/index.php?rest_route=%2Fwp%2Fv2%2Fcategories&post=32327"},{"taxonomy":"post_tag","embeddable":true,"href":"https:\/\/infonews.az\/index.php?rest_route=%2Fwp%2Fv2%2Ftags&post=32327"}],"curies":[{"name":"wp","href":"https:\/\/api.w.org\/{rel}","templated":true}]}}