{"id":32370,"date":"2023-02-24T09:51:53","date_gmt":"2023-02-24T05:51:53","guid":{"rendered":"https:\/\/infonews.az\/?p=32370"},"modified":"2023-02-24T15:57:10","modified_gmt":"2023-02-24T11:57:10","slug":"mdu-da-xocali-soyqirimina-h%c9%99sr-olunan-muhazir%c9%99-kecirilib","status":"publish","type":"post","link":"https:\/\/infonews.az\/?p=32370","title":{"rendered":"MDU-da Xocal\u0131 soyq\u0131r\u0131m\u0131na h\u0259sr olunan m\u00fchazir\u0259 ke\u00e7irilib"},"content":{"rendered":"<p class=\"content-title\"><span style=\"color: #ffffff;\">MDU-da Xocal\u0131 soyq\u0131r\u0131m\u0131na h\u0259sr olunan m\u00fchazir\u0259 ke\u00e7irilib<\/span><\/p>\n<blockquote><p>Fevral\u0131n 23-d\u0259 Ming\u0259\u00e7evir D\u00f6vl\u0259t Universitetind\u0259 (MDU) bu ali t\u0259hsil oca\u011f\u0131n\u0131n Humanitar f\u0259nl\u0259r kafedras\u0131n\u0131n t\u0259\u015fkilat\u00e7\u0131l\u0131\u011f\u0131 il\u0259 Xocal\u0131 soyq\u0131r\u0131m\u0131n\u0131n 31-ci ild\u00f6n\u00fcm\u00fcn\u0259 h\u0259sr olunmu\u015f \u201cAz\u0259rbaycan xalq\u0131n\u0131n yadda\u015f\u0131na yaz\u0131lm\u0131\u015f qanl\u0131 s\u0259hif\u0259: Xocal\u0131 faci\u0259si\u201d adl\u0131 m\u00fchazir\u0259 ke\u00e7irilib.<\/p><\/blockquote>\n<p><a href=\"https:\/\/infonews.az\/\"><span style=\"color: #333399;\"><strong>&#8220;\u0130NFONEWS&#8221;<\/strong> <\/span><\/a>&#8211; a universitetd\u0259 veril\u0259n m\u0259lumata g\u00f6r\u0259, m\u00fchazir\u0259d\u0259 MDU-nun bir qrup akademik v\u0259 inzibati hey\u0259t \u00fczv\u00fc, t\u0259l\u0259b\u0259 v\u0259 magistrantlar\u0131 i\u015ftirak edibl\u0259r.<\/p>\n<p>Humanitar f\u0259nl\u0259r kafedras\u0131n\u0131n m\u00fcdiri, dosent Esmira C\u0259f\u0259rova giri\u015f s\u00f6z\u00fc il\u0259 \u00e7\u0131x\u0131\u015f ed\u0259r\u0259k xalq\u0131m\u0131z\u0131n qan yadda\u015f\u0131na \u0259b\u0259di h\u0259kk olan Xocal\u0131 faci\u0259sinin XX \u0259srin \u0259n d\u0259h\u015f\u0259tli soyq\u0131r\u0131m cinay\u0259tl\u0259rind\u0259n oldu\u011funu bildirib v\u0259 faci\u0259 qurbanlar\u0131na Allahdan r\u0259hm\u0259t dil\u0259yib. 31 il \u0259vv\u0259l xalq\u0131m\u0131za qar\u015f\u0131 t\u00f6r\u0259dilmi\u015f amans\u0131z q\u0259tliam\u0131n he\u00e7 zaman unudulmayaca\u011f\u0131n\u0131 qeyd ed\u0259n E.C\u0259f\u0259rova Xocal\u0131 h\u0259qiq\u0259tl\u0259rinin g\u0259nc n\u0259sil\u0259 \u00e7atd\u0131r\u0131lmas\u0131n\u0131n vacibliyind\u0259n dan\u0131\u015f\u0131b v\u0259 bu bax\u0131mdan m\u00fchazir\u0259nin \u00f6n\u0259mini vur\u011fulay\u0131b.<\/p>\n<p>Sonra Humanitar f\u0259nl\u0259r kafedras\u0131n\u0131n m\u00fc\u0259llimi Tahir\u0259 Quliyevan\u0131n m\u00fchazir\u0259si dinl\u0259nilib.<\/p>\n<p>M\u00fchazir\u0259d\u0259 faci\u0259nin ba\u015f verm\u0259 s\u0259b\u0259bl\u0259ri, amans\u0131z q\u0259tliam\u0131n miqyas\u0131 v\u0259 d\u0259h\u015f\u0259tl\u0259ri bar\u0259d\u0259 \u0259trafl\u0131 m\u0259lumat verilib, Xocal\u0131 soyq\u0131r\u0131m\u0131n\u0131n d\u00fcnya miqyas\u0131nda tan\u0131d\u0131lmas\u0131 istiqam\u0259tind\u0259 h\u0259yata ke\u00e7iril\u0259n d\u00f6vl\u0259t t\u0259dbirl\u0259rind\u0259n v\u0259 Heyd\u0259r \u018fliyev Fondunun t\u0259\u015fkilat\u00e7\u0131l\u0131\u011f\u0131 il\u0259 g\u00f6r\u00fcl\u0259n i\u015fl\u0259rd\u0259n dan\u0131\u015f\u0131l\u0131b. Bildirilib ki, ill\u0259rl\u0259 bu soyq\u0131r\u0131m cinay\u0259ti \u0259sl beyn\u0259lxalq h\u00fcquqi-siyasi qiym\u0259tini almasa da, M\u00fcz\u0259ff\u0259r Ali Ba\u015f Komandan\u0131m\u0131z\u0131n q\u0259tiyy\u0259tli siyas\u0259ti v\u0259 r\u0259\u015fad\u0259tli Az\u0259rbaycan Silahl\u0131 Q\u00fcvv\u0259l\u0259rinin \u0259sg\u0259r v\u0259 zabitl\u0259rinin q\u0259hr\u0259manl\u0131\u011f\u0131 say\u0259sind\u0259 44 g\u00fcnl\u00fck V\u0259t\u0259n m\u00fcharib\u0259sind\u0259 qazan\u0131lan \u015fanl\u0131 Z\u0259f\u0259rl\u0259 tarixi \u0259dal\u0259t b\u0259rpa edilib v\u0259 \u015f\u0259hidl\u0259rimizin qan\u0131 yerd\u0259 qalmay\u0131b.<\/p>\n<p>M\u00f6vzu \u0259traf\u0131nda apar\u0131lan m\u00fczakir\u0259l\u0259rd\u0259n sonra t\u0259l\u0259b\u0259 v\u0259 magistrantlar\u0131n suallar\u0131 cavabland\u0131r\u0131l\u0131b.<\/p>\n<p>Qeyd ed\u0259k ki, MDU-da Xocal\u0131 soyq\u0131r\u0131m\u0131n\u0131n 31-ci ild\u00f6n\u00fcm\u00fc il\u0259 \u0259laq\u0259dar olaraq m\u00fcxt\u0259lif t\u0259dbirl\u0259rin ke\u00e7irilm\u0259si n\u0259z\u0259rd\u0259 tutulub.<\/p>\n<p><img loading=\"lazy\" decoding=\"async\" class=\"aligncenter size-full wp-image-32372\" src=\"https:\/\/infonews.az\/wp-content\/uploads\/2023\/02\/1677195939366551657_1000x669.jpg\" alt=\"\" width=\"1000\" height=\"666\" srcset=\"https:\/\/infonews.az\/wp-content\/uploads\/2023\/02\/1677195939366551657_1000x669.jpg 1000w, https:\/\/infonews.az\/wp-content\/uploads\/2023\/02\/1677195939366551657_1000x669-300x200.jpg 300w, https:\/\/infonews.az\/wp-content\/uploads\/2023\/02\/1677195939366551657_1000x669-768x511.jpg 768w\" sizes=\"(max-width: 1000px) 100vw, 1000px\" \/><\/p>\n<p>&nbsp;<\/p>\n","protected":false},"excerpt":{"rendered":"<p>MDU-da Xocal\u0131 soyq\u0131r\u0131m\u0131na h\u0259sr olunan m\u00fchazir\u0259 ke\u00e7irilib Fevral\u0131n 23-d\u0259 Ming\u0259\u00e7evir D\u00f6vl\u0259t Universitetind\u0259 (MDU) bu ali t\u0259hsil oca\u011f\u0131n\u0131n Humanitar f\u0259nl\u0259r kafedras\u0131n\u0131n t\u0259\u015fkilat\u00e7\u0131l\u0131\u011f\u0131 il\u0259 Xocal\u0131 soyq\u0131r\u0131m\u0131n\u0131n 31-ci ild\u00f6n\u00fcm\u00fcn\u0259 h\u0259sr olunmu\u015f \u201cAz\u0259rbaycan xalq\u0131n\u0131n&hellip; <\/p>\n","protected":false},"author":14,"featured_media":32371,"comment_status":"open","ping_status":"open","sticky":false,"template":"","format":"standard","meta":{"_mi_skip_tracking":false,"_monsterinsights_sitenote_active":false,"_monsterinsights_sitenote_note":"","_monsterinsights_sitenote_category":0,"footnotes":""},"categories":[11,3],"tags":[15,120,73,1421],"aioseo_notices":[],"_links":{"self":[{"href":"https:\/\/infonews.az\/index.php?rest_route=\/wp\/v2\/posts\/32370"}],"collection":[{"href":"https:\/\/infonews.az\/index.php?rest_route=\/wp\/v2\/posts"}],"about":[{"href":"https:\/\/infonews.az\/index.php?rest_route=\/wp\/v2\/types\/post"}],"author":[{"embeddable":true,"href":"https:\/\/infonews.az\/index.php?rest_route=\/wp\/v2\/users\/14"}],"replies":[{"embeddable":true,"href":"https:\/\/infonews.az\/index.php?rest_route=%2Fwp%2Fv2%2Fcomments&post=32370"}],"version-history":[{"count":1,"href":"https:\/\/infonews.az\/index.php?rest_route=\/wp\/v2\/posts\/32370\/revisions"}],"predecessor-version":[{"id":32373,"href":"https:\/\/infonews.az\/index.php?rest_route=\/wp\/v2\/posts\/32370\/revisions\/32373"}],"wp:featuredmedia":[{"embeddable":true,"href":"https:\/\/infonews.az\/index.php?rest_route=\/wp\/v2\/media\/32371"}],"wp:attachment":[{"href":"https:\/\/infonews.az\/index.php?rest_route=%2Fwp%2Fv2%2Fmedia&parent=32370"}],"wp:term":[{"taxonomy":"category","embeddable":true,"href":"https:\/\/infonews.az\/index.php?rest_route=%2Fwp%2Fv2%2Fcategories&post=32370"},{"taxonomy":"post_tag","embeddable":true,"href":"https:\/\/infonews.az\/index.php?rest_route=%2Fwp%2Fv2%2Ftags&post=32370"}],"curies":[{"name":"wp","href":"https:\/\/api.w.org\/{rel}","templated":true}]}}