{"id":32424,"date":"2023-02-25T17:40:15","date_gmt":"2023-02-25T13:40:15","guid":{"rendered":"https:\/\/infonews.az\/?p=32424"},"modified":"2023-02-26T00:27:03","modified_gmt":"2023-02-25T20:27:03","slug":"%c9%99d%c9%99biyyatdan-nam%c9%99l%c9%99r-h%c9%99l%c9%99-d%c9%99-dunya-susur-nam%c9%99-16","status":"publish","type":"post","link":"https:\/\/infonews.az\/?p=32424","title":{"rendered":"&#8220;\u018fd\u0259biyyatdan nam\u0259l\u0259r&#8221;: &#8230;H\u018fL\u018f D\u018f D\u00dcNYA &#8220;SUSUR&#8221; &#8211; Nam\u0259 16"},"content":{"rendered":"<p><span style=\"color: #ffffff;\">&#8220;\u018fd\u0259biyyatdan nam\u0259l\u0259r&#8221;: &#8230;H\u018fL\u018f D\u018f D\u00dcNYA &#8220;SUSUR&#8221; &#8211; Nam\u0259 16<\/span><\/p>\n<p><span style=\"color: #000080;\"><a style=\"color: #000080;\" href=\"https:\/\/infonews.az\/\"><strong>&#8220;\u0130NFONEWS&#8221;<\/strong><\/a><\/span><span style=\"color: #000000;\">\u2013 un <strong>\u201c<\/strong><strong>\u018fd\u0259biyyatdan nam\u0259l\u0259r<\/strong><strong>\u201d\u00a0<\/strong>layih\u0259sind\u0259\u00a0<strong>On alt\u0131nc\u0131 nam\u0259<\/strong><\/span><\/p>\n<blockquote><p><span style=\"color: #000000;\"><strong>Az\u0259rbaycan D\u00f6vl\u0259t \u0130qtisad Universitetinin (UNEC) \u201cAz\u0259rbaycan dili\u201d kafedras\u0131n\u0131n dosenti, filologiya<\/strong><strong>\u00a0\u00fczr\u0259 f\u0259ls\u0259f\u0259 doktoru,<\/strong><strong>\u00a0\u201cAz\u0259rbaycan Respublikas\u0131n\u0131n qabaqc\u0131l t\u0259hsil i\u015f\u00e7isi\u201d, \u201cHeyd\u0259r zirv\u0259si\u201d medal\u0131 v\u0259 \u201cXar\u0131b\u00fclb\u00fcl\u201d m\u00fckafatlar\u0131 laureat\u0131,\u00a0<\/strong><strong>beyn\u0259lxalq\u00a0<\/strong><strong>dil<\/strong><strong>\u00e7i-t<\/strong><strong>urkoloq\u00a0<\/strong><strong>ekspert\u00a0<\/strong><strong>Aynur Familq\u0131z\u0131<\/strong><strong>\u00a0Pa\u015fayeva t\u0259qdim edir<\/strong><strong>:<\/strong><\/span><\/p><\/blockquote>\n<p><img loading=\"lazy\" decoding=\"async\" class=\"wp-image-28321 size-medium alignright\" src=\"https:\/\/infonews.az\/wp-content\/uploads\/2023\/01\/Aynur-Familqizi-225x300.jpg\" alt=\"\" width=\"225\" height=\"300\" srcset=\"https:\/\/infonews.az\/wp-content\/uploads\/2023\/01\/Aynur-Familqizi-225x300.jpg 225w, https:\/\/infonews.az\/wp-content\/uploads\/2023\/01\/Aynur-Familqizi.jpg 768w\" sizes=\"(max-width: 225px) 100vw, 225px\" \/><\/p>\n<p><span style=\"color: #000000;\"><strong>On alt\u0131nc\u0131 nam\u0259:\u00a0<\/strong><\/span><\/p>\n<p style=\"text-align: center;\"><span style=\"color: #000000;\"><strong>XOCALIYA \u018fDAL\u018fT! AMMA H\u018fL\u018f D\u018f D\u00dcNYA &#8220;SUSUR&#8221;<\/strong><\/span><\/p>\n<p><span style=\"color: #000000;\">O gec\u0259 insanl\u0131q \u00f6ld\u00fc\u2026qoca, u\u015faq, qad\u0131n, q\u0131z-g\u0259lin dem\u0259d\u0259n \u00f6ld\u00fcr\u00fcl\u0259n, s\u00fcng\u00fcy\u0259 ke\u00e7iril\u0259n, diri-diri tonqalda yand\u0131r\u0131lan, ba\u015flar\u0131 k\u0259sil\u0259n, s\u00fcr\u00fckl\u0259n\u0259n, l\u0259yaq\u0259tl\u0259ri al\u00e7ald\u0131lan, h\u0259qar\u0259tl\u0259r\u0259 d\u00f6z\u0259n \u0259liyal\u0131n xalq\u0131n g\u00fcnah\u0131 n\u0259 idi?!!!<\/span><\/p>\n<p><span style=\"color: #000000;\">B\u0259li, s\u00f6hb\u0259t h\u0259min o gec\u0259d\u0259n &#8211; 1992-ci il fevral\u0131n 25-d\u0259n 26-s\u0131na ke\u00e7\u0259n gec\u0259\u2026 erm\u0259ni-rus d\u0259st\u0259l\u0259rinin xainc\u0259sin\u0259 Xocal\u0131ya h\u00fccum etdiyi o d\u0259h\u015f\u0259tli, qanl\u0131 gec\u0259d\u0259n gedir&#8230;<\/span><\/p>\n<p><span style=\"color: #000000;\">\u0130nsanl\u0131q ad\u0131na utanc g\u0259tir\u0259n, ba\u015fqas\u0131n\u0131n torpa\u011f\u0131na, namusuna g\u00f6z dik\u0259n iyr\u0259nc erm\u0259ni-rus vandallar\u0131 h\u0259min gec\u0259 Az\u0259rbaycan t\u00fcrk\u00fcn\u00fcn\u00fcn n\u0259slini k\u0259sm\u0259k h\u0259risliyi il\u0259 \u00f6zl\u0259rin\u0259 xas b\u00fct\u00fcn pislikl\u0259rini Xocal\u0131da ortaya qoydular.<\/span><br \/>\n<span style=\"color: #000000;\">Xocal\u0131 faci\u0259si yax\u0131n tariximizd\u0259 t\u00f6r\u0259dilib. H\u0259l\u0259 d\u0259 qanl\u0131 izl\u0259ri bu g\u00fcn azad olunmu\u015f torpaqlar\u0131m\u0131zda h\u0259r add\u0131mba\u015f\u0131 tap\u0131lan k\u00fctl\u0259vi m\u0259zarlarda a\u015fkar edilir. H\u0259min gec\u0259, sonrak\u0131 i\u015f\u011fal zaman\u0131 erm\u0259ni vandallar\u0131n\u0131n \u0259sir d\u00fc\u015f\u0259n mill\u0259timizin ba\u015f\u0131na a\u00e7d\u0131qlar\u0131 olmaz\u0131n z\u00fclm\u00fcn\u0259 m\u0259hz o torpaqlar \u015fahiddir\u2026<\/span><\/p>\n<p><span style=\"color: #000000;\">B\u00fct\u00fcn b\u0259\u015f\u0259riyy\u0259t \u00fc\u00e7\u00fcn bu g\u00fcn d\u0259 t\u0259hl\u00fck\u0259 m\u0259nb\u0259yi olan erm\u0259ni fa\u015fizminin q\u0259ddarl\u0131qla az\u0259rbaycanl\u0131lara qar\u015f\u0131 t\u00f6r\u0259tdiyi Xocal\u0131 soyq\u0131r\u0131m\u0131n\u0131n d\u00fcnyaya tan\u0131tmaq \u00fc\u00e7\u00fcn h\u0259r bir sah\u0259d\u0259 ciddi i\u015fl\u0259r g\u00f6r\u00fcl\u00fcr. Bu bax\u0131mdan Xocal\u0131 faci\u0259sinin b\u0259dii \u0259d\u0259biyyatda \u0259ks etdirilm\u0259si istiqam\u0259tind\u0259 \u0259dibl\u0259rimiz t\u0259r\u0259find\u0259n u\u011furlu \u0259s\u0259rl\u0259rin yaranm\u0131\u015f v\u0259 bu \u0259s\u0259rl\u0259r ciddi milli-m\u0259n\u0259vi v\u0259zif\u0259 da\u015f\u0131maqla yana\u015f\u0131, m\u00f6vcud v\u0259ziyy\u0259tin z\u0259ruri m\u0259n\u0259vi ehtiyac\u0131ndan qaynaqlan\u0131rd\u0131. \u00c7\u00fcnki bu m\u00f6vzuda \u0259rs\u0259y\u0259 g\u0259l\u0259n \u0259s\u0259rl\u0259r \u0259d\u0259biyyat\u0131m\u0131zda h\u0259m milli-m\u0259n\u0259vi d\u0259y\u0259r, h\u0259m d\u0259 tarixi yadda\u015f idi.<\/span><\/p>\n<p><span style=\"color: #000000;\">N\u0259riman H\u0259s\u0259nzad\u0259nin \u201cBeyn\u0259lxalq m\u0259hk\u0259m\u0259y\u0259, b\u00fct\u00fcn mill\u0259tl\u0259r\u0259\u201d, Fikr\u0259t Q\u043ec\u0430n\u0131n \u201cH\u0259r gec\u0259 \u0425\u043ec\u0430l\u0131d\u0430\u201d, Z\u0259limxan Yaqubun \u201cO q\u0131z\u0131n g\u00f6z ya\u015flar\u0131\u201d, \u0130ltifat Salehin \u201c\u015e\u0259hid Xocal\u0131\u201d, \u015eahmar \u018fkb\u0259rzad\u0259nin \u201c\u00d6l\u00fc torpaqlara m\u0259zar qaz\u0131lm\u0131r\u201d, S\u00f6hrab Tahirin \u201cXocal\u0131 q\u0131r\u011f\u0131n\u0131\u201d, \u201cD\u00f6rd ya\u015f\u0131nda g\u0259lin\u201d, \u201c\u00d6ld\u00fcr m\u0259ni\u201d, Q\u0259\u015f\u0259m N\u0259c\u0259fzad\u0259nin \u201c\u0425\u043ec\u0430l\u0131 m\u00f6vs\u00fcm\u00fc- fevr\u0430l\u201d, Nur\u0259ngiz G\u00fcn\u00fcn \u201c\u0425\u043ec\u0430l\u0131 simf\u043eniy\u0430s\u0131\u201d, Elxan Elatl\u0131n\u0131n \u201cC\u0259h\u0259nn\u0259md\u0259n g\u0259l\u0259n s\u0259s\u201d roman\u0131, \u0130taliyal\u0131 \u015fair-b\u0259st\u0259kar Davide Qualtierinin \u201cXocal\u0131\u201d\u015feiri v\u0259 ba\u015fqa \u00e7oxsayl\u0131 ki\u00e7ik v\u0259 irih\u0259cmli \u0259s\u0259rl\u0259rd\u0259 Xocal\u0131 faci\u0259si b\u00fct\u00fcn d\u0259rd v\u0259 k\u0259d\u0259r a\u011f\u0131rl\u0131\u011f\u0131 il\u0259 t\u0259qdim v\u0259 t\u0259hlil olunur.<\/span><\/p>\n<p><span style=\"color: #000000;\">Xalq \u015fairi Z\u0259limxan Yaqubun \u201cO q\u0131z\u0131n g\u00f6z ya\u015flar\u0131\u201d poemas\u0131n\u0131n \u0259sas\u0131nda Xocal\u0131dan g\u0259l\u0259n q\u0131z\u0131n q\u0259mli, faci\u0259li hekay\u0259ti dayan\u0131r. Poemada bir q\u0131z\u0131n d\u0259rdi timsal\u0131nda h\u0259lli d\u00fcy\u00fcn\u0259 \u00e7evrilmi\u015f Qaraba\u011f d\u0259rdind\u0259n, torpaq itkisind\u0259n, xalq\u0131n bu a\u011f\u0131r d\u0259rdi nec\u0259 ya\u015famas\u0131ndan, sabaha inam\u0131ndan da s\u00f6z a\u00e7\u0131l\u0131r.<\/span><\/p>\n<p><span style=\"color: #000000;\">O g\u00fcn qan \u00fcst\u00fcnd\u0259 a\u00e7\u0131ld\u0131 s\u0259h\u0259r,<br \/>\n<\/span><span style=\"color: #000000;\">O g\u00fcn Xocal\u0131da yer q\u0131rm\u0131z\u0131yd\u0131.<br \/>\n<\/span><span style=\"color: #000000;\">Q\u0131rm\u0131z\u0131-q\u0131rm\u0131z\u0131 \u00fcz\u00fcm\u0259 durdu,<br \/>\n<\/span><span style=\"color: #000000;\">\u0130blis g\u00f6rk\u0259mind\u0259 \u015f\u0259r q\u0131rm\u0131z\u0131yd\u0131 \u2013<br \/>\n<\/span><span style=\"color: #000000;\">Dey\u0259n \u015fair:<br \/>\n<\/span><span style=\"color: #000000;\">Ya\u011f\u0131lar\u0131n t\u0259p\u0259sin\u0259<br \/>\n<\/span><span style=\"color: #000000;\">m\u0259rmi kimi ya\u011fmal\u0131y\u0131q.<br \/>\n<\/span><span style=\"color: #000000;\">Bu g\u00fcn bizd\u0259 olan nifr\u0259t<br \/>\n<\/span><span style=\"color: #000000;\">\u0259n g\u00fccl\u00fc silahd\u0131, q\u0131z\u0131m.<br \/>\n<\/span><span style=\"color: #000000;\">H\u0259r al\u00e7a\u011f\u0131n qar\u015f\u0131s\u0131nda<br \/>\n<\/span><span style=\"color: #000000;\">dizl\u0259rini b\u00fckm\u0259z V\u0259t\u0259n.<br \/>\n<\/span><span style=\"color: #000000;\">Yer da\u011f\u0131lar, g\u00f6y al\u00e7alar,<br \/>\n<\/span><span style=\"color: #000000;\">he\u00e7 vaxt yer\u0259 \u00e7\u00f6km\u0259z V\u0259t\u0259n \u2013<br \/>\n<\/span><span style=\"color: #000000;\">dey\u0259 \u00fcmid, inam v\u0259 intiqam\u0131n\u0131 ifad\u0259 edir.<\/span><\/p>\n<p><span style=\"color: #000000;\">\u015eairin \u201cLayla, Xocal\u0131m, layla\u201d \u015feiri d\u0259 Xocal\u0131ya h\u0259sr olunmu\u015f \u0259n t\u0259sirli \u0259s\u0259rl\u0259r silsil\u0259sind\u0259ndir.<\/span><br \/>\n<span style=\"color: #000000;\">Bu torpa\u011f\u0131n can\u0131san,<\/span><br \/>\n<span style=\"color: #000000;\">Sel\u0259 d\u00f6nm\u00fc\u015f qan\u0131san.<\/span><br \/>\n<span style=\"color: #000000;\">S\u0259n kimin qurban\u0131san?<\/span><br \/>\n<span style=\"color: #000000;\">Layla, Xocal\u0131m, layla.<\/span><br \/>\n<span style=\"color: #000000;\">Xocasan, xocan han\u0131?<\/span><br \/>\n<span style=\"color: #000000;\">Cavansan, qocan han\u0131?<\/span><br \/>\n<span style=\"color: #000000;\">T\u00fcst\u00fcl\u00fc bacan han\u0131?<\/span><br \/>\n<span style=\"color: #000000;\">Layla, Xocal\u0131m, layla.<\/span><\/p>\n<p><span style=\"color: #000000;\">Bu g\u00fcn Xocal\u0131 faci\u0259si bar\u0259d\u0259 azac\u0131q da olsa m\u0259lumat\u0131 olanlar 31 il ke\u00e7\u0259n o d\u0259h\u015f\u0259tli cinay\u0259ti t\u00f6r\u0259d\u0259nl\u0259r\u0259 \u0259n a\u011f\u0131r, \u0259n iyr\u0259nc ad\u0131n tap\u0131l\u0131b deyilm\u0259sind\u0259 bel\u0259 acizlik \u00e7\u0259kir. Xocal\u0131 da\u011f\u0131 bizd\u0259n \u00e7ox \u015fey ald\u0131\u2026 Amma h\u0259l\u0259 d\u0259 d\u00fcnya \u201csusur\u201d. \u201cXocal\u0131ya \u0259dal\u0259t!\u201d demokratik, insan haqlar\u0131n\u0131 m\u00fcdafi\u0259 ed\u0259n, m\u00fcasir bir d\u00fcnyada \u201csusqunluqla\u201d qar\u015f\u0131lan\u0131rsa, dem\u0259li d\u00fcnya he\u00e7 d\u0259 bizim \u201dd\u00fcnya\u201d deyilmi\u015f\u2026<\/span><br \/>\n<span style=\"color: #000000;\">\u0130nan\u0131r\u0131q ki, tezlikl\u0259 igid, q\u0259hr\u0259man o\u011fullar\u0131m\u0131z t\u0259r\u0259find\u0259n Xocal\u0131m\u0131z m\u0259nfur d\u00fc\u015fm\u0259nl\u0259rd\u0259n azad olunacaq v\u0259 o zaman Xocal\u0131 qurbanlar\u0131n\u0131n ruhu \u015fad olar, bizim is\u0259 \u201cruhumuz dir\u00e7\u0259l\u0259r\u201d, qanayan yaram\u0131z qaysaq ba\u011flayar\u2026<\/span><\/p>\n","protected":false},"excerpt":{"rendered":"<p>&#8220;\u018fd\u0259biyyatdan nam\u0259l\u0259r&#8221;: &#8230;H\u018fL\u018f D\u018f D\u00dcNYA &#8220;SUSUR&#8221; &#8211; Nam\u0259 16 &#8220;\u0130NFONEWS&#8221;\u2013 un \u201c\u018fd\u0259biyyatdan nam\u0259l\u0259r\u201d\u00a0layih\u0259sind\u0259\u00a0On alt\u0131nc\u0131 nam\u0259 Az\u0259rbaycan D\u00f6vl\u0259t \u0130qtisad Universitetinin (UNEC) \u201cAz\u0259rbaycan dili\u201d kafedras\u0131n\u0131n dosenti, filologiya\u00a0\u00fczr\u0259 f\u0259ls\u0259f\u0259 doktoru,\u00a0\u201cAz\u0259rbaycan Respublikas\u0131n\u0131n qabaqc\u0131l t\u0259hsil&hellip; <\/p>\n","protected":false},"author":14,"featured_media":32447,"comment_status":"open","ping_status":"open","sticky":false,"template":"","format":"standard","meta":{"_mi_skip_tracking":false,"_monsterinsights_sitenote_active":false,"_monsterinsights_sitenote_note":"","_monsterinsights_sitenote_category":0,"footnotes":""},"categories":[4,4263,11],"tags":[4877,9583,15,1276],"aioseo_notices":[],"_links":{"self":[{"href":"https:\/\/infonews.az\/index.php?rest_route=\/wp\/v2\/posts\/32424"}],"collection":[{"href":"https:\/\/infonews.az\/index.php?rest_route=\/wp\/v2\/posts"}],"about":[{"href":"https:\/\/infonews.az\/index.php?rest_route=\/wp\/v2\/types\/post"}],"author":[{"embeddable":true,"href":"https:\/\/infonews.az\/index.php?rest_route=\/wp\/v2\/users\/14"}],"replies":[{"embeddable":true,"href":"https:\/\/infonews.az\/index.php?rest_route=%2Fwp%2Fv2%2Fcomments&post=32424"}],"version-history":[{"count":3,"href":"https:\/\/infonews.az\/index.php?rest_route=\/wp\/v2\/posts\/32424\/revisions"}],"predecessor-version":[{"id":32449,"href":"https:\/\/infonews.az\/index.php?rest_route=\/wp\/v2\/posts\/32424\/revisions\/32449"}],"wp:featuredmedia":[{"embeddable":true,"href":"https:\/\/infonews.az\/index.php?rest_route=\/wp\/v2\/media\/32447"}],"wp:attachment":[{"href":"https:\/\/infonews.az\/index.php?rest_route=%2Fwp%2Fv2%2Fmedia&parent=32424"}],"wp:term":[{"taxonomy":"category","embeddable":true,"href":"https:\/\/infonews.az\/index.php?rest_route=%2Fwp%2Fv2%2Fcategories&post=32424"},{"taxonomy":"post_tag","embeddable":true,"href":"https:\/\/infonews.az\/index.php?rest_route=%2Fwp%2Fv2%2Ftags&post=32424"}],"curies":[{"name":"wp","href":"https:\/\/api.w.org\/{rel}","templated":true}]}}