{"id":32462,"date":"2023-02-26T08:10:47","date_gmt":"2023-02-26T04:10:47","guid":{"rendered":"https:\/\/infonews.az\/?p=32462"},"modified":"2023-02-26T12:47:22","modified_gmt":"2023-02-26T08:47:22","slug":"mehriban-%c9%99liyeva-xocali-soyqirimi-il%c9%99-bagli-paylasim-etdi","status":"publish","type":"post","link":"https:\/\/infonews.az\/?p=32462","title":{"rendered":"Mehriban \u018fliyeva Xocal\u0131 soyq\u0131r\u0131m\u0131 il\u0259 ba\u011fl\u0131 payla\u015f\u0131m etdi"},"content":{"rendered":"<p><span style=\"color: #ffffff;\">Mehriban \u018fliyeva Xocal\u0131 soyq\u0131r\u0131m\u0131 il\u0259 ba\u011fl\u0131\u00a0payla\u015f\u0131m etdi<\/span><\/p>\n<p><img loading=\"lazy\" decoding=\"async\" class=\"aligncenter size-full wp-image-32463\" src=\"https:\/\/infonews.az\/wp-content\/uploads\/2023\/02\/Xocali-1.jpg\" alt=\"\" width=\"448\" height=\"448\" srcset=\"https:\/\/infonews.az\/wp-content\/uploads\/2023\/02\/Xocali-1.jpg 448w, https:\/\/infonews.az\/wp-content\/uploads\/2023\/02\/Xocali-1-300x300.jpg 300w, https:\/\/infonews.az\/wp-content\/uploads\/2023\/02\/Xocali-1-150x150.jpg 150w\" sizes=\"(max-width: 448px) 100vw, 448px\" \/><\/p>\n<p><strong>Az\u0259rbaycan\u0131n Birinci vitse-prezidenti Mehriban \u018fliyeva sosial \u015f\u0259b\u0259k\u0259 hesab\u0131nda Xocal\u0131 soyq\u0131r\u0131m\u0131n\u0131n 31-ci ild\u00f6n\u00fcm\u00fc il\u0259 ba\u011fl\u0131 payla\u015f\u0131m edib.<\/strong><\/p>\n<p><a href=\"https:\/\/infonews.az\/\"><strong>&#8220;\u0130NFONEWS&#8221; <\/strong><\/a>x\u0259b\u0259r verir ki, payla\u015f\u0131mda deyilir:<\/p>\n<blockquote><p>\u201cXocal\u0131 soyq\u0131r\u0131m\u0131n\u0131n g\u00fcnahs\u0131z qurbanlar\u0131n\u0131n nurlu xatir\u0259sini ehtiramla yad edir\u0259m. Allah b\u00fct\u00fcn \u015f\u0259hidl\u0259rimiz\u0259 r\u0259hm\u0259t el\u0259sin\u201d.<\/p><\/blockquote>\n","protected":false},"excerpt":{"rendered":"<p>Mehriban \u018fliyeva Xocal\u0131 soyq\u0131r\u0131m\u0131 il\u0259 ba\u011fl\u0131\u00a0payla\u015f\u0131m etdi Az\u0259rbaycan\u0131n Birinci vitse-prezidenti Mehriban \u018fliyeva sosial \u015f\u0259b\u0259k\u0259 hesab\u0131nda Xocal\u0131 soyq\u0131r\u0131m\u0131n\u0131n 31-ci ild\u00f6n\u00fcm\u00fc il\u0259 ba\u011fl\u0131 payla\u015f\u0131m edib. &#8220;\u0130NFONEWS&#8221; x\u0259b\u0259r verir ki, payla\u015f\u0131mda deyilir: \u201cXocal\u0131&hellip; <\/p>\n","protected":false},"author":14,"featured_media":32464,"comment_status":"open","ping_status":"open","sticky":false,"template":"","format":"standard","meta":{"_mi_skip_tracking":false,"_monsterinsights_sitenote_active":false,"_monsterinsights_sitenote_note":"","_monsterinsights_sitenote_category":0,"footnotes":""},"categories":[5373,11,50],"tags":[962,15,1421],"aioseo_notices":[],"_links":{"self":[{"href":"https:\/\/infonews.az\/index.php?rest_route=\/wp\/v2\/posts\/32462"}],"collection":[{"href":"https:\/\/infonews.az\/index.php?rest_route=\/wp\/v2\/posts"}],"about":[{"href":"https:\/\/infonews.az\/index.php?rest_route=\/wp\/v2\/types\/post"}],"author":[{"embeddable":true,"href":"https:\/\/infonews.az\/index.php?rest_route=\/wp\/v2\/users\/14"}],"replies":[{"embeddable":true,"href":"https:\/\/infonews.az\/index.php?rest_route=%2Fwp%2Fv2%2Fcomments&post=32462"}],"version-history":[{"count":1,"href":"https:\/\/infonews.az\/index.php?rest_route=\/wp\/v2\/posts\/32462\/revisions"}],"predecessor-version":[{"id":32465,"href":"https:\/\/infonews.az\/index.php?rest_route=\/wp\/v2\/posts\/32462\/revisions\/32465"}],"wp:featuredmedia":[{"embeddable":true,"href":"https:\/\/infonews.az\/index.php?rest_route=\/wp\/v2\/media\/32464"}],"wp:attachment":[{"href":"https:\/\/infonews.az\/index.php?rest_route=%2Fwp%2Fv2%2Fmedia&parent=32462"}],"wp:term":[{"taxonomy":"category","embeddable":true,"href":"https:\/\/infonews.az\/index.php?rest_route=%2Fwp%2Fv2%2Fcategories&post=32462"},{"taxonomy":"post_tag","embeddable":true,"href":"https:\/\/infonews.az\/index.php?rest_route=%2Fwp%2Fv2%2Ftags&post=32462"}],"curies":[{"name":"wp","href":"https:\/\/api.w.org\/{rel}","templated":true}]}}