{"id":32471,"date":"2023-02-26T08:16:03","date_gmt":"2023-02-26T04:16:03","guid":{"rendered":"https:\/\/infonews.az\/?p=32471"},"modified":"2023-02-26T13:32:49","modified_gmt":"2023-02-26T09:32:49","slug":"inaniriq-ki-bir-gun-%c9%99dal%c9%99t-z%c9%99f%c9%99r-calacaq-ceyhun-bayramov","status":"publish","type":"post","link":"https:\/\/infonews.az\/?p=32471","title":{"rendered":"\u201c\u0130nan\u0131r\u0131q ki, bir g\u00fcn \u0259dal\u0259t z\u0259f\u0259r \u00e7alacaq\u201d -Ceyhun Bayramov"},"content":{"rendered":"<p><span style=\"color: #ffffff;\">\u201c\u0130nan\u0131r\u0131q ki, bir g\u00fcn \u0259dal\u0259t z\u0259f\u0259r \u00e7alacaq\u201d -Ceyhun Bayramov<\/span><\/p>\n<p><img loading=\"lazy\" decoding=\"async\" class=\"aligncenter size-full wp-image-32472\" src=\"https:\/\/infonews.az\/wp-content\/uploads\/2023\/02\/xocali-1-1.jpg\" alt=\"\" width=\"746\" height=\"1280\" srcset=\"https:\/\/infonews.az\/wp-content\/uploads\/2023\/02\/xocali-1-1.jpg 746w, https:\/\/infonews.az\/wp-content\/uploads\/2023\/02\/xocali-1-1-175x300.jpg 175w, https:\/\/infonews.az\/wp-content\/uploads\/2023\/02\/xocali-1-1-597x1024.jpg 597w\" sizes=\"(max-width: 746px) 100vw, 746px\" \/><\/p>\n<blockquote><p>\u201cErm\u0259nistan\u0131n k\u00fctl\u0259vi q\u0259tl, nifr\u0259t v\u0259 irqi ayr\u0131-se\u00e7kilik siyas\u0259tin\u0259 v\u0259 aksiyas\u0131na m\u0259ruz qalan Xocal\u0131 Soyq\u0131r\u0131m\u0131 qurbanlar\u0131n\u0131 d\u0259rin h\u00fcznl\u0259 yad edirik. \u0130nan\u0131r\u0131q ki, bir g\u00fcn \u0259dal\u0259t z\u0259f\u0259r \u00e7alacaq\u201d.<\/p><\/blockquote>\n<p><a href=\"https:\/\/infonews.az\/\"><span style=\"color: #333399;\"><strong>&#8220;\u0130NFONEWS&#8221;<\/strong><\/span><\/a> x\u0259b\u0259r verir ki, bu bar\u0259d\u0259 Az\u0259rbaycan\u0131n Xarici \u0130\u015fl\u0259r naziri Ceyhun Bayramovun Xocal\u0131 Soyq\u0131r\u0131m\u0131n\u0131n 31-ci ild\u00f6n\u00fcm\u00fc il\u0259 ba\u011fl\u0131 \u201cTwitter\u201d hesab\u0131nda payla\u015f\u0131m edib.<\/p>\n","protected":false},"excerpt":{"rendered":"<p>\u201c\u0130nan\u0131r\u0131q ki, bir g\u00fcn \u0259dal\u0259t z\u0259f\u0259r \u00e7alacaq\u201d -Ceyhun Bayramov \u201cErm\u0259nistan\u0131n k\u00fctl\u0259vi q\u0259tl, nifr\u0259t v\u0259 irqi ayr\u0131-se\u00e7kilik siyas\u0259tin\u0259 v\u0259 aksiyas\u0131na m\u0259ruz qalan Xocal\u0131 Soyq\u0131r\u0131m\u0131 qurbanlar\u0131n\u0131 d\u0259rin h\u00fcznl\u0259 yad edirik. \u0130nan\u0131r\u0131q ki,&hellip; <\/p>\n","protected":false},"author":14,"featured_media":32473,"comment_status":"open","ping_status":"open","sticky":false,"template":"","format":"standard","meta":{"_mi_skip_tracking":false,"_monsterinsights_sitenote_active":false,"_monsterinsights_sitenote_note":"","_monsterinsights_sitenote_category":0,"footnotes":""},"categories":[6,11,50],"tags":[1040,15,1421],"aioseo_notices":[],"_links":{"self":[{"href":"https:\/\/infonews.az\/index.php?rest_route=\/wp\/v2\/posts\/32471"}],"collection":[{"href":"https:\/\/infonews.az\/index.php?rest_route=\/wp\/v2\/posts"}],"about":[{"href":"https:\/\/infonews.az\/index.php?rest_route=\/wp\/v2\/types\/post"}],"author":[{"embeddable":true,"href":"https:\/\/infonews.az\/index.php?rest_route=\/wp\/v2\/users\/14"}],"replies":[{"embeddable":true,"href":"https:\/\/infonews.az\/index.php?rest_route=%2Fwp%2Fv2%2Fcomments&post=32471"}],"version-history":[{"count":1,"href":"https:\/\/infonews.az\/index.php?rest_route=\/wp\/v2\/posts\/32471\/revisions"}],"predecessor-version":[{"id":32474,"href":"https:\/\/infonews.az\/index.php?rest_route=\/wp\/v2\/posts\/32471\/revisions\/32474"}],"wp:featuredmedia":[{"embeddable":true,"href":"https:\/\/infonews.az\/index.php?rest_route=\/wp\/v2\/media\/32473"}],"wp:attachment":[{"href":"https:\/\/infonews.az\/index.php?rest_route=%2Fwp%2Fv2%2Fmedia&parent=32471"}],"wp:term":[{"taxonomy":"category","embeddable":true,"href":"https:\/\/infonews.az\/index.php?rest_route=%2Fwp%2Fv2%2Fcategories&post=32471"},{"taxonomy":"post_tag","embeddable":true,"href":"https:\/\/infonews.az\/index.php?rest_route=%2Fwp%2Fv2%2Ftags&post=32471"}],"curies":[{"name":"wp","href":"https:\/\/api.w.org\/{rel}","templated":true}]}}