{"id":32819,"date":"2023-03-13T13:36:40","date_gmt":"2023-03-13T09:36:40","guid":{"rendered":"https:\/\/infonews.az\/?p=32819"},"modified":"2023-03-13T13:36:40","modified_gmt":"2023-03-13T09:36:40","slug":"qarabag-erm%c9%99nil%c9%99ri-il%c9%99-gorus-bakida-keciril%c9%99-bil%c9%99r","status":"publish","type":"post","link":"https:\/\/infonews.az\/?p=32819","title":{"rendered":"Qaraba\u011f erm\u0259nil\u0259ri il\u0259 g\u00f6r\u00fc\u015f Bak\u0131da ke\u00e7iril\u0259 bil\u0259r"},"content":{"rendered":"<p><span style=\"color: #ffffff\">Qaraba\u011f erm\u0259nil\u0259ri il\u0259 g\u00f6r\u00fc\u015f Bak\u0131da ke\u00e7iril\u0259 bil\u0259r<\/span><\/p>\n<blockquote><p><strong>Az\u0259rbaycan Respublikas\u0131 Prezidentinin Administrasiyas\u0131 Qaraba\u011f\u0131n erm\u0259ni ictimaiyy\u0259tinin n\u00fcmay\u0259nd\u0259l\u0259rini reinteqrasiya il\u0259 ba\u011fl\u0131 t\u0259maslar\u0131n davam etdirilm\u0259si, habel\u0259 Qaraba\u011fda infrastruktur layih\u0259l\u0259rinin realla\u015fd\u0131r\u0131lmas\u0131 m\u0259s\u0259l\u0259l\u0259rinin m\u00fczakir\u0259si \u00fc\u00e7\u00fcn ikinci g\u00f6r\u00fc\u015f\u0259 d\u0259v\u0259t edir.<\/strong><\/p><\/blockquote>\n<p>Bu bar\u0259d\u0259 \u201c\u0130NFONEWS\u201da Az\u0259rbaycan Respublikas\u0131 Prezidentinin Administrasiyas\u0131ndan m\u0259lumat verilib.<\/p>\n<p>G\u00f6r\u00fc\u015f\u00fcn yax\u0131n g\u00fcnl\u0259rd\u0259 Bak\u0131 \u015f\u0259h\u0259rind\u0259 ke\u00e7irilm\u0259si t\u0259klif olunur.<\/p>\n","protected":false},"excerpt":{"rendered":"<p>Qaraba\u011f erm\u0259nil\u0259ri il\u0259 g\u00f6r\u00fc\u015f Bak\u0131da ke\u00e7iril\u0259 bil\u0259r Az\u0259rbaycan Respublikas\u0131 Prezidentinin Administrasiyas\u0131 Qaraba\u011f\u0131n erm\u0259ni ictimaiyy\u0259tinin n\u00fcmay\u0259nd\u0259l\u0259rini reinteqrasiya il\u0259 ba\u011fl\u0131 t\u0259maslar\u0131n davam etdirilm\u0259si, habel\u0259 Qaraba\u011fda infrastruktur layih\u0259l\u0259rinin realla\u015fd\u0131r\u0131lmas\u0131 m\u0259s\u0259l\u0259l\u0259rinin m\u00fczakir\u0259si \u00fc\u00e7\u00fcn ikinci&hellip; <\/p>\n","protected":false},"author":16,"featured_media":32820,"comment_status":"open","ping_status":"open","sticky":false,"template":"","format":"standard","meta":{"_mi_skip_tracking":false,"_monsterinsights_sitenote_active":false,"_monsterinsights_sitenote_note":"","_monsterinsights_sitenote_category":0,"footnotes":""},"categories":[6,11],"tags":[3698,298,858],"aioseo_notices":[],"_links":{"self":[{"href":"https:\/\/infonews.az\/index.php?rest_route=\/wp\/v2\/posts\/32819"}],"collection":[{"href":"https:\/\/infonews.az\/index.php?rest_route=\/wp\/v2\/posts"}],"about":[{"href":"https:\/\/infonews.az\/index.php?rest_route=\/wp\/v2\/types\/post"}],"author":[{"embeddable":true,"href":"https:\/\/infonews.az\/index.php?rest_route=\/wp\/v2\/users\/16"}],"replies":[{"embeddable":true,"href":"https:\/\/infonews.az\/index.php?rest_route=%2Fwp%2Fv2%2Fcomments&post=32819"}],"version-history":[{"count":2,"href":"https:\/\/infonews.az\/index.php?rest_route=\/wp\/v2\/posts\/32819\/revisions"}],"predecessor-version":[{"id":32822,"href":"https:\/\/infonews.az\/index.php?rest_route=\/wp\/v2\/posts\/32819\/revisions\/32822"}],"wp:featuredmedia":[{"embeddable":true,"href":"https:\/\/infonews.az\/index.php?rest_route=\/wp\/v2\/media\/32820"}],"wp:attachment":[{"href":"https:\/\/infonews.az\/index.php?rest_route=%2Fwp%2Fv2%2Fmedia&parent=32819"}],"wp:term":[{"taxonomy":"category","embeddable":true,"href":"https:\/\/infonews.az\/index.php?rest_route=%2Fwp%2Fv2%2Fcategories&post=32819"},{"taxonomy":"post_tag","embeddable":true,"href":"https:\/\/infonews.az\/index.php?rest_route=%2Fwp%2Fv2%2Ftags&post=32819"}],"curies":[{"name":"wp","href":"https:\/\/api.w.org\/{rel}","templated":true}]}}