{"id":331,"date":"2020-12-05T16:12:48","date_gmt":"2020-12-05T12:12:48","guid":{"rendered":"http:\/\/infonews.az\/?p=331"},"modified":"2020-12-05T17:07:31","modified_gmt":"2020-12-05T13:07:31","slug":"b%c9%99zi-s%c9%99h%c9%99r-v%c9%99-rayonlarda-s%c9%99rtl%c9%99sdirilmis-xususi-karantin-rejiminin-mudd%c9%99ti-uzadildi","status":"publish","type":"post","link":"https:\/\/infonews.az\/?p=331","title":{"rendered":"B\u0259zi \u015f\u0259h\u0259r v\u0259 rayonlarda s\u0259rtl\u0259\u015fdirilmi\u015f x\u00fcsusi karantin rejiminin m\u00fcdd\u0259ti uzad\u0131ld\u0131"},"content":{"rendered":"<p>Nazirl\u0259r Kabinetind\u0259n<b> &#8220;<a href=\"http:\/\/infonews.az\">\u0130nfonews<\/a>&#8220;<\/b>&#8211; ya daxil olan m\u0259lumata \u0259sas\u0259n \u00f6lk\u0259d\u0259 yaranm\u0131\u015f sanitar-epidemioloji v\u0259ziyy\u0259ti n\u0259z\u0259r\u0259 alaraq Az\u0259rbaycan Respublikas\u0131n\u0131n Nazirl\u0259r Kabineti yan\u0131nda Operativ Q\u0259rargah b\u0259zi \u015f\u0259h\u0259r v\u0259 rayonlarda s\u0259rtl\u0259\u015fdirilmi\u015f x\u00fcsusui karantin rejiminin m\u00fcdd\u0259tinin uzad\u0131lmas\u0131na dair q\u0259rar q\u0259bul edib.<\/p>\n<p>Buna uy\u011fun olaraq, Nazirl\u0259r Kabineti \u201cX\u00fcsusi karantin rejimi il\u0259 ba\u011fl\u0131 \u0259lav\u0259 t\u0259dbirl\u0259r bar\u0259d\u0259\u201d 336 n\u00f6mr\u0259li\u00a0Q\u0259rarda m\u00fcvafiq d\u0259yi\u015fiklik edib.<\/p>\n<p>D\u0259yi\u015fikliy\u0259 \u0259sas\u0259n, \u015e\u0259ki, L\u0259nk\u0259ran \u015f\u0259h\u0259rl\u0259rinin, Qax, Zaqatala, Bil\u0259suvar, C\u0259lilabad, Masall\u0131, \u0130smay\u0131ll\u0131, Quba, Xa\u00e7maz rayonlar\u0131n\u0131n inzibati \u0259razisind\u0259 Q\u0259rar\u0131n 2 n\u00f6mr\u0259li \u0259lav\u0259sind\u0259 n\u0259z\u0259rd\u0259 tutulan sah\u0259l\u0259r istisna olmaqla, dig\u0259r sah\u0259l\u0259rd\u0259 v\u0259 istiqam\u0259tl\u0259rd\u0259 f\u0259aliyy\u0259tin dayand\u0131r\u0131lmas\u0131n\u0131n m\u00fcdd\u0259ti 2020-ci il dekabr\u0131n 14-d\u0259 saat 06.00-d\u0259k uzad\u0131l\u0131r.<\/p>\n","protected":false},"excerpt":{"rendered":"<p>Nazirl\u0259r Kabinetind\u0259n &#8220;\u0130nfonews&#8220;&#8211; ya daxil olan m\u0259lumata \u0259sas\u0259n \u00f6lk\u0259d\u0259 yaranm\u0131\u015f sanitar-epidemioloji v\u0259ziyy\u0259ti n\u0259z\u0259r\u0259 alaraq Az\u0259rbaycan Respublikas\u0131n\u0131n Nazirl\u0259r Kabineti yan\u0131nda Operativ Q\u0259rargah b\u0259zi \u015f\u0259h\u0259r v\u0259 rayonlarda s\u0259rtl\u0259\u015fdirilmi\u015f x\u00fcsusui karantin rejiminin m\u00fcdd\u0259tinin&hellip; <\/p>\n","protected":false},"author":3,"featured_media":332,"comment_status":"open","ping_status":"open","sticky":false,"template":"","format":"standard","meta":{"_mi_skip_tracking":false,"_monsterinsights_sitenote_active":false,"_monsterinsights_sitenote_note":"","_monsterinsights_sitenote_category":0,"footnotes":""},"categories":[4,11],"tags":[69],"aioseo_notices":[],"_links":{"self":[{"href":"https:\/\/infonews.az\/index.php?rest_route=\/wp\/v2\/posts\/331"}],"collection":[{"href":"https:\/\/infonews.az\/index.php?rest_route=\/wp\/v2\/posts"}],"about":[{"href":"https:\/\/infonews.az\/index.php?rest_route=\/wp\/v2\/types\/post"}],"author":[{"embeddable":true,"href":"https:\/\/infonews.az\/index.php?rest_route=\/wp\/v2\/users\/3"}],"replies":[{"embeddable":true,"href":"https:\/\/infonews.az\/index.php?rest_route=%2Fwp%2Fv2%2Fcomments&post=331"}],"version-history":[{"count":1,"href":"https:\/\/infonews.az\/index.php?rest_route=\/wp\/v2\/posts\/331\/revisions"}],"predecessor-version":[{"id":333,"href":"https:\/\/infonews.az\/index.php?rest_route=\/wp\/v2\/posts\/331\/revisions\/333"}],"wp:featuredmedia":[{"embeddable":true,"href":"https:\/\/infonews.az\/index.php?rest_route=\/wp\/v2\/media\/332"}],"wp:attachment":[{"href":"https:\/\/infonews.az\/index.php?rest_route=%2Fwp%2Fv2%2Fmedia&parent=331"}],"wp:term":[{"taxonomy":"category","embeddable":true,"href":"https:\/\/infonews.az\/index.php?rest_route=%2Fwp%2Fv2%2Fcategories&post=331"},{"taxonomy":"post_tag","embeddable":true,"href":"https:\/\/infonews.az\/index.php?rest_route=%2Fwp%2Fv2%2Ftags&post=331"}],"curies":[{"name":"wp","href":"https:\/\/api.w.org\/{rel}","templated":true}]}}