{"id":33192,"date":"2023-03-23T22:21:29","date_gmt":"2023-03-23T18:21:29","guid":{"rendered":"https:\/\/infonews.az\/?p=33192"},"modified":"2023-03-24T21:35:03","modified_gmt":"2023-03-24T17:35:03","slug":"q%c9%99rbi-az%c9%99rbaycan-icmasi-pasinyan-az%c9%99rbaycanlilarin-geri-qayitma-huququna-x%c9%99l%c9%99l-yetirir","status":"publish","type":"post","link":"https:\/\/infonews.az\/?p=33192","title":{"rendered":"Q\u0259rbi Az\u0259rbaycan \u0130cmas\u0131: \u201cPa\u015finyan az\u0259rbaycanl\u0131lar\u0131n geri qay\u0131tma h\u00fcququna x\u0259l\u0259l yetirir\u201d"},"content":{"rendered":"<p><span style=\"color: #ffffff;\">Q\u0259rbi Az\u0259rbaycan \u0130cmas\u0131: \u201cPa\u015finyan az\u0259rbaycanl\u0131lar\u0131n geri qay\u0131tma h\u00fcququna x\u0259l\u0259l yetirir\u201d<\/span><\/p>\n<blockquote><p>\u201cErm\u0259nistan\u0131n Ba\u015f naziri Nikol Pa\u015finyan 23 mart 2023-c\u00fc il tarixind\u0259 b\u0259yanat ver\u0259r\u0259k, Erm\u0259nistandan qovulmu\u015f az\u0259rbaycanl\u0131lar\u0131n t\u0259hl\u00fck\u0259siz \u015f\u0259kild\u0259 v\u0259 l\u0259yaq\u0259tl\u0259 geri qay\u0131tma h\u00fcququna x\u0259l\u0259l yetirm\u0259y\u0259 \u00e7al\u0131\u015fm\u0131\u015fd\u0131r\u201d.<\/p><\/blockquote>\n<p><span style=\"color: #333399;\"><strong>\u201c<a style=\"color: #333399;\" href=\"https:\/\/infonews.az\">\u0130NFONEWS<\/a>\u201d<\/strong> <\/span>x\u0259b\u0259r verir ki, bu fikirl\u0259r Q\u0259rbi Az\u0259rbaycan \u0130cmas\u0131n\u0131n b\u0259yanat\u0131nda yer al\u0131b.<\/p>\n<p>\u201cErm\u0259nistan\u0131n h\u00f6kum\u0259t ba\u015f\u00e7\u0131s\u0131 Q\u0259rbi Az\u0259rbaycan m\u00f6vzusunu \u0259razi m\u0259s\u0259l\u0259si kimi t\u0259qdim etm\u0259y\u0259 \u00e7al\u0131\u015fm\u0131\u015fd\u0131r. Az\u0259rbaycanl\u0131lar\u0131n indiki Erm\u0259nistandan qovulana q\u0259d\u0259r orada kompakt ya\u015fam\u0131\u015f olmas\u0131 fakt\u0131n\u0131 qeyd etm\u0259kl\u0259 b\u0259rab\u0259r vur\u011fulamaq ist\u0259rdik ki, Q\u0259rbi Az\u0259rbaycan m\u00f6vzusu insan h\u00fcquqlar\u0131 m\u0259s\u0259l\u0259sidir v\u0259 bu m\u0259s\u0259l\u0259 Erm\u0259nistan h\u00f6kum\u0259tinin etnik t\u0259mizl\u0259m\u0259 siyas\u0259ti v\u0259 bu siyas\u0259tin n\u0259tic\u0259l\u0259rini aradan qald\u0131rmaqdan imtina etm\u0259si n\u0259tic\u0259sind\u0259 g\u00fcnd\u0259liy\u0259 g\u0259lib.<\/p>\n<p>Bir daha vur\u011fulay\u0131r\u0131q ki, biz Erm\u0259nistan adlanan \u0259razinin qanuni sakinl\u0259riyik v\u0259 evl\u0259rimiz\u0259 geri qay\u0131tmaq bizim m\u00fctl\u0259q v\u0259 \u0259z\u0259li h\u00fcququmuzdur.<\/p>\n<p>Erm\u0259nistan\u0131n Ba\u015f naziri ba\u015fqa \u00f6lk\u0259l\u0259rd\u0259 etnik azl\u0131qlar\u0131n v\u0259ziyy\u0259ti il\u0259 ba\u011fl\u0131 iftira atmaq \u0259v\u0259zin\u0259, Erm\u0259nistandan qovulmu\u015f az\u0259rbaycanl\u0131 sakinl\u0259rin geri qay\u0131tmas\u0131na qeyd-\u015f\u0259rtsiz \u015f\u0259rait yaratmal\u0131, orada az\u0259rbaycanl\u0131lar\u0131n ya\u015fam\u0131\u015f oldu\u011fu m\u0259nt\u0259q\u0259l\u0259rd\u0259 h\u0259yata ke\u00e7irdiyi qeyri-qanuni m\u0259skunla\u015fma siyas\u0259tin\u0259 v\u0259 Az\u0259rbaycan m\u0259d\u0259ni irsin da\u011f\u0131d\u0131lmas\u0131na son verm\u0259lidir.<\/p>\n<p>Erm\u0259nistandan qovulmu\u015f az\u0259rbaycanl\u0131lar\u0131n geri qay\u0131tmas\u0131 az\u0259rbaycanl\u0131lar\u0131n verifikasiya v\u0259 z\u0259man\u0259t mexanizml\u0259ri v\u0259 h\u00fcquqi bax\u0131mdan m\u0259cburi olan beyn\u0259lxalq raz\u0131la\u015fma \u00e7\u0259r\u00e7iv\u0259sind\u0259 h\u0259ll edilm\u0259lidir. Erm\u0259nistandan qovulmu\u015f az\u0259rbaycanl\u0131lar \u00f6z evl\u0259rin\u0259 qay\u0131tmas\u0131 v\u0259 onlar\u0131n orada f\u0259rdi v\u0259 kollektiv h\u00fcquqlar\u0131 t\u0259min edilm\u0259si regionda davaml\u0131 s\u00fclh\u00fcn z\u0259ruri \u015f\u0259rtidir\u201d, &#8211; b\u0259yanatda qeyd olunub.<\/p>\n","protected":false},"excerpt":{"rendered":"<p>Q\u0259rbi Az\u0259rbaycan \u0130cmas\u0131: \u201cPa\u015finyan az\u0259rbaycanl\u0131lar\u0131n geri qay\u0131tma h\u00fcququna x\u0259l\u0259l yetirir\u201d \u201cErm\u0259nistan\u0131n Ba\u015f naziri Nikol Pa\u015finyan 23 mart 2023-c\u00fc il tarixind\u0259 b\u0259yanat ver\u0259r\u0259k, Erm\u0259nistandan qovulmu\u015f az\u0259rbaycanl\u0131lar\u0131n t\u0259hl\u00fck\u0259siz \u015f\u0259kild\u0259 v\u0259 l\u0259yaq\u0259tl\u0259 geri&hellip; <\/p>\n","protected":false},"author":16,"featured_media":33193,"comment_status":"open","ping_status":"open","sticky":false,"template":"","format":"standard","meta":{"_mi_skip_tracking":false,"_monsterinsights_sitenote_active":false,"_monsterinsights_sitenote_note":"","_monsterinsights_sitenote_category":0,"footnotes":""},"categories":[6,11],"tags":[9841],"aioseo_notices":[],"_links":{"self":[{"href":"https:\/\/infonews.az\/index.php?rest_route=\/wp\/v2\/posts\/33192"}],"collection":[{"href":"https:\/\/infonews.az\/index.php?rest_route=\/wp\/v2\/posts"}],"about":[{"href":"https:\/\/infonews.az\/index.php?rest_route=\/wp\/v2\/types\/post"}],"author":[{"embeddable":true,"href":"https:\/\/infonews.az\/index.php?rest_route=\/wp\/v2\/users\/16"}],"replies":[{"embeddable":true,"href":"https:\/\/infonews.az\/index.php?rest_route=%2Fwp%2Fv2%2Fcomments&post=33192"}],"version-history":[{"count":3,"href":"https:\/\/infonews.az\/index.php?rest_route=\/wp\/v2\/posts\/33192\/revisions"}],"predecessor-version":[{"id":33196,"href":"https:\/\/infonews.az\/index.php?rest_route=\/wp\/v2\/posts\/33192\/revisions\/33196"}],"wp:featuredmedia":[{"embeddable":true,"href":"https:\/\/infonews.az\/index.php?rest_route=\/wp\/v2\/media\/33193"}],"wp:attachment":[{"href":"https:\/\/infonews.az\/index.php?rest_route=%2Fwp%2Fv2%2Fmedia&parent=33192"}],"wp:term":[{"taxonomy":"category","embeddable":true,"href":"https:\/\/infonews.az\/index.php?rest_route=%2Fwp%2Fv2%2Fcategories&post=33192"},{"taxonomy":"post_tag","embeddable":true,"href":"https:\/\/infonews.az\/index.php?rest_route=%2Fwp%2Fv2%2Ftags&post=33192"}],"curies":[{"name":"wp","href":"https:\/\/api.w.org\/{rel}","templated":true}]}}