{"id":33229,"date":"2023-03-25T22:56:37","date_gmt":"2023-03-25T18:56:37","guid":{"rendered":"https:\/\/infonews.az\/?p=33229"},"modified":"2023-03-25T22:56:37","modified_gmt":"2023-03-25T18:56:37","slug":"ilham-%c9%99liyev-az%c9%99rbaycan-%c9%99razil%c9%99rin%c9%99-erm%c9%99nistandan-silah-sursat-dasinmasinin-davam-etdiyini-bildirib","status":"publish","type":"post","link":"https:\/\/infonews.az\/?p=33229","title":{"rendered":"\u0130lham \u018fliyev Az\u0259rbaycan \u0259razil\u0259rin\u0259 Erm\u0259nistandan silah-sursat da\u015f\u0131nmas\u0131n\u0131n davam etdiyini bildirib"},"content":{"rendered":"<p><span style=\"color: #ffffff\">\u0130lham \u018fliyev Az\u0259rbaycan \u0259razil\u0259rin\u0259 Erm\u0259nistandan silah-sursat da\u015f\u0131nmas\u0131n\u0131n davam etdiyini bildirib<\/span><\/p>\n<blockquote><p><strong>Az\u0259rbaycan Respublikas\u0131n\u0131n Prezidenti \u0130lham \u018fliyev mart\u0131n 25-d\u0259 Avropa \u0130ttifaq\u0131 \u015euras\u0131n\u0131n Prezidenti \u015earl Mi\u015fell\u0259 Rusiya s\u00fclhm\u0259raml\u0131 q\u00fcvv\u0259l\u0259rinin m\u00fcv\u0259qq\u0259ti yerl\u0259\u015fdirildiyi Az\u0259rbaycan \u0259razil\u0259rin\u0259 Erm\u0259nistan t\u0259r\u0259find\u0259n silah-sursat v\u0259 \u015f\u0259xsi hey\u0259tin da\u015f\u0131nmas\u0131 prosesinin h\u0259l\u0259 d\u0259 h\u0259yata ke\u00e7irildiyini bildirib.<\/strong><\/p><\/blockquote>\n<p><strong><a href=\"http:\/\/\u0130NFONEWS\">\u0130NFONEWS<\/a><\/strong>\u00a0x\u0259b\u0259r verir ki, bu bar\u0259d\u0259 Az\u0259rbaycan Prezidentinin M\u0259tbuat Xidm\u0259ti m\u0259lumat yay\u0131b.<\/p>\n<p>Qeyd olunub ki, Az\u0259rbaycan Prezidenti Erm\u0259nistan r\u0259hb\u0259rliyinin t\u0259hl\u00fck\u0259li v\u0259 eskalasiyaya y\u00f6n\u0259lmi\u015f r\u0259smi a\u00e7\u0131qlamalar\u0131na diqq\u0259t \u00e7\u0259kib.<\/p>\n<p>D\u00f6vl\u0259timizin ba\u015f\u00e7\u0131s\u0131 qeyd edib ki, 2023-c\u00fc il mart\u0131n 20-d\u0259 Avropa \u0130ttifaq\u0131 missiyas\u0131n\u0131n yerl\u0259\u015fdiyi Erm\u0259nistan-Az\u0259rbaycan d\u00f6vl\u0259t s\u0259rh\u0259di istiqam\u0259tind\u0259 Erm\u0259nistan\u0131n n\u00f6vb\u0259ti t\u0259xribat\u0131 zaman\u0131 D\u00f6vl\u0259t S\u0259rh\u0259d Xidm\u0259tinin h\u0259rbi qulluq\u00e7usu yaralan\u0131b v\u0259 mart\u0131n 5-d\u0259 Az\u0259rbaycan\u0131n Qaraba\u011f b\u00f6lg\u0259sind\u0259 qeyri-qanuni erm\u0259ni h\u0259rbi birl\u0259\u015fm\u0259l\u0259rinin t\u00f6r\u0259tdikl\u0259ri t\u0259xribat zaman\u0131 2 h\u0259rbi qulluq\u00e7umuz \u015f\u0259hid olub.<\/p>\n<p>&nbsp;<\/p>\n<p><strong>\u018fziz\u0259 \u018flizad\u0259<\/strong><\/p>\n<p><strong>\u00a9 Materiallardan istifad\u0259 ed\u0259rk\u0259n hiperlinkl\u0259 istinad olunmal\u0131d\u0131r<\/strong><\/p>\n<p><strong><a href=\"http:\/\/\u0130NFONEWS\">\u0130NFONEWS<\/a><\/strong><\/p>\n<p>&nbsp;<\/p>\n","protected":false},"excerpt":{"rendered":"<p>\u0130lham \u018fliyev Az\u0259rbaycan \u0259razil\u0259rin\u0259 Erm\u0259nistandan silah-sursat da\u015f\u0131nmas\u0131n\u0131n davam etdiyini bildirib Az\u0259rbaycan Respublikas\u0131n\u0131n Prezidenti \u0130lham \u018fliyev mart\u0131n 25-d\u0259 Avropa \u0130ttifaq\u0131 \u015euras\u0131n\u0131n Prezidenti \u015earl Mi\u015fell\u0259 Rusiya s\u00fclhm\u0259raml\u0131 q\u00fcvv\u0259l\u0259rinin m\u00fcv\u0259qq\u0259ti yerl\u0259\u015fdirildiyi Az\u0259rbaycan \u0259razil\u0259rin\u0259&hellip; <\/p>\n","protected":false},"author":14,"featured_media":33230,"comment_status":"open","ping_status":"open","sticky":false,"template":"","format":"standard","meta":{"_mi_skip_tracking":false,"_monsterinsights_sitenote_active":false,"_monsterinsights_sitenote_note":"","_monsterinsights_sitenote_category":0,"footnotes":""},"categories":[330,4632,11],"tags":[9988,7297,407,7854,1129,70,6269,20,15,33,8123],"aioseo_notices":[],"_links":{"self":[{"href":"https:\/\/infonews.az\/index.php?rest_route=\/wp\/v2\/posts\/33229"}],"collection":[{"href":"https:\/\/infonews.az\/index.php?rest_route=\/wp\/v2\/posts"}],"about":[{"href":"https:\/\/infonews.az\/index.php?rest_route=\/wp\/v2\/types\/post"}],"author":[{"embeddable":true,"href":"https:\/\/infonews.az\/index.php?rest_route=\/wp\/v2\/users\/14"}],"replies":[{"embeddable":true,"href":"https:\/\/infonews.az\/index.php?rest_route=%2Fwp%2Fv2%2Fcomments&post=33229"}],"version-history":[{"count":1,"href":"https:\/\/infonews.az\/index.php?rest_route=\/wp\/v2\/posts\/33229\/revisions"}],"predecessor-version":[{"id":33231,"href":"https:\/\/infonews.az\/index.php?rest_route=\/wp\/v2\/posts\/33229\/revisions\/33231"}],"wp:featuredmedia":[{"embeddable":true,"href":"https:\/\/infonews.az\/index.php?rest_route=\/wp\/v2\/media\/33230"}],"wp:attachment":[{"href":"https:\/\/infonews.az\/index.php?rest_route=%2Fwp%2Fv2%2Fmedia&parent=33229"}],"wp:term":[{"taxonomy":"category","embeddable":true,"href":"https:\/\/infonews.az\/index.php?rest_route=%2Fwp%2Fv2%2Fcategories&post=33229"},{"taxonomy":"post_tag","embeddable":true,"href":"https:\/\/infonews.az\/index.php?rest_route=%2Fwp%2Fv2%2Ftags&post=33229"}],"curies":[{"name":"wp","href":"https:\/\/api.w.org\/{rel}","templated":true}]}}